{"id":9466,"date":"2015-05-10T11:36:34","date_gmt":"2015-05-10T09:36:34","guid":{"rendered":"http:\/\/vivesur.com\/wpblog\/?p=9466"},"modified":"2015-05-10T11:36:34","modified_gmt":"2015-05-10T09:36:34","slug":"pensamiento-del-domingo-10-de-mayo-de-2015","status":"publish","type":"post","link":"https:\/\/www.vivesur.com\/wpblog\/pensamiento-del-domingo-10-de-mayo-de-2015\/","title":{"rendered":"Pensamiento del domingo 10 de mayo de 2015"},"content":{"rendered":"<p>UCDM &#8211; Lecci\u00f3n 130<br \/>\nEs imposible ver dos mundos.<br \/>\n<span style=\"font-size: 12pt;\"><img loading=\"lazy\" src=\"http:\/\/vivesur.com\/wpblog\/wp-content\/uploads\/2015\/05\/wpid-ROOT-ONEC-2015-05-10-11-36.jpg\" alt=\"wpid-ROOT-ONEC-2015-05-10-11-36.jpg\" width=\"620\" height=\"620\" \/><\/span><br \/>\nLa percepci\u00f3n es congruente. Lo que ves refleja lo que piensas. Y lo que piensas no es sino un reflejo de lo que quieres ver. Tus valores determinan esto, pues no puedes sino desear ver aquello que valoras, al creer que lo que ves existe realmente. Nadie puede ver un mundo al que su mente no le haya conferido valor. Y nadie puede dejar de ver lo que cree desear.<\/p>\n<p>Sin embargo, \u00bfqui\u00e9n puede odiar y al mismo tiempo amar? \u00bfQui\u00e9n puede anhelar aquello que \u00e9l no desea que sea real? \u00bfQui\u00e9n puede elegir ver un mundo del que tiene miedo? El miedo no puede sino cegar, pues \u00e9sta es su arma: que no puedes ver aquello que temes ver. El amor y la percepci\u00f3n, por lo tanto, van de la mano, pero el miedo oculta en las tinieblas lo que se encuentra ah\u00ed.<\/p>\n<p>\u00bfQu\u00e9 puede, entonces, proyectar el miedo sobre el mundo? \u00bfQu\u00e9 puede verse en las tinieblas que sea real? La verdad se ve eclipsada por el miedo, y el resto es todo imaginado. Mas \u00bfqu\u00e9 puede ser real en las ciegas imaginaciones nacidas del p\u00e1nico? \u00bfQu\u00e9 es lo que quieres para que sea esto lo que se te muestra? \u00bfQu\u00e9 ibas a querer conservar de un sue\u00f1o as\u00ed?<\/p>\n<p>El miedo ha dado lugar a todo lo que crees ver, a toda separaci\u00f3n, a todas las distinciones y a la multitud de diferencias que crees que configuran el mundo. Ninguna de estas cosas existe. El enemigo del amor las invent\u00f3. Mas el amor no puede tener enemigos, de modo que no tienen fundamento, existencia o consecuencia alguna. Se les puede atribuir valor, pero siguen siendo irreales. Se puede ir en pos de ellas, mas no se pueden hallar. Hoy no iremos en su busca ni desperdiciaremos el d\u00eda buscando lo que no se puede hallar.<\/p>\n<p>Es imposible ver dos mundos que no tienen nada en com\u00fan. Si vas en pos de uno, el otro desaparece. S\u00f3lo uno de ellos puede permanecer. Ambos constituyen la gama de alternativas que tienes ante ti, m\u00e1s all\u00e1 de la cual no hay nada que puedas elegir Lo real y lo irreal son las \u00fanicas alternativas entre las que puedes elegir. No hay ninguna otra.<\/p>\n<p>Hoy intentaremos no transigir all\u00ed donde es imposible hacerlo. El mundo que ves es la prueba de que ya has elegido algo que es tan completamente abarcador como lo es su opuesto. Lo que deseamos aprender hoy es algo m\u00e1s que la simple lecci\u00f3n de que no puedes ver dos mundos. Esta lecci\u00f3n ense\u00f1a tambi\u00e9n que el mundo que ves es completamente congruente desde el punto de vista desde el que lo contemplas. Es un s\u00f3lo bloque porque procede de una sola emoci\u00f3n, y su origen se ve reflejado en todo lo que ves.<\/p>\n<p>En seis ocasiones hoy, llenos de gratitud, dedicaremos gustosamente cinco minutos al pensamiento que pone fin a toda transigencia y a toda duda, y las transcenderemos todas como si de una sola se tratase. No haremos miles de distinciones sin sentido, ni intentaremos conservar una peque\u00f1a porci\u00f3n de la irrealidad cuando consagremos nuestras mentes a hallar s\u00f3lo lo que es real.<\/p>\n<p>Comienza tu b\u00fasqueda del otro mundo pidiendo que se te conceda una fortaleza superior a la tuya, y reconociendo qu\u00e9 es lo que persigues. No deseas m\u00e1s ilusiones. Y te preparas para esos cinco minutos vaciando tus manos de todos los vanos tesoros de este mundo. Esperas la ayuda de Dios, seg\u00fan dices:<\/p>\n<p>Es imposible ver dos mundos.<\/p>\n<p>Perm\u00edtaseme aceptar la fortaleza que Dios me ofrece y no ver valor alguno en este mundo, para as\u00ed poder hallar mi libertad y mi salvaci\u00f3n.<\/p>\n<p>Dios estar\u00e1 all\u00ed pues habr\u00e1s invocado el formidable e infalible Poder que, lleno de gratitud, dar\u00e1 este gigantesco paso contigo. No dejar\u00e1s de advertir Su agradecimiento expresado en una percepci\u00f3n tangible y verdadera. No dudar\u00e1s de lo que contemples, pues aunque se trate de una percepci\u00f3n, no se trata de una de la que tus ojos por s\u00ed solos hayan visto jam\u00e1s. Y sabr\u00e1s que la fortaleza de Dios te respald\u00f3 cuando tomaste esta decisi\u00f3n.<\/p>\n<p>Rechaza hoy de inmediato cualquier tentaci\u00f3n que se presente, recordando simplemente la gama de tus alternativas, Pues lo que ves, y lo \u00fanico que ves, es lo irreal o lo real, lo falso o lo verdadero. La percepci\u00f3n es congruente con tu elecci\u00f3n, y seg\u00fan elijas, experimentar\u00e1s el Cielo o el infierno.<\/p>\n<p>Acepta una peque\u00f1a parte del infierno como real, y habr\u00e1s condenado tus ojos y maldecido tu vista, y lo que contemples ser\u00e1 ciertamente el infierno. No obstante, la liberaci\u00f3n que te ofrece el Cielo sigue estando a tu alcance como una de las alternativas que puedes elegir para que ocupe el lugar de todo lo que el infierno quiere mostrarte. Lo \u00fanico que necesitas decirle a cualquier parte del infierno, sea cual sea la forma que adopte, es esto:<\/p>\n<p>Es imposible ver dos mundos.<\/p>\n<p>Lo \u00fanico que deseo es mi libertad y mi salvaci\u00f3n, y esto no forma parte de lo que quiero.<\/p>\n<p>?*\u00b4\u00a8) ? H ? \u2018 ? P ? N ? P ? N ?  ?<br \/>\n \u00b8.\u2022\u00b4 \u00b8.\u2022\u00b4\u00b4\u00a8)\u00b8.\u2022*\u00a8)\u00b8.\u2022?\u00a8)\u00b8.\u2022*\u00a8)\u00b8.\u2022?\u00a8)\u00b8.\u2022*\u00a8)\u00b8.\u2022?\u00a8)\u00b8.\u2022*\u00a8)<br \/>\n(\u00b8.\u2022\u00b4      LUZ ?  P-H-A-Z ? A L O H A  (\u00b8.\u2022`?<\/p>\n<p>N S 1. 27. 11. 9. Seli. Obsidiana. Mantra: HRAM. Ra\u00edz. UPC KIN 208 (domingo 10-5-2015)<\/p>\n<p>TIERRA ESPECTRAL ROJA \u2013 Kin 37<\/p>\n<p>TIERRA: Acci\u00f3n: EVOLUCIONAR. Poder: NAVEGACI\u00d3N. Esencia: SINCRONICIDAD.<\/p>\n<p>ESPECTRAL: Acci\u00f3n: DIVULGAR. Poder: DISOLVER. Esencia: LIBERACI\u00d3N.<\/p>\n<p>La C\u00e1mara Espectral, liberaci\u00f3n del servicio. La acci\u00f3n disuelve el servicio.<\/p>\n<p>D\u00eda 269 de 812. Hoy es el d\u00eda Tierra espectral el indicado para hacer un repaso a los movimientos de energ\u00eda realizados para conectar con el sello Mano. Aquello que sirve se comunica a otros, y lo dem\u00e1s se disuelve y olvida. Es la forma en la que evolucionamos los humanos en la Tierra. Como hemos comentado en varias ocasiones, los hechos que suceden, todos sin excepci\u00f3n, tienen una finalidad que en muchas ocasiones no solo se nos escapa, sino que no comprenderemos y nos atrevemos a criticar a quien permite que estos sucesos se manifiesten. \u00bfDe verdad conocemos la evoluci\u00f3n espiritual? \u00bfLos cuerpos est\u00e1n al servicio del esp\u00edritu o al contrario? \u00bfLa Tierra es nuestro hogar para cuidarlo? \u00bfRespetamos a las entidades que viven en ella, para ella y por ella? \u00bfQui\u00e9n cuida de la naturaleza? \u00bfY c\u00f3mo saben los animales qu\u00e9 hacer con sus cr\u00edas? Cada especie forma parte de su propio entero y en los genes ya tienen toda la informaci\u00f3n. Los humanos no somos as\u00ed, es necesario que nos ense\u00f1en las normas de subsistencia y sociales; a hablar y a utilizar la inteligencia y sabidur\u00eda.<\/p>\n<p>CON LA MANOS CULTIVAMOS LA TIERRA, UTILIZAMOS LOS CRISTALES, COCINAMOS LOS ALIMENTOS QUE PREVIAMENTE HEMOS PREPARADO, CREAMOS ARTE\u2026 ES IMPORTANTE SU UTILIZACI\u00d3N. LA TIERRA, NUESTRO HOGAR, SE OFRECE TODA ELLA PARA LA VIDA DE LAS ESPECIES QUE LA HABITAMOS. NADA PIDE A CAMBIO. ADEM\u00c1S, ES UNA BUENA MADRE QUE SABE CUIDARNOS. SE REGENERA A SI MISMA CUANDO SE SIENTE DA\u00d1ADA O ALTERADA POR LOS HUMANOS.<\/p>\n<p>?*\u00b4\u00a8) ? H ? \u2018 ? P ? N ? P ? N ?  ?<br \/>\n \u00b8.\u2022\u00b4 \u00b8.\u2022\u00b4\u00b4\u00a8)\u00b8.\u2022*\u00a8)\u00b8.\u2022?\u00a8)\u00b8.\u2022*\u00a8)\u00b8.\u2022?\u00a8)\u00b8.\u2022*\u00a8)\u00b8.\u2022?\u00a8)\u00b8.\u2022*\u00a8)<br \/>\n(\u00b8.\u2022\u00b4      LUZ ?  P-H-A-Z ? A L O H A  (\u00b8.\u2022`?<\/p>\n<p>Pensamiento del domingo 10 de mayo de 2015<br \/>\n&#160;&#160;&#160;&#160;&#160;&#160;&#160;&#160;<br \/>\n&#8220;\u00bfPor qu\u00e9 las piedras preciosas son tan buscadas, tan apreciadas? Porque dejan pasar la luz&#8230; La inteligencia de la tierra ha trabajado tan magn\u00edficamente sobre ciertos minerales, los ha purificado tan bien, los ha afinado tanto que \u00e9stos se han vuelto transparentes. \u00bfAcaso no es esto una invitaci\u00f3n para que busquemos en las piedras preciosas una fuente de inspiraci\u00f3n para nuestro propio trabajo, el trabajo espiritual?<br \/>\nLas piedras preciosas ejercen un gran atractivo sobre la mayor\u00eda de los humanos. No hay en ello nada reprensible, siempre que sepan c\u00f3mo considerarlas, porque, si no, ya lo hemos visto, el deseo de poseerlas puede llevarles hasta el crimen. \u00bfY c\u00f3mo considerarlas? Como un v\u00ednculo con el mundo del alma y del esp\u00edritu. Si aprend\u00e9is a concentraros en las piedras preciosas, en su pureza, en su capacidad para dejar pasar la luz a trav\u00e9s de ellas, en sus colores, poco a poco sus virtudes entrar\u00e1n en vosotros y todo vuestro ser se ver\u00e1 iluminado por mil destellos. As\u00ed pues, amad las piedras preciosas, no para utilizarlas como adornos, sino para alimentaros con sus quintaesencias.&#8221;<\/p>\n<p>Omraam Mikha\u00ebl A\u00efvanhov<\/p>\n<p>?*\u00b4\u00a8) ? H ? \u2018 ? P ? N ? P ? N ?  ?<br \/>\n \u00b8.\u2022\u00b4 \u00b8.\u2022\u00b4\u00b4\u00a8)\u00b8.\u2022*\u00a8)\u00b8.\u2022?\u00a8)\u00b8.\u2022*\u00a8)\u00b8.\u2022?\u00a8)\u00b8.\u2022*\u00a8)\u00b8.\u2022?\u00a8)\u00b8.\u2022*\u00a8)<br \/>\n(\u00b8.\u2022\u00b4      LUZ ?  P-H-A-Z ? A L O H A  (\u00b8.\u2022`?<\/p>\n<p>Daily Law of Attraction Quotation<\/p>\n<p>As you begin to state what you do want, rather than clamoring about what you don&#8217;t want, you come into your own power. When you come into your own power, you feel better. And when you feel better \u2014 those who love you also feel better.<\/p>\n<p>&#8212; Abraham<\/p>\n<p>Excerpted from San Antonio, TX &#8211; May 29th, 1999<\/p>\n<p>?*\u00b4\u00a8) ? H ? \u2018 ? P ? N ? P ? N ?  ?<br \/>\n \u00b8.\u2022\u00b4 \u00b8.\u2022\u00b4\u00b4\u00a8)\u00b8.\u2022*\u00a8)\u00b8.\u2022?\u00a8)\u00b8.\u2022*\u00a8)\u00b8.\u2022?\u00a8)\u00b8.\u2022*\u00a8)\u00b8.\u2022?\u00a8)\u00b8.\u2022*\u00a8)<br \/>\n(\u00b8.\u2022\u00b4      LUZ ?  P-H-A-Z ? A L O H A  (\u00b8.\u2022`?<\/p>\n<p>?*\u00b4\u00a8) ? H ? \u2018 ? P ? N ? P ? N ?  ?<br \/>\n \u00b8.\u2022\u00b4 \u00b8.\u2022\u00b4\u00b4\u00a8)\u00b8.\u2022*\u00a8)\u00b8.\u2022?\u00a8)\u00b8.\u2022*\u00a8)\u00b8.\u2022?\u00a8)\u00b8.\u2022*\u00a8)\u00b8.\u2022?\u00a8)\u00b8.\u2022*\u00a8)<br \/>\n(\u00b8.\u2022\u00b4      LUZ ?  P-H-A-Z ? A L O H A  (\u00b8.\u2022`?<\/p>\n","protected":false},"excerpt":{"rendered":"<p>UCDM &#8211; Lecci\u00f3n 130 Es imposible ver dos mundos. La percepci\u00f3n es congruente. Lo que ves refleja lo que piensas. Y lo que piensas no es sino un reflejo de&hellip; <a href=\"https:\/\/www.vivesur.com\/wpblog\/pensamiento-del-domingo-10-de-mayo-de-2015\/\" class=\"apace-readmore-link\">Read more<\/a><\/p>\n","protected":false},"author":1,"featured_media":0,"comment_status":"open","ping_status":"open","sticky":false,"template":"","format":"standard","meta":[],"categories":[1,8],"tags":[],"_links":{"self":[{"href":"https:\/\/www.vivesur.com\/wpblog\/wp-json\/wp\/v2\/posts\/9466"}],"collection":[{"href":"https:\/\/www.vivesur.com\/wpblog\/wp-json\/wp\/v2\/posts"}],"about":[{"href":"https:\/\/www.vivesur.com\/wpblog\/wp-json\/wp\/v2\/types\/post"}],"author":[{"embeddable":true,"href":"https:\/\/www.vivesur.com\/wpblog\/wp-json\/wp\/v2\/users\/1"}],"replies":[{"embeddable":true,"href":"https:\/\/www.vivesur.com\/wpblog\/wp-json\/wp\/v2\/comments?post=9466"}],"version-history":[{"count":0,"href":"https:\/\/www.vivesur.com\/wpblog\/wp-json\/wp\/v2\/posts\/9466\/revisions"}],"wp:attachment":[{"href":"https:\/\/www.vivesur.com\/wpblog\/wp-json\/wp\/v2\/media?parent=9466"}],"wp:term":[{"taxonomy":"category","embeddable":true,"href":"https:\/\/www.vivesur.com\/wpblog\/wp-json\/wp\/v2\/categories?post=9466"},{"taxonomy":"post_tag","embeddable":true,"href":"https:\/\/www.vivesur.com\/wpblog\/wp-json\/wp\/v2\/tags?post=9466"}],"curies":[{"name":"wp","href":"https:\/\/api.w.org\/{rel}","templated":true}]}}