{"id":9439,"date":"2015-04-02T10:13:54","date_gmt":"2015-04-02T08:13:54","guid":{"rendered":"http:\/\/vivesur.com\/wpblog\/?p=9439"},"modified":"2015-04-02T10:13:54","modified_gmt":"2015-04-02T08:13:54","slug":"pensamiento-del-jueves-2-de-abril-de-2015","status":"publish","type":"post","link":"https:\/\/www.vivesur.com\/wpblog\/pensamiento-del-jueves-2-de-abril-de-2015\/","title":{"rendered":"Pensamiento del jueves 2 de abril de 2015"},"content":{"rendered":"<p>Daily Law of Attraction Quotation<\/p>\n<p>If you will let your dominant intention be to revise and improve the content of the story you tell every day of your life, it is our absolute promise to you that your life will become that ever-improving story. For by the powerful Law of Attraction\u2014the essence of that which is like unto itself is drawn\u2014it must be!<\/p>\n<p>&#8212; Abraham<br \/>\nExcerpted from the book &#8220;Money and the Law of Attraction: Learning to Attract Health, Wealth &#038; Happiness&#8221;<\/p>\n<p>?*\u00b4\u00a8) ? H ? \u2018 ? P ? N ? P ? N ?  ?<br \/>\n \u00b8.\u2022\u00b4 \u00b8.\u2022\u00b4\u00b4\u00a8)\u00b8.\u2022*\u00a8)\u00b8.\u2022?\u00a8)\u00b8.\u2022*\u00a8)\u00b8.\u2022?\u00a8)\u00b8.\u2022*\u00a8)\u00b8.\u2022?\u00a8)\u00b8.\u2022*\u00a8)<br \/>\n(\u00b8.\u2022\u00b4      LUZ ?  P-H-A-Z ? A L O H A  (\u00b8.\u2022`?<\/p>\n<p>N S 1. 27. 9. 27. Limi. Jade. Mantra: HRAIM. Plexo Solar. UPC Kin 155 PAG (jueves 2-4-2015)<\/p>\n<p>TORMENTA CRISTAL AZUL \u2013 Kin 259<\/p>\n<p>TORMENTA: Acci\u00f3n: CATALIZAR. Poder: AUTOGENERACI\u00d3N. Esencia: ENERG\u00cdA.<\/p>\n<p>CRISTAL: Acci\u00f3n: UNIVERSALIZAR. Poder: DEDICARSE. Esencia: COOPERACI\u00d3N.<\/p>\n<p>La C\u00e1mara Cristal, cooperaci\u00f3n de la forma. La mesa redonda se re\u00fane, la acci\u00f3n del pasado se formaliza, la acci\u00f3n futura se prepara.<\/p>\n<p>D\u00eda 231 de 812. Con la Tormenta repasamos todo los d\u00edas de los pasados 260 que fueron acompa\u00f1ados de los sellos de la Familia Portal: Semilla, Luna, Mago y Tormenta. Hoy es la \u00faltima reuni\u00f3n cristal de los Magos de la Tierra de este giro gal\u00e1ctico. La Mesa de Arcturus coordinada por la Familia Portal har\u00e1 un repaso a los 260 d\u00edas previos adem\u00e1s de los 12 de la Onda Encantada de la Estrella amarilla. Por supuesto se preparar\u00e1 la siguiente onda del Drag\u00f3n as\u00ed como el Tzolkin nuevo que dar\u00e1 comienzo con el Drag\u00f3n 1. A veces tememos a las Tormentas pues nos sacan del centro. Para realizar cambios es preciso autogenerar la energ\u00eda, movernos desde otras perspectivas, dialogar con personas diferentes, permitirnos abandonar la situaci\u00f3n c\u00f3moda en donde nos hab\u00edamos colocado para no sentirnos heridos. Pero la vida es un ir y venir de acontecimientos y de ellos aprendemos. Al relacionarnos con los dem\u00e1s cooperamos para darnos cuenta de donde nos encontramos, si somos ego\u00edstas o de amplitud de consciencia.<\/p>\n<p>TODO ES MOVIMIENTO DE ENERGIA, CUALQUIER PENSAMIENTO, PALABRA U OBRA LLEGA CON UNA CARGA EMOCIONAL. ES LO QUE EMITIMOS AL ENTORNO CUANDO LO VIVIMOS. SI HAY ARMONIA Y PAZ, ESO EMITIMOS, PERO SI HAY DUDA, TRISTEZA, RABIA O MIEDO, ESA ES LA EMOCI\u00d3N QUE ENVIAREMOS AL ENTORNO CERCANO E INCLUSO LEJANO. PARA PODER LLEVAR A BUEN FIN LOS OBJETIVOS, APARTE DE DESEARLO HAY QUE AFIANZARLO CON LA MENTE POSITIVA Y LA CONFIRMACI\u00d3N DE QUE LO DESEADO YA LO HEMOS OBTENIDO. \u00a1LAS NEURONAS CONOCEN ESTOS NUEVOS MANEJOS Y COMIENZAN SUS CAMBIOS!<\/p>\n<p>YA HEMOS HECHO LA TRANSFORMACI\u00d3N PLANETARIA DE LA ACCI\u00d3N<\/p>\n<p>?*\u00b4\u00a8) ? H ? \u2018 ? P ? N ? P ? N ?  ?<br \/>\n \u00b8.\u2022\u00b4 \u00b8.\u2022\u00b4\u00b4\u00a8)\u00b8.\u2022*\u00a8)\u00b8.\u2022?\u00a8)\u00b8.\u2022*\u00a8)\u00b8.\u2022?\u00a8)\u00b8.\u2022*\u00a8)\u00b8.\u2022?\u00a8)\u00b8.\u2022*\u00a8)<br \/>\n(\u00b8.\u2022\u00b4      LUZ ?  P-H-A-Z ? A L O H A  (\u00b8.\u2022`?<\/p>\n<p>Pensamiento del jueves 2 de abril de 2015<br \/>\n&#160;&#160;&#160;&#160;&#160;&#160;&#160;&#160;<br \/>\n&#8220;En el transcurso de la \u00faltima cena que tom\u00f3 con sus disc\u00edpulos, Jes\u00fas se levant\u00f3 de la mesa para lavarles los pies. Pedro empez\u00f3 a protestar: \u00bfc\u00f3mo pod\u00eda \u00e9l dejarse lavar los pies por su Maestro? Ante la insistencia de Jes\u00fas, acept\u00f3 y pidi\u00f3 incluso que le lavase las manos y la cabeza. Pero Jes\u00fas respondi\u00f3: \u00abEl que est\u00e1 lavado, no necesita sino lavarse los pies para estar enteramente puro.\u00bb<br \/>\nComo los pies son la parte del cuerpo que est\u00e1 m\u00e1s en contacto con la tierra, representan el plano f\u00edsico. Y el plano f\u00edsico siempre est\u00e1 m\u00e1s o menos en relaci\u00f3n con el mundo subterr\u00e1neo, los infiernos. Los pies simbolizan pues el lugar por d\u00f3nde el ser humano se encuentra m\u00e1s expuesto a los ataques del mal. Encontramos esta idea en la Il\u00edada de Homero en la historia de Aquiles: su madre Thetis, le sumergi\u00f3 al nacer en las aguas del Styx para que se volviera invulnerable. Pero como ella lo ten\u00eda cogido por el tal\u00f3n, esta parte del pie no se moj\u00f3, y Aquiles muri\u00f3 durante la guerra de Troya por una flecha envenenada que recibi\u00f3 en su tal\u00f3n.<br \/>\nComprender\u00e9is ahora el sentido del gesto y de las palabras de Jes\u00fas: \u00abEl que est\u00e1 lavado, no necesita sino lavarse los pies para estar enteramente puro.\u00bb Puesto que los pies son el s\u00edmbolo del plano m\u00e1s material, tener lavados los pies representa tambi\u00e9n, simb\u00f3licamente, el final de la purificaci\u00f3n.&#8221;<\/p>\n<p>Omraam Mikha\u00ebl A\u00efvanhov<\/p>\n<p>?*\u00b4\u00a8) ? H ? \u2018 ? P ? N ? P ? N ?  ?<br \/>\n \u00b8.\u2022\u00b4 \u00b8.\u2022\u00b4\u00b4\u00a8)\u00b8.\u2022*\u00a8)\u00b8.\u2022?\u00a8)\u00b8.\u2022*\u00a8)\u00b8.\u2022?\u00a8)\u00b8.\u2022*\u00a8)\u00b8.\u2022?\u00a8)\u00b8.\u2022*\u00a8)<br \/>\n(\u00b8.\u2022\u00b4      LUZ ?  P-H-A-Z ? A L O H A  (\u00b8.\u2022`?<\/p>\n<p>Jueves 2 de Abril de 2015<\/p>\n<p>Lo superar\u00e1s<\/p>\n<p>Atravesar\u00e1s este d\u00eda y como resultado tendr\u00e1s m\u00e1s fortaleza, riqueza y sabidur\u00eda. Atravesar\u00e1s este mes, este a\u00f1o, esta vida y todo ello mientras aportas m\u00e1s valor a\u00fan al enorme valor que ya representa tu existencia.<\/p>\n<p>Tienes lo que hace falta para descubrir tu camino a trav\u00e9s de todo ello, y puedes tener la certeza de que lo har\u00e1s. Aunque no siempre ser\u00e1 f\u00e1cil o c\u00f3modo o conveniente, avanzar\u00e1s de manera firme y segura.<\/p>\n<p>Puedes decidir dejar que los miedos te paralicen por un tiempo. O puedes decidir que esos miedos te informen y te preparen, para luego avanzar sobre ellos, atraves\u00e1ndolos en direcci\u00f3n hacia all\u00ed donde tienes la intenci\u00f3n de llegar.<\/p>\n<p>Puedes encontrar todo tipo de creativas excusas para evitar progresar. Finalmente, sin embargo, te dar\u00e1s cuenta de lo que te est\u00e1s perdiendo y decidir\u00e1s dejar esas excusas de lado.<\/p>\n<p>Sea lo que fuere que se presente, t\u00fa lo superar\u00e1s. En alg\u00fan punto aprender\u00e1s a dejar de luchar, a dejar de forcejear, a dejar de quejarte y a permitirte lidiar satisfactoriamente con lo que sea que se cruce en tu camino.<\/p>\n<p>Quedar\u00e1 en evidencia, con el tiempo, que las preocupaciones, los temores, las ansiedades y los momentos de duda no ten\u00edan sentido. Porque de una u otra manera, lo superar\u00e1s.<\/p>\n<p>Gabriel Sandler<\/p>\n<p>?*\u00b4\u00a8) ? H ? \u2018 ? P ? N ? P ? N ?  ?<br \/>\n \u00b8.\u2022\u00b4 \u00b8.\u2022\u00b4\u00b4\u00a8)\u00b8.\u2022*\u00a8)\u00b8.\u2022?\u00a8)\u00b8.\u2022*\u00a8)\u00b8.\u2022?\u00a8)\u00b8.\u2022*\u00a8)\u00b8.\u2022?\u00a8)\u00b8.\u2022*\u00a8)<br \/>\n(\u00b8.\u2022\u00b4      LUZ ?  P-H-A-Z ? A L O H A  (\u00b8.\u2022`?<\/p>\n<p>Thursday, April 2, 2015<\/p>\n<p>The strength inside<\/p>\n<p>Let love and joy and goodness get through to you. Let all the rest fall gently away.<\/p>\n<p>Take whatever the world offers and direct it toward what matters. Be strong, inside, where strength makes all the difference.<\/p>\n<p>You don\u2019t have to be drawn into the negativity of the moment. You can choose to live at a higher level, not arrogantly but gratefully and lovingly.<\/p>\n<p>You can choose purpose over pettiness any hour, every hour of the day. What gets inside and stays inside and grows, is up to you.<\/p>\n<p>Imagine joy, and it is there. Imagine looking at life from a perspective of love, and you do.<\/p>\n<p>You really can transform difficulty into achievement, anxiety into peace, conflict into cooperation. Decide to nurture and use the strength inside, and make it so.<\/p>\n<p>\u2014 Ralph Marston<\/p>\n<p>?*\u00b4\u00a8) ? H ? \u2018 ? P ? N ? P ? N ?  ?<br \/>\n \u00b8.\u2022\u00b4 \u00b8.\u2022\u00b4\u00b4\u00a8)\u00b8.\u2022*\u00a8)\u00b8.\u2022?\u00a8)\u00b8.\u2022*\u00a8)\u00b8.\u2022?\u00a8)\u00b8.\u2022*\u00a8)\u00b8.\u2022?\u00a8)\u00b8.\u2022*\u00a8)<br \/>\n(\u00b8.\u2022\u00b4      LUZ ?  P-H-A-Z ? A L O H A  (\u00b8.\u2022`?<\/p>\n<p>Lecci\u00f3n 92<br \/>\nLos milagros se ven en la luz, y la luz y la fortaleza son una.<\/p>\n<p>La idea de hoy es una ampliaci\u00f3n de la anterior. No asocias la luz con la fortaleza ni la obscuridad con la debilidad. Ello se debe a que tu idea de lo que significa ver est\u00e1 vinculada al cuerpo, a sus ojos y a su cerebro. De ah\u00ed que creas que puedes cambiar lo que ves poniendo trocitos de vidrio delante de tus ojos. \u00c9sta es una de las muchas creencias m\u00e1gicas que proceden de tu convicci\u00f3n de que eres un cuerpo y de que los ojos del cuerpo pueden ver.<\/p>\n<p>Crees tambi\u00e9n que el cerebro puede pensar. Si comprendieses la naturaleza del pensamiento, no podr\u00edas por menos que re\u00edrte de esta idea tan descabellada. Es como si creyeses que eres t\u00fa el que sostiene el f\u00f3sforo que le da al sol toda su luz y todo su calor; o quien sujeta al mundo firmemente en sus manos hasta que decidas soltarlo. Esto, sin embargo, no es m\u00e1s disparatado que creer que los ojos del cuerpo pueden ver o que el cerebro puede pensar.<\/p>\n<p>La fortaleza de Dios que mora en ti es la luz en la que ves, de la misma manera como es Su Mente con la que piensas. Su fortaleza niega tu debilidad. Y es \u00e9sta la que ve a trav\u00e9s de los ojos del cuerpo, escudri\u00f1ando la obscuridad para contemplar lo que es semejante a ella misma: los mezquinos y los d\u00e9biles, los enfermizos y los moribundos; los necesitados, los desvalidos y los amedrentados; los afligidos y los pobres, los hambrientos y los melanc\u00f3licos. Esto es lo que se ve a trav\u00e9s de los ojos que no pueden ver ni bendecir.<\/p>\n<p>La fortaleza pasa por alto todas estas cosas al mirar m\u00e1s all\u00e1 de las apariencias. Mantiene su mirada fija en la luz que se encuentra m\u00e1s all\u00e1 de ellas. Se une a la luz de la que forma parte. Se ve a s\u00ed misma. Te brinda la luz en la que tu Ser aparece. En la obscuridad percibes un ser que no existe. La fortaleza es lo que es verdad con respecto a ti, mas la debilidad es un \u00eddolo al que se honra y se venera falsamente a fin de disipar la fortaleza y permitir que la obscuridad reine all\u00ed donde Dios dispuso que hubiese luz.<\/p>\n<p>La fortaleza procede de la verdad, y brilla con la luz que su Fuente le ha otorgado; la debilidad refleja la obscuridad de su hacedor. Est\u00e1 enferma, y lo que ve es la enfermedad, que es como ella misma. La verdad es un salvador, y su voluntad es que todo el mundo goce de paz y felicidad. La verdad le da el caudal ilimitado de su fortaleza a todo aquel que la pide. Reconoce que si a alguien le faltase algo, les faltar\u00eda a todos. Y por eso imparte su luz, para que todos puedan ver y beneficiarse cual uno solo. Todos comparten su fortaleza, de manera que \u00e9sta pueda brindarles a todos el milagro en el que ellos se unir\u00e1n en prop\u00f3sito, perd\u00f3n y amor.<\/p>\n<p>La debilidad, que mira desde la obscuridad, no puede ver prop\u00f3sito alguno en el perd\u00f3n o en el amor. Ve todo lo dem\u00e1s como diferente de ella misma, y no ve nada en el mundo que quisiera compartir. Juzga y condena, pero no ama. Permanece en la obscuridad para ocultarse fuerte y victoriosa, y sue\u00f1a que es vencedora de limitaciones que no hacen sino crecer descomunalmente en la obscuridad.<\/p>\n<p>La debilidad se teme, se ataca y se odia a s\u00ed misma, y la obscuridad cubre todo lo que ve, dej\u00e1ndole sus sue\u00f1os que son tan temibles como ella misma. Ah\u00ed no encontrar\u00e1s milagros sino odio. La debilidad se separa de lo que ve, mientras que la luz y la fortaleza se perciben a s\u00ed mismas cual una sola. La luz de la fortaleza no es la luz que t\u00fa ves. No cambia, ni titila hasta finalmente extinguirse. No cambia cuando la noche se convierte en d\u00eda, ni se convierte en obscuridad hasta que se hace de d\u00eda otra vez.<\/p>\n<p>La luz de la fortaleza es constante, tan segura como el amor y eternamente feliz de darse a s\u00ed misma, ya que no puede sino darse a lo que es ella misma. Nadie que pida compartir su visi\u00f3n lo hace en vano, y nadie que entre en su morada puede partir sin un milagro ante sus ojos y sin que la fortaleza y la luz moren en su coraz\u00f3n.<\/p>\n<p>La fortaleza que mora en ti te ofrecer\u00e1 luz y guiar\u00e1 tu visi\u00f3n para que no habites en las vanas sombras que los ojos del cuerpo te proveen a fin de que te enga\u00f1es a ti mismo. La fortaleza y la luz se unen en ti, y ah\u00ed donde se unen, tu Ser se alza presto a recibirte como Suyo. Tal es el lugar de encuentro que hoy trataremos de hallar para descansar en \u00e9l, pues la paz de Dios est\u00e1 ah\u00ed donde tu Ser, Su Hijo, aguarda ahora para encontrarse Consigo Mismo otra vez y volver a ser uno.<\/p>\n<p>Dediquemos veinte minutos en dos ocasiones hoy a estar presentes en ese encuentro. D\u00e9jate conducir ante tu Ser. Su fortaleza ser\u00e1 la luz en la que se te conceder\u00e1 el don de la visi\u00f3n. Deja atr\u00e1s hoy la obscuridad por un rato, y practica ver en la luz, cerrando los ojos del cuerpo y pidi\u00e9ndole a la verdad que te muestre c\u00f3mo hallar el lugar de encuentro entre el ser y el Ser, en el que la luz y la fortaleza son una.<\/p>\n<p>As\u00ed es como practicaremos ma\u00f1ana y noche. Despu\u00e9s de la reflexi\u00f3n de por la ma\u00f1ana, usaremos el d\u00eda para prepararnos para la de por la noche, cuando nuevamente nos volveremos a reunir en confianza. Repitamos la idea de hoy tan a menudo como sea posible, y reconozcamos que es un preludio a la visi\u00f3n y que se nos est\u00e1 llevando de las tinieblas a la luz donde \u00fanicamente pueden percibirse milagros.<\/p>\n<p>?*\u00b4\u00a8) ? H ? \u2018 ? P ? N ? P ? N ?  ?<br \/>\n \u00b8.\u2022\u00b4 \u00b8.\u2022\u00b4\u00b4\u00a8)\u00b8.\u2022*\u00a8)\u00b8.\u2022?\u00a8)\u00b8.\u2022*\u00a8)\u00b8.\u2022?\u00a8)\u00b8.\u2022*\u00a8)\u00b8.\u2022?\u00a8)\u00b8.\u2022*\u00a8)<br \/>\n(\u00b8.\u2022\u00b4      LUZ ?  P-H-A-Z ? A L O H A  (\u00b8.\u2022`?<\/p>\n","protected":false},"excerpt":{"rendered":"<p>Daily Law of Attraction Quotation If you will let your dominant intention be to revise and improve the content of the story you tell every day of your life, it&hellip; <a href=\"https:\/\/www.vivesur.com\/wpblog\/pensamiento-del-jueves-2-de-abril-de-2015\/\" class=\"apace-readmore-link\">Read more<\/a><\/p>\n","protected":false},"author":1,"featured_media":0,"comment_status":"open","ping_status":"open","sticky":false,"template":"","format":"standard","meta":[],"categories":[1,8],"tags":[],"_links":{"self":[{"href":"https:\/\/www.vivesur.com\/wpblog\/wp-json\/wp\/v2\/posts\/9439"}],"collection":[{"href":"https:\/\/www.vivesur.com\/wpblog\/wp-json\/wp\/v2\/posts"}],"about":[{"href":"https:\/\/www.vivesur.com\/wpblog\/wp-json\/wp\/v2\/types\/post"}],"author":[{"embeddable":true,"href":"https:\/\/www.vivesur.com\/wpblog\/wp-json\/wp\/v2\/users\/1"}],"replies":[{"embeddable":true,"href":"https:\/\/www.vivesur.com\/wpblog\/wp-json\/wp\/v2\/comments?post=9439"}],"version-history":[{"count":0,"href":"https:\/\/www.vivesur.com\/wpblog\/wp-json\/wp\/v2\/posts\/9439\/revisions"}],"wp:attachment":[{"href":"https:\/\/www.vivesur.com\/wpblog\/wp-json\/wp\/v2\/media?parent=9439"}],"wp:term":[{"taxonomy":"category","embeddable":true,"href":"https:\/\/www.vivesur.com\/wpblog\/wp-json\/wp\/v2\/categories?post=9439"},{"taxonomy":"post_tag","embeddable":true,"href":"https:\/\/www.vivesur.com\/wpblog\/wp-json\/wp\/v2\/tags?post=9439"}],"curies":[{"name":"wp","href":"https:\/\/api.w.org\/{rel}","templated":true}]}}