{"id":9153,"date":"2014-11-12T10:55:54","date_gmt":"2014-11-12T09:55:54","guid":{"rendered":"http:\/\/vivesur.com\/wpblog\/?p=9153"},"modified":"2014-11-12T10:55:54","modified_gmt":"2014-11-12T09:55:54","slug":"pensamiento-del-miercoles-12-de-noviembre-de-2014","status":"publish","type":"post","link":"https:\/\/www.vivesur.com\/wpblog\/pensamiento-del-miercoles-12-de-noviembre-de-2014\/","title":{"rendered":"Pensamiento del mi\u00e9rcoles 12 de noviembre de 2014"},"content":{"rendered":"<p>Un Curso De Milagros Lecci\u00f3n Del Dia<br \/>\nLECCI\u00d3N 316 \u2013 Todos los regalos que les hago a mis hermanos me pertenecen.<br \/>\n<span style=\"font-size: 12pt;\"><img loading=\"lazy\" src=\"http:\/\/vivesur.com\/wpblog\/wp-content\/uploads\/2014\/11\/wpid-121114-2014-11-12-10-55.jpg\" alt=\"wpid-121114-2014-11-12-10-55.jpg\" width=\"938\" height=\"704\" \/><\/span><br \/>\nDel mismo modo en que cada uno de los regalos que mis hermanos hacen me pertenece, as\u00ed tambi\u00e9n cada regalo que yo hago me pertenece a mi. Cada uno de ellos permite que un error pasado desaparezca sin dejar sombra alguna en la santa mente que mi Padre ama. Su gracia se me concede con cada regalo que cualquier hermano haya recibido desde los or\u00edgenes del tiempo, y m\u00e1s all\u00e1 del tiempo tambi\u00e9n. Mis arcas est\u00e1n llenas, y los \u00e1ngeles vigilan sus puertas abiertas para que ni un solo regalo se pierda, y s\u00f3lo se puedan a\u00f1adir m\u00e1s. D\u00e9jame llegar all\u00ed donde se encuentran mis tesoros, y entrar a donde en verdad soy bienvenido y donde estoy en mi casa, rodeado de los regalos que Dios me ha dado.<\/p>\n<p>Padre, hoy quiero aceptar Tus regalos. No los reconozco. Mas conf\u00edo en que T\u00fa que me los diste, me proporcionar\u00e1s los medios para poder contemplarlos, ver su valor y estimarles como lo \u00fanico que deseo.<\/p>\n<p>?*\u00b4\u00a8) ? H ? \u2018 ? P ? N ? P ? N ?  ?<br \/>\n \u00b8.\u2022\u00b4 \u00b8.\u2022\u00b4\u00b4\u00a8)\u00b8.\u2022*\u00a8)\u00b8.\u2022?\u00a8)\u00b8.\u2022*\u00a8)\u00b8.\u2022?\u00a8)\u00b8.\u2022*\u00a8)\u00b8.\u2022?\u00a8)\u00b8.\u2022*\u00a8)<br \/>\n(\u00b8.\u2022\u00b4    LUZ ?  P-H-A-Z ? A L O H A  (\u00b8.\u2022`?<\/p>\n<p>N S 1. 27. 4. 26. Alfa. Turquesa. Mantra: HRAUM. Garganta UPC KIN 211 PAG (mi\u00e9rcoles 12-11-2014)<\/p>\n<p>ESPEJO MAGN\u00c9TICO BLANCO \u2013 Kin 118<\/p>\n<p>ESPEJO: Acci\u00f3n: REFLEJAR. Poder: SIN FIN. Esencia: ORDEN.<\/p>\n<p>MAGN\u00c9TICO: Acci\u00f3n: ATRAER. Poder: UNIFICAR. Esencia: PROP\u00d3SITO.<\/p>\n<p>P\u00f3rtico Magn\u00e9tico, identifica el Prop\u00f3sito. \u00bfCu\u00e1l es mi meta?<\/p>\n<p>D\u00eda 90 de 812. Hoy da comienzo la Onda Encantada del Espejo Blanco que adem\u00e1s de reflejar el orden y el sin fin, es la que nos habla de la Meditaci\u00f3n. Por algo su arquetipo gal\u00e1ctico es Yogui-Yoguini. El Espejo tiene tambi\u00e9n m\u00faltiples cualidades como sello: nos permite entrar en el interior y conectar con otras realidades de luz; viajar al principio y final del Universo; vernos tal y como somos sin autoenga\u00f1os; refleja el presente, el momento preciso, el aqu\u00ed y ahora tal como el anterior sello blanco, el Mago, nos invitaba a vivir; representa la espada de luz de sabidur\u00eda y purificaci\u00f3n que corta los lazos no deseados y aquello que nos hace falta soltar en la vida.<\/p>\n<p> Es necesario cambiar las rutinas para crecer en amor y vivir las experiencias de orden superior y mostrar y ver reflejada la vida en cada acto realizado. Para entrar dentro del Espejo, es preciso primero penetrar en nuestro interior. Y, \u00bfc\u00f3mo se hace? Con la Meditaci\u00f3n, que es otra de sus cualidades.<\/p>\n<p> Todos los grandes iniciados nos relatan que para alcanzar la iluminaci\u00f3n precisamos conseguir mediante la Meditaci\u00f3n el vacio de mente. Despu\u00e9s, como consecuencia, conectaremos con las realidades superiores de luz y recibiremos mensajes de Maestros Gal\u00e1cticos, \u00c1ngeles, Seres Superiores, Divinidades\u2026 Cada uno se relacionar\u00e1 con los Seres Superiores de sus creencias, ya sea Jes\u00fas el Cristo, Mahoma, Buda, Krishna\u2026, incluso los Seres Gal\u00e1cticos y del espacio estelar. Y sus emisarios o ellos mismos nos hablar\u00e1n desde el otro lado del Espejo C\u00f3smico.<\/p>\n<p>Entraremos en un orden superior que precisa pasar primero por el terrestre. Lo que nos rodea es fundamental que mantenga una armon\u00eda y belleza por encima de cantidades y cualidades. En estos d\u00edas, procuraremos realizar un orden a\u00f1adido a nuestro h\u00e1bitat, repasando armarios, habitaciones, lejas, utensilios, ropa\u2026 Todo aquello que no nos sea \u00fatil quiz\u00e1s otros pueden usarlo, ahora que existe tanta carencia, y adem\u00e1s crearemos tambi\u00e9n espacios vacios en nuestro hogar para que la energ\u00eda fluya mejor y permita que algo nuevo entre.<\/p>\n<p>NOS ESPERAN 13 MARAVILLOSOS D\u00cdAS DE CONEXIONES ESPECIALES FRUTO DEL TRABAJO DE MEDITACI\u00d3N PERSONAL. AL OBSERVARNOS EN EL ESPEJO, LLEGAREMOS A PERCIBIRNOS COMO SOMOS, SIN TRATAR DE ENGA\u00d1ARNOS CON REALIDADES VIRTUALES. PREPARAREMOS UN PLAN DE MEDITACI\u00d3N PARA INCREMENTAR LOS ESPACIOS DE MENTE NATURAL Y SER CONSCIENTES DE LOS PENSAMIENTOS QUE LA ALTERAN. BUSCAREMOS EL CONECTAR CON SERES SUPERIORES Y CANALIZARLOS. PRACTICAREMOS TODAS LA MEDITACIONES QUE LA LEY DEL TIEMPO RECOMIENDA. \u00a1YO SOY LA MEDITACI\u00d3N EN EL AQU\u00cd Y AHORA!<\/p>\n<p>?*\u00b4\u00a8) ? H ? \u2018 ? P ? N ? P ? N ?  ?<br \/>\n \u00b8.\u2022\u00b4 \u00b8.\u2022\u00b4\u00b4\u00a8)\u00b8.\u2022*\u00a8)\u00b8.\u2022?\u00a8)\u00b8.\u2022*\u00a8)\u00b8.\u2022?\u00a8)\u00b8.\u2022*\u00a8)\u00b8.\u2022?\u00a8)\u00b8.\u2022*\u00a8)<br \/>\n(\u00b8.\u2022\u00b4    LUZ ?  P-H-A-Z ? A L O H A  (\u00b8.\u2022`?<\/p>\n<p>Pensamiento del mi\u00e9rcoles 12 de noviembre de 2014<\/p>\n<p>Todo ser humano forma parte del gran cuerpo de la naturaleza y debe pues esforzarse por vivir en armon\u00eda con \u00e9l. Aunque se perciba como una entidad individual que tiene su propia vida, pertenece a un conjunto, y la cuesti\u00f3n que se le plantea es conciliar las exigencias de su vida personal con las de la vida colectiva. Cada individuo es particular, es la Inteligencia c\u00f3smica la que ha querido esta diversidad de las criaturas y no hay que tratar de nivelarlas. Cada uno tiene derecho a manifestarse con sus diferencias, su originalidad, siempre que se armonice con el Todo. Este Todo con el que debemos armonizarnos, no es \u00fanicamente el de la colectividad humana: m\u00e1s all\u00e1 a\u00fan estamos conectados con las diferentes reinos de la naturaleza, as\u00ed como con la colectividad c\u00f3smica en cuyo seno tenemos, en tanto que seres pensantes, un papel importante que desempe\u00f1ar. Cada d\u00eda debemos pues tomar conciencia de que participamos en la construcci\u00f3n de este edificio que es la vida c\u00f3smica en donde est\u00e1n incluidas todas las criaturas, los \u00e1ngeles, los arc\u00e1ngeles&#8230; hasta Dios mismo. Porque la creaci\u00f3n no est\u00e1 terminada, est\u00e1 siempre en v\u00edas de construcci\u00f3n.<\/p>\n<p>Omraam Mikha\u00ebl A\u00efvanhov<\/p>\n<p>?*\u00b4\u00a8) ? H ? \u2018 ? P ? N ? P ? N ?  ?<br \/>\n \u00b8.\u2022\u00b4 \u00b8.\u2022\u00b4\u00b4\u00a8)\u00b8.\u2022*\u00a8)\u00b8.\u2022?\u00a8)\u00b8.\u2022*\u00a8)\u00b8.\u2022?\u00a8)\u00b8.\u2022*\u00a8)\u00b8.\u2022?\u00a8)\u00b8.\u2022*\u00a8)<br \/>\n(\u00b8.\u2022\u00b4    LUZ ?  P-H-A-Z ? A L O H A  (\u00b8.\u2022`?<\/p>\n<p>Daily Law of Attraction Quotation<\/p>\n<p>If you guide through anything other than your own example, it crosses over into the category of control. If you say, &#8220;This is what I&#8217;ve found that works for me, try it if you like.&#8221; That&#8217;s guidance. If you say, &#8220;This is what I&#8217;ve found works for me, and if you don&#8217;t follow it, you&#8217;re in trouble,&#8221; that&#8217;s control.<\/p>\n<p>&#8212; Abraham<\/p>\n<p>?*\u00b4\u00a8) ? H ? \u2018 ? P ? N ? P ? N ?  ?<br \/>\n \u00b8.\u2022\u00b4 \u00b8.\u2022\u00b4\u00b4\u00a8)\u00b8.\u2022*\u00a8)\u00b8.\u2022?\u00a8)\u00b8.\u2022*\u00a8)\u00b8.\u2022?\u00a8)\u00b8.\u2022*\u00a8)\u00b8.\u2022?\u00a8)\u00b8.\u2022*\u00a8)<br \/>\n(\u00b8.\u2022\u00b4    LUZ ?  P-H-A-Z ? A L O H A  (\u00b8.\u2022`?<\/p>\n<p>Wednesday, November 12, 2014<\/p>\n<p>Growing ever richer<\/p>\n<p>Nature\u2019s colors turn warm when the weather begins to cool. Red leaves, orange, yellow and brown settle to the ground as shadows grow longer and days become shorter.<\/p>\n<p>One season draws to a close as another one begins to appear. The world itself gives a reminder to treasure what has been while working to create new goodness, new experiences and new value.<\/p>\n<p>It can be difficult to let go of what has become so familiar. Yet in that choice to move on, is the promise of new beauty and a life that\u2019s more meaningful.<\/p>\n<p>In the softly glowing ember of autumn is the sure and eventual birth of a vibrant explosion of springtime. By letting go and moving confidently forward, we enable life to grow ever richer.<\/p>\n<p>Seasons change, again and again, and with each change life renews itself, becoming stronger and more robust. From the old, a new world is born, giving fresh life and energy to treasured hopes and dreams.<\/p>\n<p>Look around and witness the magnificent spectacle. Join in, and let your spirit be energized by new life coming to life.<\/p>\n<p>\u2014 Ralph Marston<\/p>\n<p>?*\u00b4\u00a8) ? H ? \u2018 ? P ? N ? P ? N ?  ?<br \/>\n \u00b8.\u2022\u00b4 \u00b8.\u2022\u00b4\u00b4\u00a8)\u00b8.\u2022*\u00a8)\u00b8.\u2022?\u00a8)\u00b8.\u2022*\u00a8)\u00b8.\u2022?\u00a8)\u00b8.\u2022*\u00a8)\u00b8.\u2022?\u00a8)\u00b8.\u2022*\u00a8)<br \/>\n(\u00b8.\u2022\u00b4    LUZ ?  P-H-A-Z ? A L O H A  (\u00b8.\u2022`?<\/p>\n","protected":false},"excerpt":{"rendered":"<p>Un Curso De Milagros Lecci\u00f3n Del Dia LECCI\u00d3N 316 \u2013 Todos los regalos que les hago a mis hermanos me pertenecen. Del mismo modo en que cada uno de los&hellip; <a href=\"https:\/\/www.vivesur.com\/wpblog\/pensamiento-del-miercoles-12-de-noviembre-de-2014\/\" class=\"apace-readmore-link\">Read more<\/a><\/p>\n","protected":false},"author":1,"featured_media":0,"comment_status":"open","ping_status":"open","sticky":false,"template":"","format":"standard","meta":[],"categories":[1,8],"tags":[],"_links":{"self":[{"href":"https:\/\/www.vivesur.com\/wpblog\/wp-json\/wp\/v2\/posts\/9153"}],"collection":[{"href":"https:\/\/www.vivesur.com\/wpblog\/wp-json\/wp\/v2\/posts"}],"about":[{"href":"https:\/\/www.vivesur.com\/wpblog\/wp-json\/wp\/v2\/types\/post"}],"author":[{"embeddable":true,"href":"https:\/\/www.vivesur.com\/wpblog\/wp-json\/wp\/v2\/users\/1"}],"replies":[{"embeddable":true,"href":"https:\/\/www.vivesur.com\/wpblog\/wp-json\/wp\/v2\/comments?post=9153"}],"version-history":[{"count":0,"href":"https:\/\/www.vivesur.com\/wpblog\/wp-json\/wp\/v2\/posts\/9153\/revisions"}],"wp:attachment":[{"href":"https:\/\/www.vivesur.com\/wpblog\/wp-json\/wp\/v2\/media?parent=9153"}],"wp:term":[{"taxonomy":"category","embeddable":true,"href":"https:\/\/www.vivesur.com\/wpblog\/wp-json\/wp\/v2\/categories?post=9153"},{"taxonomy":"post_tag","embeddable":true,"href":"https:\/\/www.vivesur.com\/wpblog\/wp-json\/wp\/v2\/tags?post=9153"}],"curies":[{"name":"wp","href":"https:\/\/api.w.org\/{rel}","templated":true}]}}