{"id":8928,"date":"2014-09-02T11:43:43","date_gmt":"2014-09-02T09:43:43","guid":{"rendered":"http:\/\/vivesur.com\/wpblog\/?p=8928"},"modified":"2014-09-02T11:43:43","modified_gmt":"2014-09-02T09:43:43","slug":"pensamiento-del-martes-2-de-septiembre-de-2014","status":"publish","type":"post","link":"https:\/\/www.vivesur.com\/wpblog\/pensamiento-del-martes-2-de-septiembre-de-2014\/","title":{"rendered":"Pensamiento del martes 2 de septiembre de 2014"},"content":{"rendered":"<p>Un Curso De Milagros Lecci\u00f3n Del Dia<br \/>\nLECCI\u00d3N 245 \u2013 Tu paz est\u00e1 conmigo, Padre. Estoy a salvo.<br \/>\n<span style=\"font-size: 12pt;\"><img loading=\"lazy\" src=\"http:\/\/vivesur.com\/wpblog\/wp-content\/uploads\/2014\/09\/wpid-2914-2014-09-2-11-43.jpg\" alt=\"wpid-2914-2014-09-2-11-43.jpg\" width=\"746\" height=\"560\" \/><\/span><br \/>\nTu paz me rodea, Padre. Dondequiera que voy, Tu paz me acompa\u00f1a, y derrama su luz sobre todo aquel con quien me encuentro. Se la llevo al que se encuentra desolado, al que se siente solo al que tiene miedo. Se la ofrezco a los que sufren, a los que se lamentan de una p\u00e9rdida, as\u00ed como a los que creen ser infelices y haber perdido toda esperanza. Env\u00edamelos, Padre. Perm\u00edteme ser el portador de Tu paz. Pues quiero salvar a Tu Hijo, tal como dispone Tu Voluntad, para poder llegar a reconocer mi Ser.<\/p>\n<p>Y as\u00ed caminamos en paz, transmitiendo al mundo entero el mensaje que hemos recibido. Y de esta manera o\u00edmos por fin la Voz que habla por Dios, la cual nos habla seg\u00fan nosotros predicamos la Palabra de Dios, Cuyo Amor reconocemos, puesto que compartimos con todos la Palabra que \u00c9l nos dio.<\/p>\n<p>?*\u00b4\u00a8) ? H O \u2018 O P O N O P O N O  ?<br \/>\n\u00b8.\u2022\u00b4 \u00b8.\u2022*\u00b4\u00a8) \u00b8.\u2022*\u00a8)\u00b8.\u2022*\u00a8)\u00b8.\u2022*\u00a8)\u00b8.\u2022*\u00a8)<br \/>\n(\u00b8.\u2022\u00b4    LUZ ?  P-H-A-Z ? A L O H A  (\u00b8.\u2022`?<\/p>\n<p>N S 1. 27. 2. 11 Kali. Plata. Mantra: HRIM. Centro Secreto. UPC KIN 24 (martes 2-9-2014)<\/p>\n<p>MANO GAL\u00c1CTICA AZUL \u2013 Kin 47<\/p>\n<p>MANO: Acci\u00f3n: CONOCER. Poder: REALIZACI\u00d3N. Esencia: SANACI\u00d3N.<\/p>\n<p>GAL\u00c1CTICA: Acci\u00f3n: MODELAR. Poder: ARMONIZAR. Esencia: INTEGRIDAD.<\/p>\n<p>La C\u00e1mara Gal\u00e1ctica, manda la integridad. La acci\u00f3n alcanza la forma.<\/p>\n<p>D\u00eda 19 de 812. Hoy nos toca dar un repaso para ver si integramos la onda encantada anterior de la Mano azul <a href=\"http:\/\/ondaencantada.com\/2014\/08\/onda-encantada-de-la-mano-azul-08\/\">http:\/\/ondaencantada.com\/2014\/08\/onda-encantada-de-la-mano-azul-08\/<\/a> . Cuando llegamos al tono gal\u00e1ctico se trata de armonizar con el conocimiento y la sanaci\u00f3n el prop\u00f3sito de llegar a convertirnos en seres luminosos con el Sol. Las Manos son nuestros Soles particulares. Desprenden mucho calor y luz m\u00e1s all\u00e1 de que nos demos cuenta o no de ello. Nos las frotamos durante un momento antes de colocarlas en el cuerpo de alguien que necesita ayuda o en el nuestro propio. Si podemos ver que sale de ellas, se trata de energ\u00eda y luz de colores seg\u00fan la dolencia. Tienen esa conexi\u00f3n con la vida gal\u00e1ctica m\u00e1s all\u00e1 de lo que conocemos y manejemos, por ello es importante adem\u00e1s de imponer las manos invocar la ayuda de seres de luz gal\u00e1cticos, c\u00f3smicos y ang\u00e9licos.<\/p>\n<p>SOMOS SERES CON UNAS CUALIDADES DE LUZ QUE NO PODEMOS VER, PERO SIN EMBARGO, SEGURO QUE LOGRAREMOS SENTIR SI NOS CONCENTRAMOS Y ARMONIZAMOS. EL CONOCIMIENTO ES FUNDAMENTAL EN LA EVOLUCI\u00d3N DE SER HUMANO, Y EL SOL SE ENCARGA DE TRAER ESE QUE NO EST\u00c1 EN LOS LIBROS, SINO EN SUS RAYOS Y PLASMA, CUANDO EN UN D\u00cdA SOLEADO Y EN UNA EYECCI\u00d3N SOLAR, LLEGAN SUS PART\u00cdCULAS HASTA NOSOTROS. \u00a1SOMOS SANADORES POR EXCELENCIA! \u00a1LA ACCI\u00d3N DE AYUDAR A LOS DEM\u00c1S NOS PUEDE SERVIR PARA SANARNOS!<\/p>\n<p>?*\u00b4\u00a8) ? H O \u2018 O P O N O P O N O  ?<br \/>\n\u00b8.\u2022\u00b4 \u00b8.\u2022*\u00b4\u00a8) \u00b8.\u2022*\u00a8)\u00b8.\u2022*\u00a8)\u00b8.\u2022*\u00a8)\u00b8.\u2022*\u00a8)<br \/>\n(\u00b8.\u2022\u00b4    LUZ ?  P-H-A-Z ? A L O H A  (\u00b8.\u2022`?<\/p>\n<p>Pensamiento del martes 2 de septiembre de 2014<\/p>\n<p>El proceso de sublimaci\u00f3n de la fuerza sexual puede ser representado bajo varias formas simb\u00f3licas. Tomemos el \u00c1rbol sefir\u00f3tico, por ejemplo. En el pilar central, que podemos asimilar a la columna vertebral, est\u00e1n situados, de abajo a arriba, los tres sefirots Iesod, Tipheret y Kether. En nosotros, los \u00f3rganos genitales est\u00e1n relacionados con Iesod, el coraz\u00f3n y el plexo solar con Tipheret, y la cabeza con Kether. De Iesod a Kether, pasando por Tipheret, tal debe ser simb\u00f3licamente el camino de la energ\u00eda sexual. En el extremo superior del pilar central, la santidad de Kether, que es la cabeza coronada, tiene su origen en la pureza de Iesod, los \u00f3rganos sexuales. La santidad de Kether es pues la manifestaci\u00f3n de la energ\u00eda sexual sublimada gracias a los poderes de Tipheret, el Sol. Esta corriente de energ\u00edas brutas que tiende siempre a arrastrar la conciencia de los humanos hacia abajo, el Iniciado logra hacerla cambiar de direcci\u00f3n. Trabaja con esta quintaesencia hasta transformarla en luz y, cuando esta luz llega arriba, brilla por encima de su cabeza como una corona de oro.<\/p>\n<p>Omraam Mikha\u00ebl A\u00efvanhov<\/p>\n<p>?*\u00b4\u00a8) ? H O \u2018 O P O N O P O N O  ?<br \/>\n\u00b8.\u2022\u00b4 \u00b8.\u2022*\u00b4\u00a8) \u00b8.\u2022*\u00a8)\u00b8.\u2022*\u00a8)\u00b8.\u2022*\u00a8)\u00b8.\u2022*\u00a8)<br \/>\n(\u00b8.\u2022\u00b4    LUZ ?  P-H-A-Z ? A L O H A  (\u00b8.\u2022`?<\/p>\n<p>Martes 2 de Septiembre de 2014<\/p>\n<p>Tu verdadero deseo<\/p>\n<p>Puedes imaginar aquello que nunca ha sido. Puedes imaginar la manera de hacer que as\u00ed sea.<\/p>\n<p>Las urgencias e impulsos y percepciones que sientes nunca son triviales. Tienen sus ra\u00edces en tu m\u00e1s profundo prop\u00f3sito.<\/p>\n<p>Con tu conciencia respecto de este momento, de este d\u00eda, t\u00fa le das forma. Con tu amor por todo lo que es y por todo lo que puede ser, t\u00fa le das vida.<\/p>\n<p>En cada deseo yace la pura verdad. En cada anhelo hay energ\u00eda pura.<\/p>\n<p>Siente esa energ\u00eda, observa esa verdad y d\u00e9jale que tire de ti hacia la realizaci\u00f3n. La verdad de tu deseo ya es tuya, y tu prop\u00f3sito es expresarla.<\/p>\n<p>Todo lo que deseas, todo lo que imaginas, est\u00e1 aqu\u00ed y ahora. An\u00edmate y dale vida en plenitud.<\/p>\n<p>Gabriel Sandler<\/p>\n<p>Tuesday, September 2, 2014<\/p>\n<p>Love for life<\/p>\n<p>Stop worrying and just do. Stop judging and just do.<\/p>\n<p>Think about what you\u2019re doing, but not so much that you fail to do it. Plan and prepare, but don\u2019t stop with mere planning or preparation.<\/p>\n<p>Put your energy into taking action rather than into second guessing. Keep your focus on why you\u2019re choosing to move forward instead of getting caught up in the challenges that you\u2019ll eventually transcend.<\/p>\n<p>Don\u2019t use your beautiful, powerful creativity to think of grand and glorious excuses. Use that creativity to remind yourself and to experience for yourself how great it feels to make a difference.<\/p>\n<p>Fill your mind with thoughts of purposeful intention. Fill your moments with the joy that comes from taking effective action.<\/p>\n<p>Fill your heart with genuine love for life and all it encompasses. And fill your days with action in the service of all you love.<\/p>\n<p>\u2014 Ralph Marston<\/p>\n<p>?*\u00b4\u00a8) ? H O \u2018 O P O N O P O N O  ?<br \/>\n\u00b8.\u2022\u00b4 \u00b8.\u2022*\u00b4\u00a8) \u00b8.\u2022*\u00a8)\u00b8.\u2022*\u00a8)\u00b8.\u2022*\u00a8)\u00b8.\u2022*\u00a8)<br \/>\n(\u00b8.\u2022\u00b4    LUZ ?  P-H-A-Z ? A L O H A  (\u00b8.\u2022`?<\/p>\n<p>Daily Law of Attraction Quotation<\/p>\n<p>You&#8217;re not ever going to teach them how to vibrate, nor would you want to change them all to a place of vibrating just like you. Your work is not to fix them; they are not broken. Your work is to choose from among all of that which feels best to you, and fixate on it as long as it gives you pleasure and joy. And in doing so, you will align with the Energy of your Source, and you will live a magnificent experience. You just have to not let your joy depend upon what anybody else is living, cause that&#8217;ll get you every time.<\/p>\n<p>&#8212; Abraham<\/p>\n<p>?*\u00b4\u00a8) ? H O \u2018 O P O N O P O N O  ?<br \/>\n\u00b8.\u2022\u00b4 \u00b8.\u2022*\u00b4\u00a8) \u00b8.\u2022*\u00a8)\u00b8.\u2022*\u00a8)\u00b8.\u2022*\u00a8)\u00b8.\u2022*\u00a8)<br \/>\n(\u00b8.\u2022\u00b4    LUZ ?  P-H-A-Z ? A L O H A  (\u00b8.\u2022`?<\/p>\n","protected":false},"excerpt":{"rendered":"<p>Un Curso De Milagros Lecci\u00f3n Del Dia LECCI\u00d3N 245 \u2013 Tu paz est\u00e1 conmigo, Padre. Estoy a salvo. Tu paz me rodea, Padre. Dondequiera que voy, Tu paz me acompa\u00f1a,&hellip; <a href=\"https:\/\/www.vivesur.com\/wpblog\/pensamiento-del-martes-2-de-septiembre-de-2014\/\" class=\"apace-readmore-link\">Read more<\/a><\/p>\n","protected":false},"author":1,"featured_media":0,"comment_status":"open","ping_status":"open","sticky":false,"template":"","format":"standard","meta":[],"categories":[1,8],"tags":[],"_links":{"self":[{"href":"https:\/\/www.vivesur.com\/wpblog\/wp-json\/wp\/v2\/posts\/8928"}],"collection":[{"href":"https:\/\/www.vivesur.com\/wpblog\/wp-json\/wp\/v2\/posts"}],"about":[{"href":"https:\/\/www.vivesur.com\/wpblog\/wp-json\/wp\/v2\/types\/post"}],"author":[{"embeddable":true,"href":"https:\/\/www.vivesur.com\/wpblog\/wp-json\/wp\/v2\/users\/1"}],"replies":[{"embeddable":true,"href":"https:\/\/www.vivesur.com\/wpblog\/wp-json\/wp\/v2\/comments?post=8928"}],"version-history":[{"count":0,"href":"https:\/\/www.vivesur.com\/wpblog\/wp-json\/wp\/v2\/posts\/8928\/revisions"}],"wp:attachment":[{"href":"https:\/\/www.vivesur.com\/wpblog\/wp-json\/wp\/v2\/media?parent=8928"}],"wp:term":[{"taxonomy":"category","embeddable":true,"href":"https:\/\/www.vivesur.com\/wpblog\/wp-json\/wp\/v2\/categories?post=8928"},{"taxonomy":"post_tag","embeddable":true,"href":"https:\/\/www.vivesur.com\/wpblog\/wp-json\/wp\/v2\/tags?post=8928"}],"curies":[{"name":"wp","href":"https:\/\/api.w.org\/{rel}","templated":true}]}}