{"id":8925,"date":"2014-09-03T10:58:17","date_gmt":"2014-09-03T08:58:17","guid":{"rendered":"http:\/\/vivesur.com\/wpblog\/?p=8925"},"modified":"2014-09-03T10:58:17","modified_gmt":"2014-09-03T08:58:17","slug":"pensamiento-del-miercoles-3-de-septiembre-de-2014","status":"publish","type":"post","link":"https:\/\/www.vivesur.com\/wpblog\/pensamiento-del-miercoles-3-de-septiembre-de-2014\/","title":{"rendered":"Pensamiento del mi\u00e9rcoles 3 de septiembre de 2014"},"content":{"rendered":"<p>Un Curso De Milagros Lecci\u00f3n Del Dia<br \/>\nLECCI\u00d3N 246 \u2013 Amar a mi Padre es amar a Su Hijo.<br \/>\n<span style=\"font-size: 12pt;\"><img loading=\"lazy\" src=\"http:\/\/vivesur.com\/wpblog\/wp-content\/uploads\/2014\/09\/wpid-3914-2014-09-3-10-58.jpg\" alt=\"wpid-3914-2014-09-3-10-58.jpg\" width=\"746\" height=\"441\" \/><\/span><br \/>\nQue no piense que puedo encontrar el camino a Dios si abrigo odio en mi coraz\u00f3n. Que no piense que puedo conocer a mi Padre o a mi ser, si trato de hacerle da\u00f1o al Hijo de Dios. Que no deje de reconocerme a m\u00ed mismo, y siga creyendo que mi conciencia puede abarcar lo que mi Padre es o que mi mente puede concebir todo el amor que \u00c9l me profesa y el que yo le profeso a \u00c9l.<\/p>\n<p>Aceptar\u00e9 seguir el camino que T\u00fa elijas para que yo venga a Ti, Padre m\u00edo. Y no podr\u00e9 por menos que triunfar porque as\u00ed lo dispone Tu Voluntad. Y reconocer\u00e9 que lo que Tu Voluntad dispone, y s\u00f3lo eso, es lo que la m\u00eda dispone tambi\u00e9n. Por lo tanto, elijo amar a Tu Hijo. Amen.<\/p>\n<p>?*\u00b4\u00a8) ? H O \u2018 O P O N O P O N O  ?<br \/>\n\u00b8.\u2022\u00b4 \u00b8.\u2022*\u00b4\u00a8) \u00b8.\u2022*\u00a8)\u00b8.\u2022*\u00a8)\u00b8.\u2022*\u00a8)\u00b8.\u2022*\u00a8)<br \/>\n(\u00b8.\u2022\u00b4    LUZ ?  P-H-A-Z ? A L O H A  (\u00b8.\u2022`?<\/p>\n<p>N S 1. 27. 2. 12. Alfa. Turquesa. Mantra: HRAUM. Garganta. UPC KIN 25 (mi\u00e9rcoles 3-9-2014)<\/p>\n<p>ESTRELLA SOLAR AMARILLA \u2013 Kin 48<\/p>\n<p>ESTRELLA: Acci\u00f3n: EMBELLECER. Poder: ELEGANCIA. Esencia: ARTE.<\/p>\n<p>SOLAR: Acci\u00f3n: REALIZAR. Poder: PULSAR. Esencia: INTENCI\u00d3N.<\/p>\n<p>La Torre Solar, formaliza la acci\u00f3n. La acci\u00f3n puesta en movimiento.<\/p>\n<p>D\u00eda 20 de 812. Realizamos la acci\u00f3n del Sol con la Estrella, un Sol junto a otro, complement\u00e1ndose mutuamente. Si hay algo que eleva la vibraci\u00f3n es la creatividad y el arte. Es el d\u00eda de pulsar la intenci\u00f3n y comenzar a desbloquear las verg\u00fcenzas y lo qu\u00e9 dir\u00e1n para avanzar y embellecer la vida. \u00bfC\u00f3mo? Pues creando. \u00bfDe qu\u00e9 manera? De esa que t\u00fa s\u00f3lo sabes y nadie puede ayudarte. Si te da un poco de apuro, marcha a la naturaleza y tendr\u00e1s como p\u00fablico a las plantas y animalillos as\u00ed como a la luz del Sol o las Estrellas. Ellos no te van a criticar por hacerlo mejor o peor. T\u00fa eres el actor, presentador y p\u00fablico. Aqu\u00ed no hay cr\u00edticos. Solicita ayuda de los \u00c1ngeles y elementales, tambi\u00e9n ser\u00e1n tus espectadores callados y an\u00f3nimos.<\/p>\n<p>SOLO DISPONEMOS DEL MOMENTO QUE TENEMOS Y QUE DISFRUTAMOS. HACE UN RATITO, YA PERTENECE AL PASADO, Y DENTRO DE POCO, YA SER\u00c1 FUTURO. \u00bfNOS VAMOS A PERDER LA VIDA POR FALTA DE ATENCI\u00d3N? \u00bfPOR QU\u00c9 NOS CUESTA TANTO REALIZAR EL ARTE PERSONAL PARA EL QUE ESTAMOS DOTADOS? LA ESTRELLA SOLAR NOS INVITA A SENTIRNOS CIUDADANOS C\u00d3SMICOS Y POR LO TANTO CREADORES DE TODO TIPO DE ARTE. LA NOOSFERA MANTIENE TODA LA INFORMACI\u00d3N NECESARIA. \u00a1CON\u00c9CTATE CON LA NOOSFERA!<\/p>\n<p>HASTA AQU\u00cd LA AMPLIACI\u00d3N SOLAR DEL RITMO DE LA ACCI\u00d3N.<\/p>\n<p>?*\u00b4\u00a8) ? H O \u2018 O P O N O P O N O  ?<br \/>\n\u00b8.\u2022\u00b4 \u00b8.\u2022*\u00b4\u00a8) \u00b8.\u2022*\u00a8)\u00b8.\u2022*\u00a8)\u00b8.\u2022*\u00a8)\u00b8.\u2022*\u00a8)<br \/>\n(\u00b8.\u2022\u00b4    LUZ ?  P-H-A-Z ? A L O H A  (\u00b8.\u2022`?<\/p>\n<p>Pensamiento del mi\u00e9rcoles 3 de septiembre de 2014<\/p>\n<p>Es in\u00fatil volver al pasado y detenerse en \u00e9l, basta con extraer lecciones del mismo, hay que pensar en el futuro. Aqu\u00e9l que se aferra al pasado no avanza, se anquilosa. Son los ancianos los que vuelven siempre al pasado, no logran ver c\u00f3mo podr\u00edan proyectarse al futuro. Sin embargo, tambi\u00e9n existe un futuro para ellos, pero no piensan en \u00e9l y siempre cuentan las mismas historias de su juventud. Es algo normal, claro, pero deber\u00edan escuchar mejor a los ni\u00f1os que s\u00f3lo hablan de lo que van a hacer m\u00e1s tarde. \u00bfPor qu\u00e9 no imitarles? Ser ni\u00f1o quiere decir acabar con el pasado, porque siempre es el futuro lo que cuenta. Todos nosotros debemos hacer como los ni\u00f1os. Es cierto que cuando se dice de ciertas personas mayores que \u00abhan vuelto a la infancia\u00bb, no es generalmente algo muy bueno que digamos. Pero he ah\u00ed lo que les sucede a todos aquellos que han rechazado volver a ser como ni\u00f1os porque siempre hay algo nuevo por descubrir y maravillarse. Aqu\u00e9l que no trata de ser un ni\u00f1o conscientemente, se arriesga a serlo un d\u00eda por la fuerza de las cosas, y entonces ser\u00e1 la senilidad.<\/p>\n<p>Omraam Mikha\u00ebl A\u00efvanhov<\/p>\n<p>?*\u00b4\u00a8) ? H O \u2018 O P O N O P O N O  ?<br \/>\n\u00b8.\u2022\u00b4 \u00b8.\u2022*\u00b4\u00a8) \u00b8.\u2022*\u00a8)\u00b8.\u2022*\u00a8)\u00b8.\u2022*\u00a8)\u00b8.\u2022*\u00a8)<br \/>\n(\u00b8.\u2022\u00b4    LUZ ?  P-H-A-Z ? A L O H A  (\u00b8.\u2022`?<\/p>\n<p>Mi\u00e9rcoles 3 de Septiembre de 2014<\/p>\n<p>Otro camino<\/p>\n<p>Si algo parece ser imposible, obs\u00e9rvalo de una manera diferente. Lo que deseas hacer puede ser hecho, aunque quiz\u00e1s no sea de la manera en la cual originalmente hab\u00edas pensado.<\/p>\n<p>Que una calle est\u00e9 cortada no significa que el punto de destino sea inalcanzable. Siempre puedes encontrar otro camino, o desarrollar el tuyo propio.<\/p>\n<p>Una parte importante de cualquier logro pasa por convertirlo en tuyo, propio. Es tu verdadero sue\u00f1o y debes descubrir tu propio camino que lleva hasta all\u00ed.<\/p>\n<p>Cualquier cosa que parezca estar bloque\u00e1ndote s\u00f3lo te est\u00e1 llevando a ser m\u00e1s creativo. Cada desaf\u00edo trae consigo una nueva oportunidad para que aportes al esfuerzo tu valor \u00fanico y especial.<\/p>\n<p>No permitas que tu mente se enrosque tan fuertemente con los problemas cotidianos como para impedirte ver las posibilidades que van m\u00e1s all\u00e1. Reconoce que hay una manera de avanzar, y que t\u00fa la encontrar\u00e1s.<\/p>\n<p>Tu imaginaci\u00f3n es lo primero que te conect\u00f3 con tu sue\u00f1o. Nutre esa imaginaci\u00f3n y d\u00e9jala llevarte a lo largo de todo el camino que conduce hasta all\u00ed.<\/p>\n<p>Gabriel Sandler<\/p>\n<p>?*\u00b4\u00a8) ? H O \u2018 O P O N O P O N O  ?<br \/>\n\u00b8.\u2022\u00b4 \u00b8.\u2022*\u00b4\u00a8) \u00b8.\u2022*\u00a8)\u00b8.\u2022*\u00a8)\u00b8.\u2022*\u00a8)\u00b8.\u2022*\u00a8)<br \/>\n(\u00b8.\u2022\u00b4    LUZ ?  P-H-A-Z ? A L O H A  (\u00b8.\u2022`?<\/p>\n<p>Wednesday, September 3, 2014<\/p>\n<p>The magic is you<\/p>\n<p>Life is truly magical and you can experience the magic in every moment. Life is magical and that magic is here and now.<\/p>\n<p>To experience the magic, you don\u2019t have to divorce yourself from reality. In fact, to know life\u2019s magic is to know reality at its highest level.<\/p>\n<p>There\u2019s no need to set things up in a certain way in order to enjoy life\u2019s magic. All that\u2019s needed is to live with an appreciation for the magic that is always there.<\/p>\n<p>Life\u2019s magic is not a denial of reality. It is a deeper and more thankful understanding of what is real and present in your world.<\/p>\n<p>The real magic of life is not a trick or a supernatural phenomenon. It is in the fact that you can see, feel, think, choose, live and love.<\/p>\n<p>The magic of life is life itself, the very life that you experience in each moment. Live the magic, for the magic is you.<\/p>\n<p>\u2014 Ralph Marston<\/p>\n<p>Daily Law of Attraction Quotation<\/p>\n<p>Overwhelment is about you not being up to speed with what you told the Universe that you want. The Universe is yielding to you. You&#8217;re just not ready to receive it right now.<\/p>\n<p>&#8212; Abraham<\/p>\n<p>?*\u00b4\u00a8) ? H O \u2018 O P O N O P O N O  ?<br \/>\n\u00b8.\u2022\u00b4 \u00b8.\u2022*\u00b4\u00a8) \u00b8.\u2022*\u00a8)\u00b8.\u2022*\u00a8)\u00b8.\u2022*\u00a8)\u00b8.\u2022*\u00a8)<br \/>\n(\u00b8.\u2022\u00b4    LUZ ?  P-H-A-Z ? A L O H A  (\u00b8.\u2022`?<\/p>\n","protected":false},"excerpt":{"rendered":"<p>Un Curso De Milagros Lecci\u00f3n Del Dia LECCI\u00d3N 246 \u2013 Amar a mi Padre es amar a Su Hijo. Que no piense que puedo encontrar el camino a Dios si&hellip; <a href=\"https:\/\/www.vivesur.com\/wpblog\/pensamiento-del-miercoles-3-de-septiembre-de-2014\/\" class=\"apace-readmore-link\">Read more<\/a><\/p>\n","protected":false},"author":1,"featured_media":0,"comment_status":"open","ping_status":"open","sticky":false,"template":"","format":"standard","meta":[],"categories":[1,8],"tags":[],"_links":{"self":[{"href":"https:\/\/www.vivesur.com\/wpblog\/wp-json\/wp\/v2\/posts\/8925"}],"collection":[{"href":"https:\/\/www.vivesur.com\/wpblog\/wp-json\/wp\/v2\/posts"}],"about":[{"href":"https:\/\/www.vivesur.com\/wpblog\/wp-json\/wp\/v2\/types\/post"}],"author":[{"embeddable":true,"href":"https:\/\/www.vivesur.com\/wpblog\/wp-json\/wp\/v2\/users\/1"}],"replies":[{"embeddable":true,"href":"https:\/\/www.vivesur.com\/wpblog\/wp-json\/wp\/v2\/comments?post=8925"}],"version-history":[{"count":0,"href":"https:\/\/www.vivesur.com\/wpblog\/wp-json\/wp\/v2\/posts\/8925\/revisions"}],"wp:attachment":[{"href":"https:\/\/www.vivesur.com\/wpblog\/wp-json\/wp\/v2\/media?parent=8925"}],"wp:term":[{"taxonomy":"category","embeddable":true,"href":"https:\/\/www.vivesur.com\/wpblog\/wp-json\/wp\/v2\/categories?post=8925"},{"taxonomy":"post_tag","embeddable":true,"href":"https:\/\/www.vivesur.com\/wpblog\/wp-json\/wp\/v2\/tags?post=8925"}],"curies":[{"name":"wp","href":"https:\/\/api.w.org\/{rel}","templated":true}]}}