{"id":8619,"date":"2014-07-22T11:35:56","date_gmt":"2014-07-22T09:35:56","guid":{"rendered":"http:\/\/vivesur.com\/wpblog\/?p=8619"},"modified":"2014-07-22T11:35:56","modified_gmt":"2014-07-22T09:35:56","slug":"pensamiento-del-martes-22-de-julio-de-2014","status":"publish","type":"post","link":"https:\/\/www.vivesur.com\/wpblog\/pensamiento-del-martes-22-de-julio-de-2014\/","title":{"rendered":"Pensamiento del martes 22 de julio de 2014"},"content":{"rendered":"<p>Un Curso De Milagros Lecci\u00f3n Del Dia<br \/>\nLECCI\u00d3N 203 \u2013 No soy un cuerpo. Soy libre. Pues a\u00fan soy tal como Dios me cre\u00f3.<br \/>\n<span style=\"font-size: 12pt;\"><img loading=\"lazy\" src=\"http:\/\/vivesur.com\/wpblog\/wp-content\/uploads\/2014\/07\/wpid-22714-2014-07-22-11-35.jpg\" alt=\"wpid-22714-2014-07-22-11-35.jpg\" width=\"725\" height=\"544\" \/><\/span><br \/>\n(183) Invoco el Nombre de Dios y el m\u00edo propio.<\/p>\n<p>El Nombre de Dios es mi liberaci\u00f3n de todo pensamiento de maldad y de pecado porque es mi nombre, as\u00ed como el de \u00c9l.<\/p>\n<p>No soy un cuerpo.Soy libre.<br \/>\nPues a\u00fan soy tal como Dios me cre\u00f3.<\/p>\n<p>?*\u00b4\u00a8) ? H O \u2018 O P O N O P O N O  ?<br \/>\n\u00b8.\u2022\u00b4 \u00b8.\u2022*\u00b4\u00a8) \u00b8.\u2022*\u00a8)\u00b8.\u2022*\u00a8)\u00b8.\u2022*\u00a8)\u00b8.\u2022*\u00a8)<br \/>\n(\u00b8.\u2022\u00b4    LUZ ?  P-H-A-Z ? A L O H A  (\u00b8.\u2022`?<\/p>\n<p>N S 1. 26. 13. 26. Alfa. Turquesa. Mantra: HRAUM. Garganta. UPC KIN 151 PAG (martes 22-7-2014)<\/p>\n<p>SERPIENTE ENTONADA ROJA \u2013 Kin 5 \u2013 UAYEB D\u00cdA 2\u00ba<\/p>\n<p>SERPIENTE: Acci\u00f3n: SOBREVIVIR. Poder: FUERZA VITAL. Esencia: INSTINTOS.<\/p>\n<p>ENTONADA: Acci\u00f3n: COMANDAR. Poder: CONFIERE PODER. Esencia: RESPLANDOR.<\/p>\n<p>La Torre Entonada, toma el mando. Reunir los recursos.<\/p>\n<p>D\u00eda 122 de 144. Hoy 2\u00ba d\u00eda del UAYEB. Reflexionamos sobre los kines de la Familia Polar: Serpiente roja, Perro blanco, \u00c1guila azul y Sol amarillo, que hemos vivido este a\u00f1o que termina. La Serpiente nos da el poder suficiente para enfrentarnos a la verdad, a lo que hemos obtenido en este a\u00f1o, y si todav\u00eda queda algo que modificar, adelante, muda la piel, sobrevive e incrementa tu fuerza vital. S\u00f3lo nosotros sabemos lo que todav\u00eda necesitamos para seguir en el camino del esp\u00edritu.<\/p>\n<p>\u00bfUTILIZO LA FUERZA VITAL EN MI COMPORTAMIENTO? \u00bfME GUSTA REPRESENTAR FORTALEZA O DEBILIDAD? \u00bfME IMPORTA DEMASIADO EL QU\u00c9 DIR\u00c1N O ME SIENTO LIBRE PARA TOMAR MI PODER? \u00bfSOY BRILLANTE POR DENTRO Y POR FUERA? \u00bfS\u00c9 SALIR DE LAS CIRCUNSTANCIAS COMPLICADAS O ME ATRAPAN? \u00bfMANDO EN MI VIDA O PREFIERO SEGUIR LAS INDICACIONES DE OTROS? \u00bfS\u00c9 CUANDO TENGO QUE RECOGERME Y MUDAR LA PIEL RENOV\u00c1NDOME ESPIRITUALMENTE?<\/p>\n<p>HASTA AQU\u00cd HEMOS ESTABLECIDO LA BASE GAL\u00c1CTICA DE LA ACCI\u00d3N<\/p>\n<p>?*\u00b4\u00a8) ? H O \u2018 O P O N O P O N O  ?<br \/>\n\u00b8.\u2022\u00b4 \u00b8.\u2022*\u00b4\u00a8) \u00b8.\u2022*\u00a8)\u00b8.\u2022*\u00a8)\u00b8.\u2022*\u00a8)\u00b8.\u2022*\u00a8)<br \/>\n(\u00b8.\u2022\u00b4    LUZ ?  P-H-A-Z ? A L O H A  (\u00b8.\u2022`?<\/p>\n<p>Pensamiento del martes 22 de julio de 2014<\/p>\n<p>Las plantas, los animales, todos tienen, a su manera, un lenguaje. Pero s\u00f3lo el hombre, entre los seres vivos, posee la palabra. Gracias a la palabra han florecido las culturas y las civilizaciones, y gracias a ella tambi\u00e9n el hombre puede llegar a ser todopoderoso. La verdadera magia, la magia divina, es la palabra luminosa, armoniosa, musical, la palabra que viene de Dios, Cristo, el Verbo. En el \u00c1rbol sefir\u00f3tico, el Verbo est\u00e1 representado por la s\u00e9fira Hochmah, la Sabidur\u00eda, primera emanaci\u00f3n de la s\u00e9fira Kether, la Corona. Hochmah contiene todos los elementos, las letras y los n\u00fameros de los que Dios se sirvi\u00f3 para crear el universo. Cristo es el Verbo de Dios, es la llave universal que abre las puertas de la vida. Aqu\u00e9l que aprende a trabajar con la palabra para que se vuelva poderosa, viva, armoniosa, entrar\u00e1 un d\u00eda en posesi\u00f3n de esta llave. Gracias a ella podr\u00e1 hacer maravillas, primero en s\u00ed mismo, y despu\u00e9s en los dem\u00e1s y en la naturaleza entera. \u00c9ste es el futuro extraordinario que le espera al ser humano: poder con su verbo actuar sobre toda la creaci\u00f3n.<\/p>\n<p>Omraam Mikha\u00ebl A\u00efvanhov<\/p>\n<p>?*\u00b4\u00a8) ? H O \u2018 O P O N O P O N O  ?<br \/>\n\u00b8.\u2022\u00b4 \u00b8.\u2022*\u00b4\u00a8) \u00b8.\u2022*\u00a8)\u00b8.\u2022*\u00a8)\u00b8.\u2022*\u00a8)\u00b8.\u2022*\u00a8)<br \/>\n(\u00b8.\u2022\u00b4    LUZ ?  P-H-A-Z ? A L O H A  (\u00b8.\u2022`?<\/p>\n<p>Martes 22 de Julio de 2014<\/p>\n<p>As\u00ed es la vida<\/p>\n<p>Dedicas un mont\u00f3n de tiempo a corregir las cosas que salen mal. Aseg\u00farate de dedicar al menos la misma cantidad de tiempo y conciencia a disfrutar de la vida cuando las cosas salen bien.<\/p>\n<p>Trabajas concentrada y diligentemente cuidando del jard\u00edn que representa tu mundo. Dedica algo de tiempo relajado, en paz y de buena calidad a estar en ese mismo jard\u00edn, simplemente absorbiendo su belleza.<\/p>\n<p>Hay montones de desaf\u00edos llegando constantemente a tu vida. Cu\u00eddate de no terminar consider\u00e1ndola una lucha en si misma.<\/p>\n<p>Refl\u00e9jate en cambio en el milagro de tu existencia. Siente intensamente la belleza y la maravilla que tienes la capacidad de experimentar, por simplemente ser.<\/p>\n<p>Incluso en medio de los desaf\u00edos, complicados y desafiantes, encuentra la alegr\u00eda que con certeza all\u00ed est\u00e1 y del\u00e9itate en ella. Recu\u00e9rdate a ti mismo a menudo, el privilegio que significa tu existencia.<\/p>\n<p>Inspira el aire fresco, renovado y perfumado y rel\u00e1jate entreg\u00e1ndote al milagro de tu creaci\u00f3n. Esta es la vida, y es de veras incre\u00edble.<\/p>\n<p>Gabriel Sandler<\/p>\n<p>?*\u00b4\u00a8) ? H O \u2018 O P O N O P O N O  ?<br \/>\n\u00b8.\u2022\u00b4 \u00b8.\u2022*\u00b4\u00a8) \u00b8.\u2022*\u00a8)\u00b8.\u2022*\u00a8)\u00b8.\u2022*\u00a8)\u00b8.\u2022*\u00a8)<br \/>\n(\u00b8.\u2022\u00b4    LUZ ?  P-H-A-Z ? A L O H A  (\u00b8.\u2022`?<\/p>\n<p>Daily Law of Attraction Quotation<\/p>\n<p>The reason for desires, goals&#8230;for finding those decisions or points of focus, is because they are the life-giving things of the Universe. Without objects of attention, or objects of desire, Life Force does not come through any of us.<\/p>\n<p>&#8212; Abraham<\/p>\n<p>Tuesday, July 22, 2014<\/p>\n<p>Be more<\/p>\n<p>You can be more than you\u2019ve been. You can be more than you\u2019ve even hoped or dreamed or imagined.<\/p>\n<p>You can learn more, do more, achieve more, give more, experience more, laugh more, love more and live more. You\u2019re fully capable of all that, and more.<\/p>\n<p>No matter where you\u2019ve been or what you\u2019ve already done, you can ask more of yourself. Then, you can truly enjoy the experience of making it happen.<\/p>\n<p>By raising your own expectations, you put yourself on track to lift up the whole world. And the world will always welcome some more positive goodness and substance.<\/p>\n<p>Ask more of yourself, of your life, of your skills, resources and time, and then deliver it. Seek to live in a permanent state of growth and improvement, and you will live well indeed.<\/p>\n<p>You can always be more, and do more, and add more to the miracle that is life. Be more, and feel your growing positive energy as it fills your world.<\/p>\n<p>\u2014 Ralph Marston<\/p>\n<p>?*\u00b4\u00a8) ? H O \u2018 O P O N O P O N O  ?<br \/>\n\u00b8.\u2022\u00b4 \u00b8.\u2022*\u00b4\u00a8) \u00b8.\u2022*\u00a8)\u00b8.\u2022*\u00a8)\u00b8.\u2022*\u00a8)\u00b8.\u2022*\u00a8)<br \/>\n(\u00b8.\u2022\u00b4    LUZ ?  P-H-A-Z ? A L O H A  (\u00b8.\u2022`?<\/p>\n","protected":false},"excerpt":{"rendered":"<p>Un Curso De Milagros Lecci\u00f3n Del Dia LECCI\u00d3N 203 \u2013 No soy un cuerpo. Soy libre. Pues a\u00fan soy tal como Dios me cre\u00f3. (183) Invoco el Nombre de Dios&hellip; <a href=\"https:\/\/www.vivesur.com\/wpblog\/pensamiento-del-martes-22-de-julio-de-2014\/\" class=\"apace-readmore-link\">Read more<\/a><\/p>\n","protected":false},"author":1,"featured_media":0,"comment_status":"open","ping_status":"open","sticky":false,"template":"","format":"standard","meta":[],"categories":[1,8],"tags":[],"_links":{"self":[{"href":"https:\/\/www.vivesur.com\/wpblog\/wp-json\/wp\/v2\/posts\/8619"}],"collection":[{"href":"https:\/\/www.vivesur.com\/wpblog\/wp-json\/wp\/v2\/posts"}],"about":[{"href":"https:\/\/www.vivesur.com\/wpblog\/wp-json\/wp\/v2\/types\/post"}],"author":[{"embeddable":true,"href":"https:\/\/www.vivesur.com\/wpblog\/wp-json\/wp\/v2\/users\/1"}],"replies":[{"embeddable":true,"href":"https:\/\/www.vivesur.com\/wpblog\/wp-json\/wp\/v2\/comments?post=8619"}],"version-history":[{"count":0,"href":"https:\/\/www.vivesur.com\/wpblog\/wp-json\/wp\/v2\/posts\/8619\/revisions"}],"wp:attachment":[{"href":"https:\/\/www.vivesur.com\/wpblog\/wp-json\/wp\/v2\/media?parent=8619"}],"wp:term":[{"taxonomy":"category","embeddable":true,"href":"https:\/\/www.vivesur.com\/wpblog\/wp-json\/wp\/v2\/categories?post=8619"},{"taxonomy":"post_tag","embeddable":true,"href":"https:\/\/www.vivesur.com\/wpblog\/wp-json\/wp\/v2\/tags?post=8619"}],"curies":[{"name":"wp","href":"https:\/\/api.w.org\/{rel}","templated":true}]}}