{"id":8563,"date":"2014-07-05T10:27:18","date_gmt":"2014-07-05T08:27:18","guid":{"rendered":"http:\/\/vivesur.com\/wpblog\/?p=8563"},"modified":"2014-07-05T10:27:18","modified_gmt":"2014-07-05T08:27:18","slug":"pensamiento-del-sabado-5-de-julio-de-2014","status":"publish","type":"post","link":"https:\/\/www.vivesur.com\/wpblog\/pensamiento-del-sabado-5-de-julio-de-2014\/","title":{"rendered":"Pensamiento del S\u00e1bado 5 de julio de 2014"},"content":{"rendered":"<p>Un Curso De Milagros Lecci\u00f3n Del Dia<br \/>\nLECCI\u00d3N 186 \u2013 De mi depende la salvaci\u00f3n del mundo.<br \/>\n<span style=\"font-size: 12pt;\"><img loading=\"lazy\" src=\"http:\/\/vivesur.com\/wpblog\/wp-content\/uploads\/2014\/07\/wpid-sa5714-2014-07-5-10-27.jpg\" alt=\"wpid-sa5714-2014-07-5-10-27.jpg\" width=\"725\" height=\"381\" \/><\/span><br \/>\n\u00c9sta es la afirmaci\u00f3n que alg\u00fan d\u00eda habr\u00e1 de erradicar de toda mente todo vestigio de arrogancia. \u00c9ste es el pensamiento de la verdadera humildad, que no te adjudica ninguna otra funci\u00f3n, excepto la que se te ha encomendado. Dicho pensamiento supone tu aceptaci\u00f3n del papel que te fue asignado, sin insistir en que se te asigne otro. No se detiene a considerar qu\u00e9 papel es el que es adecuado para ti. Tan s\u00f3lo reconoce que la Voluntad de Dios se hace tanto en la tierra como en el Cielo. Une a todas las voluntades de la tierra en el plan celestial para la salvaci\u00f3n del mundo, y les restituye la paz del Cielo.<\/p>\n<p>No nos opongamos a nuestra funci\u00f3n. No fuimos nosotros quienes la establecimos. No fue idea nuestra. Se nos han proporcionado los medios para llevarla a cabo perfectamente. Lo \u00fanico que se nos pide es que aceptemos nuestro papel con genuina humildad, y que no neguemos con un aire de falsa arrogancia que somos dignos de \u00e9l. poseemos la fuerza necesaria para hacer lo que se nos pide llevar a cabo. Nuestras mentes est\u00e1n perfectamente capacitadas para desempe\u00f1ar el papel que nos asign\u00f3 Uno que nos conoce bien.<\/p>\n<p>Mientras no entiendas su significado, puede que la idea de hoy te parezca muy ardua. Lo \u00fanico que dice es que tu Padre te recuerda todav\u00eda y te ofrece la perfecta confianza que tiene en ti, Su Hijo. No te pide que seas diferente de como eres en modo alguno. \u00bfQue otra cosa sino esto podr\u00eda pedir la humildad? \u00bfY qu\u00e9 otra cosa sino esto podr\u00eda negar la arrogancia? Hoy no dejaremos de cumplir nuestro cometido con la enga\u00f1osa excusa de que es un insulto a la modestia. Es el orgullo el que se niega a responder a la Llamada del Propio Dios.<\/p>\n<p>Hoy dejaremos a un lado todo vestigio de falsa humildad para poder escuchar la Voz de Dios revelarnos lo que desea que hagamos. No pondremos en duda nuestra capacidad para llevar a cabo la funci\u00f3n que \u00c9l nos ofrezca. S\u00f3lo estaremos seguros de que \u00c9l conoce nuestras fuerzas, nuestra sabidur\u00eda y nuestra santidad. y si \u00c9l nos considera dignos, es que lo somos. Es s\u00f3lo la arrogancia la que opina de otra manera.<\/p>\n<p>Hay una manera, y s\u00f3lo una, de liberarse del encarcelamiento al que te ha llevado tu plan de probar que lo falso es verdadero. Acepta en lugar de \u00e9l el plan que t\u00fa no trazaste. No juzgues si eres o no merecedor de \u00e9l. Si la Voz de Dios te asegura que la salvaci\u00f3n necesita que t\u00fa desempe\u00f1es tu papel y que la totalidad depende de ti, ten por seguro que as\u00ed es. Los arrogantes tienen que aferrarse a las palabras, temerosos de ir m\u00e1s all\u00e1 de ellas y de experimentar lo que podr\u00eda poner en entredicho su postura. Los humildes, en cambio, son libres para o\u00edr la Voz que les dice lo que son y lo que deben hacer.<\/p>\n<p>La arrogancia forja una imagen de ti que no es real. \u00c9sa es la imagen que se estremece y huye aterrorizada cuando la Voz que habla por Dios te asegura que posees la fuerza, la sabidur\u00eda y la santidad necesarias para ir m\u00e1s all\u00e1 de toda imagen. T\u00fa, a diferencia de la imagen de ti mismo, no eres d\u00e9bil. No eres ignorante ni impotente. El pecado no puede mancillar la verdad que mora en ti, ni la aflicci\u00f3n puede acercarse al santo hogar de Dios.<\/p>\n<p>Esto es lo que te dice la Voz que habla por Dios. y seg\u00fan \u00c9l te habla, la imagen se estremece e intenta atacar la amenaza que le resulta desconocida, al sentir que sus cimientos se derrumban. Aband\u00f3nala. La salvaci\u00f3n del mundo depende de ti, y no de ese peque\u00f1o mont\u00f3n de polvo. \u00bfQu\u00e9 podr\u00eda esa imagen decirle al santo Hijo de Dios? \u00bfPor qu\u00e9 tiene \u00e9l que preocuparse por ella en absoluto?<\/p>\n<p>Y as\u00ed hallamos nuestra paz. Aceptaremos la funci\u00f3n que Dios nos encomend\u00f3, pues toda ilusi\u00f3n descansa sobre la absurda creencia de que podemos inventar otra funci\u00f3n para nosotros. Los papeles que nosotros mismos nos hemos auto-otorgado son inestables y parecen oscilar entre la aflicci\u00f3n y la dicha ext\u00e1tica del amor y de amar. Podemos re\u00edr o llorar, recibir el d\u00eda de buen grado o bien recibirlo con l\u00e1grimas. nuestro propio ser parece cambiar seg\u00fan experimentamos m\u00faltiples cambios en nuestro estado de \u00e1nimo, y nuestras emociones nos remontan hacia lo alto o nos estrellan contra el suelo sumi\u00e9ndonos en la desolaci\u00f3n.<\/p>\n<p>\u00bfEs \u00e9ste el Hijo de Dios? \u00bfHabr\u00eda podido \u00c9l crear semejante inestabilidad y llamarla Su Hijo? Aquel que es inmutable comparte Sus atributos con Su creaci\u00f3n. Ninguna de las im\u00e1genes que Su Hijo aparenta forjar afecta lo que \u00e9l es. Dichas im\u00e1genes revolotean por su mente como hojas arrastradas por el viento, que forman dise\u00f1os fugaces y se desbandan para volverse a agrupar hasta finalmente dispersarse. O como los espejismos que se ven en el desierto.<\/p>\n<p>Estas im\u00e1genes insubstanciales desaparecer\u00e1n y dejar\u00e1n tu mente libre y serena cuando aceptes la funci\u00f3n que se te ha encomendado. Las im\u00e1genes que fabricas s\u00f3lo dan lugar a metas conflictivas, transitorias y vagas, inciertas y ambiguas. \u00bfQui\u00e9n podr\u00eda mantener un esfuerzo constante o poner todas sus energ\u00edas y empe\u00f1o en metas como \u00e9stas? Las funciones que el mundo tiene en gran estima son tan inciertas, que a\u00fan las m\u00e1s s\u00f3lidas cambian por lo menos diez veces por hora. \u00bfQu\u00e9 se puede esperar de metas como \u00e9stas?<\/p>\n<p>Como bello contraste, tan seguro como el retorno del sol cada ma\u00f1ana para disipar la noche, tu verdadera funci\u00f3n se perfila clara e inequ\u00edvocamente. No hay duda acerca de su validez. Pues procede de Uno que no conoce el error y Cuya Voz est\u00e1 segura de Sus mensajes. \u00c9stos nunca cambiar\u00e1n ni estar\u00e1n en conflicto. Todos ellos apuntan hacia un solo objetivo, el cual puedes alcanzar. Puede que tu plan sea imposible, pero el de Dios jam\u00e1s puede fracasar porque \u00c9l es su Fuente.<\/p>\n<p>Haz lo que la Voz de Dios te indique. Y si te pide que hagas algo que parece imposible, recuerda Qui\u00e9n es el que te lo pide y qui\u00e9n el que quiere negarse. Luego considera esto: \u00bfQui\u00e9n de los dos es m\u00e1s probable que est\u00e9 en lo cierto? \u00bfLa Voz que habla por el Creador de todas las cosas y que las conoce exactamente como son o la distorsionada imagen de ti mismo, que es inconsistente y est\u00e1 confundida, perpleja e insegura de todo? No permitas que Su Voz te dirija. Oye en su lugar una Voz que es inequ\u00edvoca y que te habla de la funci\u00f3n que te encomend\u00f3 tu Creador, Quien te recuerda y te exhorta a que te acuerdes de \u00c9l ahora.<\/p>\n<p>Su dulce Voz llama desde lo conocido a lo que no conoce. \u00c9l quiere consolarte, aunque no conoce el pesar. El quiere hacer una restituci\u00f3n, si bien goza de absoluta plenitud; \u00c9l quiere hacerte un regalo, si bien sabe que ya lo tienes todo. \u00c9l tiene Pensamientos que satisfacen cualquier necesidad que Su Hijo perciba, si bien \u00c9l no las ve. pues el Amor s\u00f3lo puede dar, y lo que se da en Su Nombre se manifiesta en la forma m\u00e1s \u00fatil posible en un mundo de formas.<\/p>\n<p>\u00c9sas son las formas que jam\u00e1s pueden enga\u00f1ar, ya que proceden de la Amorfia Misma. El perd\u00f3n es una forma terrenal de amor, que, como tal, no tiene forma en el Cielo. No obstante, lo que aqu\u00ed se necesite, aqu\u00ed se conceder\u00e1. Vali\u00e9ndote de esta forma puedes desempe\u00f1ar tu funci\u00f3n incluso aqu\u00ed, si bien el amor significar\u00e1 mucho m\u00e1s para ti cuando se haya restaurado en ti el estado de amorf\u00eda. La salvaci\u00f3n del mundo depende de ti que puedes perdonar. \u00c9sa es tu funci\u00f3n aqu\u00ed.<\/p>\n<p>?*\u00b4\u00a8) ? H O \u2018 O P O N O P O N O  ?<br \/>\n\u00b8.\u2022\u00b4 \u00b8.\u2022*\u00b4\u00a8) \u00b8.\u2022*\u00a8)\u00b8.\u2022*\u00a8)\u00b8.\u2022*\u00a8)\u00b8.\u2022*\u00a8)<br \/>\n(\u00b8.\u2022\u00b4    LUZ ?  P-H-A-Z ? A L O H A  (\u00b8.\u2022`?<\/p>\n<p>N S 1. 26. 13. 9. Seli. Obsidiana. Mantra: HRAM. Ra\u00edz. UPC Kin 246 (s\u00e1bado 5-7-2014)<\/p>\n<p>ESTRELLA MAGN\u00c9TICA AMARILLA \u2013 Kin 248<\/p>\n<p>ESTRELLA: Acci\u00f3n: EMBELLECER. Poder: ELEGANCIA. Esencia: ARTE.<\/p>\n<p>MAGN\u00c9TICA: Acci\u00f3n: ATRAER. Poder: UNIFICAR. Esencia: PROP\u00d3SITO.<\/p>\n<p>P\u00f3rtico Magn\u00e9tico, identifica el Prop\u00f3sito. \u00bfCu\u00e1l es mi meta?<\/p>\n<p>Seguimos en la Luna C\u00f3smica de la Tortuga de la Presencia, ver ondaencantada. com\/2014\/06\/noosboletin-de-la-luna-cosmica-de-la-tortuga-de-la-presencia-no-51-flt\/ .<\/p>\n<p>Es la Onda Encantada n\u00ba 20 de la Estrella Amarilla de maduraci\u00f3n del Tzolkin; cuarta y \u00faltima de la G\u00e9nesis de la Luna, y del Castillo Verde Central del Encantar, Corte de la Matriz, Sincroniza al Humano.<\/p>\n<p>La Estrella Amarilla el sello n\u00ba 8 y en los Arquetipos Gal\u00e1cticos es conocida como El Artista (ver en ondaencantada. com\/wp-content\/uploads\/2012\/11\/21-Arquetipos-Gal%C3%A1cticos.pdf ).<\/p>\n<p>D\u00eda 105 de 144. Despu\u00e9s de un largo recorrido, estamos a punto de finalizar tanto el Tzolkin como el anillo Semilla Gal\u00e1ctica Amarilla, por ello es muy buen momento para hacer balance y un repaso al a\u00f1o solar-gal\u00e1ctico que termina. Siempre el Tzolkin acaba con la 20\u00aa onda encantada que es la de la Estrella amarilla. De esta manera nos recuerda que \u201cel Tiempo es Arte\u201d. Y, \u00bfqu\u00e9 es Arte?<\/p>\n<p>El volumen III de las Cr\u00f3nicas de la Historia C\u00f3smica, p\u00e1g. 15, Libro del Misterio, escrito por VV&#038;RR, trata sobre todo del ARTE. En \u00e9l podemos leer: \u00abEl \u00e1mbito del Arte es el reino imaginal: El reino imaginal solo puede ser penetrado por la consciencia. El Arte es el veh\u00edculo mediante el cual el reino imaginal se articula de acuerdo a la consciencia espec\u00edfica que entra en \u00e9l. Cuando se entra en el reino imaginal, la consciencia cobra poder para canalizar la forma y la estructura mental particular a una forma o percepci\u00f3n tridimensional, como un poema, una canci\u00f3n o una pintura\u00bb. \u00abEn este reino imaginal la consciencia capta al universo como un proceso de auto creaci\u00f3n, necesariamente art\u00edstico con el fin de ser percibido: Todo lo que ocurre en cualquier universo evoluciona como un proceso de manifestaci\u00f3n art\u00edstica. La consciencia se reconoce a s\u00ed misma a trav\u00e9s del proceso del Arte\u2026\u00bb.<\/p>\n<p>Con relaci\u00f3n al mundo fenom\u00e9nico, el que recibimos a partir de los sentidos, es la imitaci\u00f3n de las construcciones que residen en el reino imaginal.<\/p>\n<p>Esto nos viene a decir que todos los artistas se comunican con su consciencia para traernos las \u201cnuevas\u201d creaciones, con el mundo 13:20 de cuarta y quinta dimensi\u00f3n donde la creatividad m\u00e1s elevada reside. Por ello es tan importante que nosotros disfrutemos de alg\u00fan tipo de Arte personal. Hay gran cantidad de posibilidades y todas disponen del benepl\u00e1cito del universo de donde son extra\u00eddas las ideas originales.<\/p>\n<p>As\u00ed como el universo visible, con sus Galaxias, Sistemas Solares y Estrellas es una belleza inmensa, pero casi indescriptible, aquello que nosotros albergamos en el interior es semejante en majestuosidad y posibilidades de recepci\u00f3n y manifestaci\u00f3n.<\/p>\n<p>Desde nuestras posiciones y trabajos diarios podemos aportar ese puntito de luz que brilla tan poquito para nosotros pero es sencillamente porque est\u00e1 muy lejos, porque se trata de un inmenso Sol c\u00f3smico. En el interior, se asoma por un peque\u00f1o punto de luz y nos proporciona ideas y formas de actuar renovadas. De esta manera vamos incorporando nuestra belleza art\u00edstica a la del cosmos.<\/p>\n<p>\u00bfD\u00f3nde guardamos la imaginaci\u00f3n? \u00bfPara qu\u00e9 la utilizamos? \u00bfSabemos que reside en nosotros o la negamos? \u00bfPor qu\u00e9 el otro crea y nosotros no? \u00bfSabemos conectar con esas im\u00e1genes a trav\u00e9s de la consciencia? \u00bfQu\u00e9 necesitamos? En principio, s\u00f3lo dos condiciones: fe en que podemos, y paz-calma para lograrlo.<\/p>\n<p>Al cerrar los ojos, \u00bfQu\u00e9 pensamos? \u00bfQu\u00e9 im\u00e1genes evocamos? \u00bfQu\u00e9 virtud art\u00edstica queremos recrear? \u00bfCreemos en nuestra potencialidad? \u00bfLa hacemos realidad? Recuerda que pr\u00e1cticamente todo lo deseado a nivel del arte, es posible llegar a lograrlo con m\u00e1s o menos perfecci\u00f3n. Ser\u00eda muy triste trascender, pasar al otro lado sin haber logrado practicar ese g\u00e9nero art\u00edstico que desde que \u00e9ramos ni\u00f1os nos resuena en la mente y en el coraz\u00f3n, pero que no hemos sido capaces de manifestar por creer que no disponemos de las cualidades necesarias para desarrollarlo.<\/p>\n<p>\u00a1Nosotros gozamos de la capacidad de lograr todo aquello que nos resuene!, quiz\u00e1s no con la perfecci\u00f3n que exigimos y por ello ni siquiera lo comenzamos, pero s\u00ed movilizando en el interior esas ganas e ilusi\u00f3n que han sido fieles compa\u00f1eras durante nuestros a\u00f1os de infancia o adolescencia. No se trata de ganar premios con nuestro arte, sino de expresarlo, de sacarlo del coraz\u00f3n y paladear la felicidad que nos proporciona.<\/p>\n<p>EN ESTOS 13 D\u00cdAS DE LA ONDA DE LA ESTRELLA, LE VAMOS A SONRE\u00cdR A LA VIDA POR AYUDARNOS A CONVERTIRNOS EN VERDADEROS ARTISTAS. EN SOLEDAD O EN COMPA\u00d1\u00cdA, ESO NO IMPORTA, PUES UN SENTIMIENTO NUEVO VA A SER DESPERTADO Y NOS LLENAR\u00c1 DE GOZO. AS\u00cd QUE NOS INTRODUCIMOS DE LLENO EN LA B\u00daSQUEDA DEL ARTE DE NUESTRA EXISTENCIA PRESENTE PARA ALCANZAR EL \u00c9XTASIS SUPREMO. \u00a1EXISTE LA POSIBILIDAD DE QUE NOS CONECTE CON DIOS! \u00a1ADELANTE, IMAG\u00cdNATE EXPERIMENTANDO TU ARTE SOBERANO! \u00a1LA CONSCIENCIA VIBRA AL TRANSMITIRNOS ESA INFORMACI\u00d3N Y AYUDARNOS A LOGRAR LA ACCI\u00d3N!<\/p>\n<p>?*\u00b4\u00a8) ? H O \u2018 O P O N O P O N O  ?<br \/>\n\u00b8.\u2022\u00b4 \u00b8.\u2022*\u00b4\u00a8) \u00b8.\u2022*\u00a8)\u00b8.\u2022*\u00a8)\u00b8.\u2022*\u00a8)\u00b8.\u2022*\u00a8)<br \/>\n(\u00b8.\u2022\u00b4    LUZ ?  P-H-A-Z ? A L O H A  (\u00b8.\u2022`?<\/p>\n<p>Pensamiento del S\u00e1bado 5 de julio de 2014<\/p>\n<p>\u00bfOs sent\u00eds animados por un gran ideal de justicia, de generosidad, y quer\u00e9is que este ideal se realice en el mundo? Eso est\u00e1 muy bien, pero no basta. Si no encontr\u00e1is la buena actitud a adoptar, estar\u00e9is fatalmente en conflicto con ciertas personas de vuestro entorno que no querr\u00e1n o\u00edr nada; y al cabo de un cierto tiempo, viendo que a pesar de vuestros buenos argumentos y de vuestros esfuerzos no consegu\u00eds convencerles, acabar\u00e9is desanimados y agriados. \u00bfC\u00f3mo actuar entonces? Simplemente dejando a los dem\u00e1s tranquilos, no querer convencerles a toda costa, sino continuar vosotros instruy\u00e9ndoos y perfeccion\u00e1ndoos&#8230; De esta manera, poco a poco, cuando deb\u00e1is frecuentarles, les impresionar\u00e9is con vuestro dominio, con vuestra lucidez, con la claridad de vuestros razonamientos, y sentir\u00e1n que ten\u00e9is algo que ense\u00f1arles. Mientras os obstin\u00e9is en demostrar a la gente que rechaza o\u00edros que se equivocan, no s\u00f3lo no lo conseguir\u00e9is, sino que os hundir\u00e9is con ellos en terrenos pantanosos. Trabajad con la luz; un d\u00eda, cuando os encontr\u00e9is con ellos, antes siquiera de que abr\u00e1is la boca, comprender\u00e1n que sois vosotros qui\u00e9nes est\u00e1is en la verdad.<\/p>\n<p>Omraam Mikha\u00ebl A\u00efvanhov<\/p>\n<p>?*\u00b4\u00a8) ? H O \u2018 O P O N O P O N O  ?<br \/>\n\u00b8.\u2022\u00b4 \u00b8.\u2022*\u00b4\u00a8) \u00b8.\u2022*\u00a8)\u00b8.\u2022*\u00a8)\u00b8.\u2022*\u00a8)\u00b8.\u2022*\u00a8)<br \/>\n(\u00b8.\u2022\u00b4    LUZ ?  P-H-A-Z ? A L O H A  (\u00b8.\u2022`?<\/p>\n<p>S\u00e1bado 5 de Julio de 2014<\/p>\n<p>Ser la belleza<\/p>\n<p>T\u00f3mate el tiempo para hacer, hoy, algo hermoso. T\u00f3mate el tiempo para hacer algo que te recuerde lo valiosa y hermosa que es la vida.<\/p>\n<p>Esas cuestiones urgentes que parecen tan importantes, no lo son realmente si se las compara con el milagro \u00fanico y especial que constituye tu vida. T\u00f3mate hoy el tiempo para sentirte verdaderamente vivo.<\/p>\n<p>Mira de cerca, con el coraz\u00f3n, y reconoce la magnificencia de las peque\u00f1as y simples cosas. En lugar de negociar todo tu tiempo a cambio de dinero o de amplificadores de tu ego, invierte un poquito de ese tiempo para estar, genuinamente, en paz.<\/p>\n<p>No puedes programar la riqueza de la vida para m\u00e1s tarde. Pero siempre estas a tiempo de disfrutarla en el presente.<\/p>\n<p>Date la posibilidad de vivir esa riqueza. Entr\u00e9gate con alegr\u00eda al anhelo de tu esp\u00edritu.<\/p>\n<p>Siente la inmensidad de la existencia. S\u00e9 la belleza que t\u00fa ya sabes que eres.<\/p>\n<p>Gabriel Sandler<\/p>\n<p>?*\u00b4\u00a8) ? H O \u2018 O P O N O P O N O  ?<br \/>\n\u00b8.\u2022\u00b4 \u00b8.\u2022*\u00b4\u00a8) \u00b8.\u2022*\u00a8)\u00b8.\u2022*\u00a8)\u00b8.\u2022*\u00a8)\u00b8.\u2022*\u00a8)<br \/>\n(\u00b8.\u2022\u00b4    LUZ ?  P-H-A-Z ? A L O H A  (\u00b8.\u2022`?<\/p>\n<p>Daily Law of Attraction Quotation<\/p>\n<p>Everything is valid and everything is truthful, because Law of Attraction lets everything be. The question is not whether it&#8217;s right or wrong, whether their approach is right or wrong, or whether my approach is right or wrong. The question is: Does their approach feel good to me? And if it doesn&#8217;t, then I choose a different approach.<\/p>\n<p>&#8212; Abraham<\/p>\n<p>Saturday, July 5, 2014<\/p>\n<p>Let the thoughts flow<\/p>\n<p>When you try too hard to be creative, all you get is trying and not much creating. Let go of the trying, let go of the striving, and let the creative thoughts flow.<\/p>\n<p>You are filled with spectacular thoughts and ideas for making life more beautiful and fulfilling. The problem is, most of those ideas never reach the surface because you\u2019re trying so hard to think of other things.<\/p>\n<p>So just ease off the trying and enjoy watching and listening as your thoughts naturally come into your awareness. Instead of getting all uptight with the goal of a particular thought in mind, just pay attention to what your authentic self is telling you.<\/p>\n<p>Before long, if you simply let your thoughts flow, something very useful and appropriate will come along. It will have the added benefit of being elegant and original.<\/p>\n<p>There is so much value in your authentic thoughts that you don\u2019t ever have to settle for contrived thoughts. Be grateful and joyful about who you are, and you will easily come to understand what you seek to know.<\/p>\n<p>You have an immensely deep and largely untapped reservoir of brilliant creativity within you. Let your thoughts freely flow, and let that creativity come forth.<\/p>\n<p>\u2014 Ralph Marston<\/p>\n<p>?*\u00b4\u00a8) ? H O \u2018 O P O N O P O N O  ?<br \/>\n\u00b8.\u2022\u00b4 \u00b8.\u2022*\u00b4\u00a8) \u00b8.\u2022*\u00a8)\u00b8.\u2022*\u00a8)\u00b8.\u2022*\u00a8)\u00b8.\u2022*\u00a8)<br \/>\n(\u00b8.\u2022\u00b4    LUZ ?  P-H-A-Z ? A L O H A  (\u00b8.\u2022`?<\/p>\n","protected":false},"excerpt":{"rendered":"<p>Un Curso De Milagros Lecci\u00f3n Del Dia LECCI\u00d3N 186 \u2013 De mi depende la salvaci\u00f3n del mundo. \u00c9sta es la afirmaci\u00f3n que alg\u00fan d\u00eda habr\u00e1 de erradicar de toda mente&hellip; <a href=\"https:\/\/www.vivesur.com\/wpblog\/pensamiento-del-sabado-5-de-julio-de-2014\/\" class=\"apace-readmore-link\">Read more<\/a><\/p>\n","protected":false},"author":1,"featured_media":0,"comment_status":"open","ping_status":"open","sticky":false,"template":"","format":"standard","meta":[],"categories":[1,8],"tags":[],"_links":{"self":[{"href":"https:\/\/www.vivesur.com\/wpblog\/wp-json\/wp\/v2\/posts\/8563"}],"collection":[{"href":"https:\/\/www.vivesur.com\/wpblog\/wp-json\/wp\/v2\/posts"}],"about":[{"href":"https:\/\/www.vivesur.com\/wpblog\/wp-json\/wp\/v2\/types\/post"}],"author":[{"embeddable":true,"href":"https:\/\/www.vivesur.com\/wpblog\/wp-json\/wp\/v2\/users\/1"}],"replies":[{"embeddable":true,"href":"https:\/\/www.vivesur.com\/wpblog\/wp-json\/wp\/v2\/comments?post=8563"}],"version-history":[{"count":0,"href":"https:\/\/www.vivesur.com\/wpblog\/wp-json\/wp\/v2\/posts\/8563\/revisions"}],"wp:attachment":[{"href":"https:\/\/www.vivesur.com\/wpblog\/wp-json\/wp\/v2\/media?parent=8563"}],"wp:term":[{"taxonomy":"category","embeddable":true,"href":"https:\/\/www.vivesur.com\/wpblog\/wp-json\/wp\/v2\/categories?post=8563"},{"taxonomy":"post_tag","embeddable":true,"href":"https:\/\/www.vivesur.com\/wpblog\/wp-json\/wp\/v2\/tags?post=8563"}],"curies":[{"name":"wp","href":"https:\/\/api.w.org\/{rel}","templated":true}]}}