{"id":8495,"date":"2014-06-20T17:26:54","date_gmt":"2014-06-20T15:26:54","guid":{"rendered":"http:\/\/vivesur.com\/wpblog\/?p=8495"},"modified":"2014-06-20T17:26:54","modified_gmt":"2014-06-20T15:26:54","slug":"lugar-nerja-foro-acce-20-a-22-junio-14","status":"publish","type":"post","link":"https:\/\/www.vivesur.com\/wpblog\/lugar-nerja-foro-acce-20-a-22-junio-14\/","title":{"rendered":"Lugar:   Nerja foro acce 20 a 22 junio 14"},"content":{"rendered":"<p>Viernes 20 de junio 2014:<br \/>\n<span style=\"font-size: 12pt;\"><img loading=\"lazy\" src=\"http:\/\/vivesur.com\/wpblog\/wp-content\/uploads\/2014\/06\/wpid-10449934_691502734237384_5185948386604492995_n-2014-06-20-17-26.jpg\" alt=\"wpid-10449934_691502734237384_5185948386604492995_n-2014-06-20-17-26.jpg\" width=\"648\" height=\"479\" \/><\/span><br \/>\n10.00 &#8211; 10.30h (lugar: Sala Mercado) Desayuno<br \/>\n10.30 &#8211; 11.30h (lugar: Sala Mercado) Manuel Estrada Villodres &#8211; \u201cEl origen da la enfermedad guarda un secreto\u201d<br \/>\n11.30 &#8211; 12.00h (lugar: Sala Mercado) Rueda de Prensa<br \/>\n12.00 &#8211; 13.00h (lugar: Sala Mercado) Carmen Carballo Basadre &#8211; Conferencia coloquio \u201cLa Educaci\u00f3n prenatal y la Paz mundial\u201d<br \/>\n13.15 &#8211; 14.15h (lugar: Sala Mercado) Mar\u00eda Jose Viqueira &#8211; Conferencia \u201cPensamiento y Evoluci\u00f3n\u201d<\/p>\n<p>14.30 &#8211; 15.45h (lugar: Sala Mercado) \u00c1gape por Lizarran Nerja<\/p>\n<p>16.00 &#8211; 17.00h (lugar: Sala Mercado) Mesa participativa de Agricultura Ecol\u00f3gica y Medioambiente con Nacho Salar, Antonio Atencia y m\u00e1s<br \/>\n17.15 &#8211; 18.15h (lugar: Sala Mercado) Nacho Salar &#8211; Conferencia \u201cPlantas Medicinales Aut\u00f3ctonas II\u201d<br \/>\n18.30 &#8211; 19.45h (lugar: Sala Mercado) Jesus Duque &#8211; Conferencia coloquuio \u201cLa Venta con Corazon\u201d<br \/>\n20.00 &#8211; 21.00h (lugar: Sala Mercado) Celia Alvarez Fresno &#8211; Conferencia \u201cUnas palabras para el Amor\u201d con presentacion de su septimo libro \u201cUna Historia en el Aire\u201d<br \/>\n21.00 &#8211; 22.00h (lugar: Sala Mercado) Alfredo Alc\u00e1zar &#8211; Conferencia coloquio \u201cCr\u00e9etelo. Todo lo que quieres es posible\u201d<br \/>\n22.00 &#8211; 23.00h (lugar: Sala Mercado) Bart Edel Banda- Concierto de Blues<\/p>\n<p>S\u00e1bado 21 de junio 2014:<br \/>\n09.00 &#8211; 10.00h (lugar: Sala Mercado) Alison Caldwell &#8211; Taller de Yoga<br \/>\n10.15 &#8211; 11.45h (lugar: Sala Mercado) Jeronimo Lloret y Belen Rinc\u00f3n &#8211; Clinica Rincon Taller \u201cLa toma de consciencia a trav\u00e9s de la terapia Gestalt\u201d<br \/>\n12.30 &#8211; 14.00h (lugar: Centro Cultural) Dra Odile Fern\u00e1ndez (Teatro) &#8211; Mis Recetas Anticancer<\/p>\n<p>14.30 &#8211; 16.00h Comida en el Parador con Suzanne Powell y Odile Fern\u00e1ndez<\/p>\n<p>17.00 &#8211; 18.00h (lugar: Sala Mercado) Club de Leones &#8211; Conferencia coloquio \u201c\u00bfQue hacemos los Leones?\u201d<br \/>\n18.15 &#8211; 19.15h (lugar: Sala Mercado) Laura Fern\u00e1ndez &#8211; \u201cLos maestros espirituales en el mundo de hoy y meditaci\u00f3n\u201d<br \/>\n19.30 &#8211; 21.00h (lugar: Centro Cultural) Ramiro Calle &#8211; Taller de Relajaci\u00f3n y Meditaci\u00f3n<br \/>\n22.00h (lugar: Plaza de los Cangrejos) Ananda Sananda (Alicia S\u00e1nchez Montalb\u00e1n y V\u00edctor Polo) &#8211; Concierto<\/p>\n<p>Domingo 22 de junio 2014:<br \/>\n09.30 &#8211; 10.15h (lugar: Sala Mercado) Yordanka Yakovleva (Dana) &#8211; La Paneuritmia, La Danza de Alma<br \/>\n10.30 &#8211; 11.30h (lugar: Sala Mercado) Anna Trelles y Bart Edel &#8211; \u201cEgo y Neurociencia Neuroptimal\u00ae\u201d<br \/>\n12.30 &#8211; 14.00h \u00a1Aforo completo! (lugar: Centro Cultural) Suzanne Powell &#8211; \u201cCuerpo, mente, esp\u00edritu. Camino hol\u00edstico hacia el nuevo paradigma.\u201d<\/p>\n<p>Sal\u00f3n Cueva de Nerja:<br \/>\n14.30 &#8211; 15.30h \u00c1gape y Bienvenida al Salon<br \/>\n<a href=\"http:\/\/www.foroacce.com\/programa.html\">http:\/\/www.foroacce.com\/programa.html<\/a><br \/>\n16.00 &#8211; 17.00h (Lugar: Sal\u00f3n de la Cueva de Nerja) Ramon Boquera &#8211; Taller Sanaci\u00f3n Reconectiva y Reconexi\u00f3n<br \/>\n17.00 &#8211; 18.00h Meditacion en el interior de la cueva de Nerja &#8211; Ananda Sananda<br \/>\n18.00 &#8211; 19.00h (Lugar: Sal\u00f3n de la Cueva de Nerja) Ananda Sananda (Alicia S\u00e1nchez Montalb\u00e1n y V\u00edctor Polo) Conferencia &#8211; \u201cTodos tenemos un gu\u00eda espiritual. Incluye una peque\u00f1a conexi\u00f3n con el\u201d.<br \/>\n19.00 &#8211; 20.00h (Lugar: Sal\u00f3n de la Cueva de Nerja)Jos\u00e9 Manuel Azcona Pastor &#8211; Conferencia coloquio \u201cLos peligros de la globalizaci\u00f3n de la econom\u00eda mundo y sus designios\u201d<br \/>\n20.00 &#8211; 21.00h (Lugar: Sal\u00f3n de la Cueva de Nerja) Gabriela Romina Bruno &#8211; Concierto Taller Cuencos Tibetanos y armonizaci\u00f3n de Chackras<br \/>\n21.00 (Lugar: Sal\u00f3n de la Cueva de Nerja) Restaurante FUSION (Jovenes emprendedores) Cocina artesanal y delicatessen en cooperaci\u00f3n con Dreams Academy (Academia del Esp\u00edritu Empresarial) y Magnus Dahl nos invita a un picoteo para despedir el Foro.<\/p>\n","protected":false},"excerpt":{"rendered":"<p>Viernes 20 de junio 2014: 10.00 &#8211; 10.30h (lugar: Sala Mercado) Desayuno 10.30 &#8211; 11.30h (lugar: Sala Mercado) Manuel Estrada Villodres &#8211; \u201cEl origen da la enfermedad guarda un secreto\u201d&hellip; <a href=\"https:\/\/www.vivesur.com\/wpblog\/lugar-nerja-foro-acce-20-a-22-junio-14\/\" class=\"apace-readmore-link\">Read more<\/a><\/p>\n","protected":false},"author":1,"featured_media":0,"comment_status":"open","ping_status":"open","sticky":false,"template":"","format":"standard","meta":[],"categories":[1,8],"tags":[],"_links":{"self":[{"href":"https:\/\/www.vivesur.com\/wpblog\/wp-json\/wp\/v2\/posts\/8495"}],"collection":[{"href":"https:\/\/www.vivesur.com\/wpblog\/wp-json\/wp\/v2\/posts"}],"about":[{"href":"https:\/\/www.vivesur.com\/wpblog\/wp-json\/wp\/v2\/types\/post"}],"author":[{"embeddable":true,"href":"https:\/\/www.vivesur.com\/wpblog\/wp-json\/wp\/v2\/users\/1"}],"replies":[{"embeddable":true,"href":"https:\/\/www.vivesur.com\/wpblog\/wp-json\/wp\/v2\/comments?post=8495"}],"version-history":[{"count":0,"href":"https:\/\/www.vivesur.com\/wpblog\/wp-json\/wp\/v2\/posts\/8495\/revisions"}],"wp:attachment":[{"href":"https:\/\/www.vivesur.com\/wpblog\/wp-json\/wp\/v2\/media?parent=8495"}],"wp:term":[{"taxonomy":"category","embeddable":true,"href":"https:\/\/www.vivesur.com\/wpblog\/wp-json\/wp\/v2\/categories?post=8495"},{"taxonomy":"post_tag","embeddable":true,"href":"https:\/\/www.vivesur.com\/wpblog\/wp-json\/wp\/v2\/tags?post=8495"}],"curies":[{"name":"wp","href":"https:\/\/api.w.org\/{rel}","templated":true}]}}