{"id":8434,"date":"2014-06-09T11:59:18","date_gmt":"2014-06-09T09:59:18","guid":{"rendered":"http:\/\/vivesur.com\/wpblog\/?p=8434"},"modified":"2014-06-09T11:59:18","modified_gmt":"2014-06-09T09:59:18","slug":"pensamiento-del-lunes-9-de-junio-de-2014","status":"publish","type":"post","link":"https:\/\/www.vivesur.com\/wpblog\/pensamiento-del-lunes-9-de-junio-de-2014\/","title":{"rendered":"Pensamiento del lunes 9 de junio de 2014"},"content":{"rendered":"<p>Un Curso De Milagros Lecci\u00f3n Del Dia<br \/>\nLECCI\u00d3N 160 \u2013 Yo estoy en mi hogar. El miedo es el que es un extra\u00f1o aqu\u00ed.<br \/>\n<span style=\"font-size: 12pt;\"><img loading=\"lazy\" src=\"http:\/\/vivesur.com\/wpblog\/wp-content\/uploads\/2014\/06\/wpid-9614-2014-06-9-11-59.jpg\" alt=\"wpid-9614-2014-06-9-11-59.jpg\" width=\"589\" height=\"582\" \/><\/span><br \/>\nEl miedo es un extra\u00f1o en los caminos del amor. Identif\u00edcate con el miedo, y te vuelves un extra\u00f1o ante tus propios ojos. Y de este modo, no te conocer\u00e1s a ti mismo. Lo que tu Ser es sigue siendo algo ajeno para la parte de ti que cree que es real, aunque diferente de ti. \u00bfQui\u00e9n podr\u00eda estar en su sano juicio en tales circunstancias? \u00bfQui\u00e9n sino un loco podr\u00eda creer que \u00e9l es lo que no es, y juzgar en contra de s\u00ed mismo?<\/p>\n<p>Hay un extra\u00f1o entre nosotros que procede de una idea tan ajena a la verdad, que habla un idioma distinto, percibe un al mundo que la verdad desconoce y entiende aquello que la verdad juzga como carente de sentido. Pero a\u00fan m\u00e1s extra\u00f1o es el hecho de que no reconoce a aquel a quien visita, y sin embargo, sostiene que el hogar de \u00e9ste es suyo, mientras que el que est\u00e1 en tu hogar es el que es el extra\u00f1o. No obstante, qu\u00e9 f\u00e1cil ser\u00eda decir: \u201cEste es mi hogar. Aqu\u00ed es donde me corresponde estar y no me ir\u00e9 porque un loco me diga que tengo que hacerlo\u201d.<\/p>\n<p>\u00bfQu\u00e9 raz\u00f3n hay para no decir esto? \u00bfCu\u00e1l podr\u00eda ser la raz\u00f3n sino que has invitado a ese extra\u00f1o a ocupar tu lugar, y has permitido convertirte en un extra\u00f1o ante tus propios ojos? Nadie se dejar\u00eda desahuciar tan innecesariamente a no ser que pensase que hay otro hogar que est\u00e1 m\u00e1s de acuerdo con sus gustos.<\/p>\n<p>\u00bfQui\u00e9n es el extra\u00f1o? \u00bfA qui\u00e9n no le corresponde estar en el hogar que Dios provey\u00f3 para Su Hijo, a ti o al miedo? \u00bfEs acaso el miedo obra Suya, creado a Su semejanza? \u00bfEs acaso el miedo lo que el amor completa y mediante lo cual se completa a s\u00ed mismo? No hay hogar que pueda darle cobijo al amor y al miedo pues no pueden coexistir. Si t\u00fa eres real, el miedo no puede sino ser una ilusi\u00f3n. mas si el miedo es real, entonces eres t\u00fa el que no existe.<\/p>\n<p>\u00a1Qu\u00e9 f\u00e1cilmente se puede resolver este dilema! Todo aquel que teme no ha hecho sino negar su verdadera identidad y decir: \u201cYo soy el extra\u00f1o aqu\u00ed. De modo que le cedo mi lugar a uno que es m\u00e1s como yo que yo mismo, y le doy todo cuanto pens\u00e9 que era m\u00edo\u201d Ahora se ha exilado por fuerza, sin saber qui\u00e9n es, inseguro de todo menos de esto: que \u00e9l no es \u00e9l mismo, y que se le ha negado su hogar.<\/p>\n<p>\u00bfEn pos de qu\u00e9 va a ir ahora? \u00bfQu\u00e9 podr\u00eda encontrar? Alguien que se ha convertido en un extra\u00f1o ante sus propios ojos no puede encontrar un hogar no importa d\u00f3nde lo busque, pues \u00e9l mismo ha imposibilitado su regreso. Est\u00e1 perdido a menos que un milagro venga y le muestre que ya no es un extra\u00f1o. El milagro vendr\u00e1. Pues su Ser sigue morando en su hogar. Y su Ser no ha invitado a ning\u00fan extra\u00f1o ni se ha confundido a Si Mismo con ning\u00fan pensamiento ajeno a \u00c9l. E invocar\u00e1 a lo que es Suyo a s\u00ed mismo en reconocimiento de lo que es Suyo.<\/p>\n<p>\u00bfQui\u00e9n es el extra\u00f1o? \u00bfNo es acaso aquel a quien tu Ser no invoca? Ahora eres incapaz de reconocer a ese extra\u00f1o que merodea entre vosotros, pues le has cedido tu legitimo lugar. No obstante, tu Ser est\u00e1 tan seguro de lo que es Suyo como Dios lo est\u00e1 de Su Hijo. Dios no est\u00e1 confundido con respecto a la creaci\u00f3n. Est\u00e1 seguro de lo que es Suyo. Ning\u00fan extra\u00f1o se puede interponer entre Su conocimiento y la realidad de Su Hijo. El no sabe de extra\u00f1os. \u00c9l est\u00e1 seguro de Su Hijo.<\/p>\n<p>La certeza de Dios es suficiente. A aquel a quien \u00c9l reconoce como Su Hijo le corresponde estar all\u00ed donde \u00c9l estableci\u00f3 a Su Hijo para siempre. \u00c9l ha contestado tu pregunta: \u201c\u00bfQui\u00e9n es el extra\u00f1o?\u201d Oye Su Voz asegurarte, con serenidad y certeza, que t\u00fa no eres un extra\u00f1o para tu Padre ni tu Creador se ha vuelto un extra\u00f1o para ti. Aquel a quien Dios se ha unido es eternamente uno, pues est\u00e1 en su hogar en \u00c9l, y no es un extra\u00f1o para Si Mismo.<\/p>\n<p>Hoy damos gracias de que Cristo haya venido a buscar en el mundo lo que es Suyo. Su visi\u00f3n no ve extra\u00f1os, sino que contempla a los Suyos y se une a ellos jubilosamente. Ellos lo ven como un extra\u00f1o, pues no se reconocen a s\u00ed mismos. No obstante, a medida que le den la bienvenida, lo recordar\u00e1n. Y \u00c9l los conducir\u00e1 dulcemente de regreso a su hogar, donde les corresponde estar.<\/p>\n<p>Cristo no se olvida de nadie. No deja de darte ni uno solo de tus hermanos para que los recuerdes a todos, de manera que tu hogar pueda ser pleno y perfecto, tal como fue instituido. El no se ha olvidado de ti. Mas t\u00fa no lo podr\u00e1s recordar a \u00c9l hasta que contemples todo tal como \u00c9l lo hace. \u00c9l que niega a su hermano lo est\u00e1 negando a \u00c9l, y, por lo tanto, se est\u00e1 negando a aceptar el don de la visi\u00f3n mediante el cual puede reconocer a su Ser claramente, recordar su hogar y alcanzar la salvaci\u00f3n.<\/p>\n<p>?*\u00b4\u00a8) ? H O \u2018 O P O N O P O N O  ?<br \/>\n\u00b8.\u2022\u00b4 \u00b8.\u2022*\u00b4\u00a8) \u00b8.\u2022*\u00a8)\u00b8.\u2022*\u00a8)\u00b8.\u2022*\u00a8)\u00b8.\u2022*\u00a8)<br \/>\n(\u00b8.\u2022\u00b4    LUZ ?  P-H-A-Z ? A L O H A  (\u00b8.\u2022`?<\/p>\n<p>N S 1. 26. 12. 11. Kali. Plata. Mantra: HRIM. Chakra: Centro Secreto. UPC Kin 230 (lunes 9-6-2014)<\/p>\n<p>VIENTO MAGN\u00c9TICO BLANCO \u2013 Kin 222 \u2013 Portal Activaci\u00f3n Gal\u00e1ctica<\/p>\n<p>VIENTO: Acci\u00f3n: COMUNICAR. Poder: ESP\u00cdRITU. Esencia: ALIENTO.<\/p>\n<p>MAGN\u00c9TICO: Acci\u00f3n: ATRAER. Poder: UNIFICAR. Esencia: PROP\u00d3SITO.<\/p>\n<p>P\u00f3rtico Magn\u00e9tico, identifica el Prop\u00f3sito. \u00bfCu\u00e1l es mi meta?<\/p>\n<p>D\u00eda 79 de 144. Transitando por el Tzolkin llegamos a la onda del Viento que nos muestra sus tres cualidades principales: COMUNICAR-ESP\u00cdRITU-ALIENTO. Si adem\u00e1s lo contemplamos desde su Arquetipo Gal\u00e1ctico, se presenta como LA SUMA SACERDOTISA, la Dama de los Vientos guardiana de los t\u00faneles de la mente.<\/p>\n<p>Es importante recordar que muchas relaciones de pareja, grupo, e incluso familiares, fracasan por falta de di\u00e1logo y comunicaci\u00f3n. No es recomendable guardar en el interior aquello que nos molesta o hace da\u00f1o de otras personas y situaciones. En la relaci\u00f3n con los dem\u00e1s, la palabra bien empleada es fundamental. Y en el trato con uno mismo, \u00bftambi\u00e9n tenemos que tener comunicaci\u00f3n? \u00bfSon buenos los di\u00e1logos internos? \u00bfEst\u00e1n estructurados por la mente? \u00bfC\u00f3mo distinguir entre los susurros del esp\u00edritu y el parloteo interior sobre lo vivido y lo que acontece?<\/p>\n<p>Nuestra mente tiene mucho poder, si no dejamos espacio para recibir el aliento del esp\u00edritu, nos podemos introducir en un bucle de pensamientos que lleguen a perjudicarnos. La vida posee tantas formas diferentes de verla como personas existen en el planeta. En los humanos hay muchos puntos en com\u00fan, sin embargo, lo que nos separa son precisamente los aspectos en los que nosotros nos sentimos distintos. Y en ello est\u00e1 lo maravilloso de esta existencia de seres tanto divinos como humanos: \u201cSomos iguales pero a la vez con diferencias\u201d.<\/p>\n<p>La comunicaci\u00f3n se est\u00e1 convirtiendo en un codo con codo con la m\u00e1quina. Sustituimos la conversaci\u00f3n entre personas por la interacci\u00f3n tecnol\u00f3gica. Los mensajes continuos rompen la actividad que en ese momento se est\u00e1 realizando. La juventud ya no conoce otra vida que la de interactuar con su maquinita personal a todas horas. La comunicaci\u00f3n ha adquirido un tinte de realidad virtual. La\u201dTecnosfera\u201d est\u00e1 en su punto m\u00e1s \u00e1lgido. Despu\u00e9s, en su relaci\u00f3n personal con amigos y familiares, es posible que haya problemas a la hora de dialogar y manifestar una comprensi\u00f3n mutua.<\/p>\n<p>\u00bfPor qu\u00e9 sucede esta separaci\u00f3n? Porque falta algo fundamental: \u201cLa comunicaci\u00f3n con nuestro propio esp\u00edritu, escuchar sus palabras trasmitidas por el Viento\u201d. El cosmos, la galaxia, el Sol, los seres estelares, los gu\u00edas\u2026, nos env\u00edan continuamente mensajes y alertas, en forma de informaci\u00f3n que el Viento nos trasmite cada vez que sisea a nuestros o\u00eddos. Unos son personales, otros grupales e incluso planetarios. \u00bfCu\u00e1ntos de nosotros estamos dispuestos a parar, apagar todas las m\u00e1quinas que nos rodean, y sencillamente sentarnos a escuchar desde dentro, en posici\u00f3n de espalda recta, respiraci\u00f3n relajada, mente vac\u00eda y coraz\u00f3n abierto?<\/p>\n<p>Estamos transitando de la Biosfera o esfera de la vida, a la Noosfera o esfera de la mente; atravesando la ciberesfera y la tecnosfera, como pasos intermedios. En la Noosfera, vaticinada por pensadores en el pasado y por Valum Votan en el presente, todos podemos recibir paquetes de informaci\u00f3n preparada por los seres estelares para este proceso y momento especial de la Tierra. La Noosfera es el conjunto de pensamientos de todos los seres vivos del planeta Tierra que formamos la mente planetaria. Puedes ver el art\u00edculo, \u201cManifiesto por al Noosfera: La Tierra y yo somos una sola mente\u201d, de Valum Votan-Jos\u00e9 Arg\u00fcelles http:\/\/ ondaencantada. com\/2011\/03\/manifiesto-por-la-noosfera-la-tierra-y-yo-somos-una-sola-mente\/ .<\/p>\n<p>El Viento proporciona una oportunidad para comunicarnos desde el amor, en primer lugar con nosotros mismos, escuchando la voz interior que nos habla aunque hasta ahora no la hayamos escuchado. Despu\u00e9s, nos abriremos a dialogar con las personas del entorno m\u00e1s cercano, e incluso puede que con otras que ahora ni conocemos. De todo y de todos siempre se aprende algo; aunque nos pase desapercibido a nivel consciente.<\/p>\n<p>NOS ESPERAN 13 D\u00cdAS DE ABRIRNOS AL VIENTO, INCLUSO ATMOSF\u00c9RICO, PUES MUEVE MUCHA INFORMACI\u00d3N Y LA TRANSPORTA DESDE EL ORIGEN C\u00d3SMICO A SUS DESTINATARIOS TERRESTRES. ESOS SOMOS NOSOTROS. LA INFORMACI\u00d3N LLEGA A TRAV\u00c9S DE LOS T\u00daNELES NOOSF\u00c9RICOS DE LA MENTE, Y LA PERCIBIMOS EN FORMA DE IDEAS, IM\u00c1GENES, VISIONES, PENSAMIENTOS, IMPULSOS\u2026 DETR\u00c1S DE TODO ELLO, EST\u00c1 COMO SIEMPRE EL ESP\u00cdRITU DEL CREADOR, AYUD\u00c1NDONOS A EVOLUCIONAR EN CONSCIENCIA A TRAV\u00c9S DE LA COMUNICACI\u00d3N DEL VIENTO.<\/p>\n<p>?*\u00b4\u00a8) ? H O \u2018 O P O N O P O N O  ?<br \/>\n\u00b8.\u2022\u00b4 \u00b8.\u2022*\u00b4\u00a8) \u00b8.\u2022*\u00a8)\u00b8.\u2022*\u00a8)\u00b8.\u2022*\u00a8)\u00b8.\u2022*\u00a8)<br \/>\n(\u00b8.\u2022\u00b4    LUZ ?  P-H-A-Z ? A L O H A  (\u00b8.\u2022`?<\/p>\n<p>Pensamiento del lunes 9 de junio de 2014<\/p>\n<p>Un criminal ha sido ejecutado: deb\u00e9is saber que s\u00f3lo se han librado de \u00e9l en el plano f\u00edsico; en realidad, sigue viviendo en los planos sutiles, porque su alma, habitada por malos instintos, sigue existiendo. Una vez muerto, este criminal se va a los planos astral y mental inferiores y sigue alimentando al mal insinu\u00e1ndose en la cabeza y en el coraz\u00f3n de aqu\u00e9llos que, en la tierra, est\u00e1n conectados con \u00e9l por las mismas afinidades criminales. A trav\u00e9s de ellos, se esfuerza en continuar realizando sus proyectos mal\u00e9ficos. En cierta manera, tiene incluso m\u00e1s posibilidades de acci\u00f3n que antes de su muerte, ya que no est\u00e1 limitado por su cuerpo f\u00edsico. Y el mismo fen\u00f3meno se produce cuando exterminan a justos, a santos, a profetas, a todos los que se pusieron al servicio del bien, del amor, de la luz. Solamente destruyen su cuerpo, pero no su esp\u00edritu. Ellos tambi\u00e9n, en el m\u00e1s all\u00e1, contin\u00faan alimentando las mismas convicciones, el mismo deseo de iluminar a los humanos, de liberarles. Prosiguen, pues, su trabajo infiltr\u00e1ndose en las cabezas y los corazones de todos aqu\u00e9llos que est\u00e1n en el mundo y son capaces de comprenderles y de seguirles. Su muerte no detiene la propagaci\u00f3n de sus ideas.<\/p>\n<p>Omraam Mikha\u00ebl A\u00efvanhov<\/p>\n<p>?*\u00b4\u00a8) ? H O \u2018 O P O N O P O N O  ?<br \/>\n\u00b8.\u2022\u00b4 \u00b8.\u2022*\u00b4\u00a8) \u00b8.\u2022*\u00a8)\u00b8.\u2022*\u00a8)\u00b8.\u2022*\u00a8)\u00b8.\u2022*\u00a8)<br \/>\n(\u00b8.\u2022\u00b4    LUZ ?  P-H-A-Z ? A L O H A  (\u00b8.\u2022`?<\/p>\n<p>Lunes 9 de Junio de 2014<\/p>\n<p>Acepta<\/p>\n<p>No sabes con certeza qu\u00e9 suceder\u00e1 ma\u00f1ana, ni siquiera qu\u00e9 suceder\u00e1 hoy, m\u00e1s tarde. As\u00ed que deja de luchar contra eso y no desperdicies tu vida en preocupaciones por lo que podr\u00eda suceder o dejar de suceder.<\/p>\n<p>Acepta lo que vendr\u00e1 y podr\u00e1s manejarlo. E incluso descubrir\u00e1s algunas agradables sorpresas.<\/p>\n<p>Dise\u00f1a tus mejores planes para ser tan efectivo y productivo como puedas ser. Y acepta el hecho de que no todo va a darse de acuerdo a esos planes.<\/p>\n<p>La vida es un proceso de cambio constante, y en ese cambio hay una enorme energ\u00eda. En ese cambio siempre est\u00e1n naciendo nuevas oportunidades.<\/p>\n<p>Si\u00e9ntete ansioso por explorar los nuevos tesoros que cada instante trae consigo. Busca el valor y las cosas positivas en toda nueva circunstancia, y puedes tener la certeza de que los encontrar\u00e1s.<\/p>\n<p>Acepta el hecho de no saber exactamente qu\u00e9 es lo que va a pasar. Porque sea lo que sea, sabr\u00e1s c\u00f3mo hacer de tu vida y de tu mundo los mejores que podr\u00edan llegar a ser.<\/p>\n<p>Gabriel Sandler<\/p>\n<p>?*\u00b4\u00a8) ? H O \u2018 O P O N O P O N O  ?<br \/>\n\u00b8.\u2022\u00b4 \u00b8.\u2022*\u00b4\u00a8) \u00b8.\u2022*\u00a8)\u00b8.\u2022*\u00a8)\u00b8.\u2022*\u00a8)\u00b8.\u2022*\u00a8)<br \/>\n(\u00b8.\u2022\u00b4    LUZ ?  P-H-A-Z ? A L O H A  (\u00b8.\u2022`?<\/p>\n<p>Monday, June 9, 2014<\/p>\n<p>Positive empowerment<\/p>\n<p>Don\u2019t waste your time, thoughts and energy in a state of need. Invest yourself and your life in action.<\/p>\n<p>Free yourself from the burdens of anxiety and worry about what might or might not happen. Get busy living fully, making good and enriching things happen.<\/p>\n<p>This moment is too valuable to contaminate it with negative, limiting thoughts. There are great things you can do right now to improve your life and your world, so go ahead and do them.<\/p>\n<p>Choose to live in a state of positive empowerment by choosing to follow through on your best possibilities. You have the ability to make a difference, and the more you engage that ability, the more fulfilling life becomes.<\/p>\n<p>If you\u2019re waiting for the perfect opportunity, wait no longer. This day is the best opportunity you\u2019ve ever had, because it is when you can take action and move forward.<\/p>\n<p>Let go of the empty wishes, the complaints, the apprehensions, and let yourself do what you do best. Let yourself live richly by acting in every moment to make your world a better place.<\/p>\n<p>\u2014 Ralph Marston<\/p>\n<p>Daily Law of Attraction Quotation<\/p>\n<p>Your choices of action may be limited\u2014but your choices of thought are not.<\/p>\n<p>&#8212; Abraham<\/p>\n<p>?*\u00b4\u00a8) ? H O \u2018 O P O N O P O N O  ?<br \/>\n\u00b8.\u2022\u00b4 \u00b8.\u2022*\u00b4\u00a8) \u00b8.\u2022*\u00a8)\u00b8.\u2022*\u00a8)\u00b8.\u2022*\u00a8)\u00b8.\u2022*\u00a8)<br \/>\n(\u00b8.\u2022\u00b4    LUZ ?  P-H-A-Z ? A L O H A  (\u00b8.\u2022`?<\/p>\n","protected":false},"excerpt":{"rendered":"<p>Un Curso De Milagros Lecci\u00f3n Del Dia LECCI\u00d3N 160 \u2013 Yo estoy en mi hogar. El miedo es el que es un extra\u00f1o aqu\u00ed. El miedo es un extra\u00f1o en&hellip; <a href=\"https:\/\/www.vivesur.com\/wpblog\/pensamiento-del-lunes-9-de-junio-de-2014\/\" class=\"apace-readmore-link\">Read more<\/a><\/p>\n","protected":false},"author":1,"featured_media":0,"comment_status":"open","ping_status":"open","sticky":false,"template":"","format":"standard","meta":[],"categories":[1,8],"tags":[],"_links":{"self":[{"href":"https:\/\/www.vivesur.com\/wpblog\/wp-json\/wp\/v2\/posts\/8434"}],"collection":[{"href":"https:\/\/www.vivesur.com\/wpblog\/wp-json\/wp\/v2\/posts"}],"about":[{"href":"https:\/\/www.vivesur.com\/wpblog\/wp-json\/wp\/v2\/types\/post"}],"author":[{"embeddable":true,"href":"https:\/\/www.vivesur.com\/wpblog\/wp-json\/wp\/v2\/users\/1"}],"replies":[{"embeddable":true,"href":"https:\/\/www.vivesur.com\/wpblog\/wp-json\/wp\/v2\/comments?post=8434"}],"version-history":[{"count":0,"href":"https:\/\/www.vivesur.com\/wpblog\/wp-json\/wp\/v2\/posts\/8434\/revisions"}],"wp:attachment":[{"href":"https:\/\/www.vivesur.com\/wpblog\/wp-json\/wp\/v2\/media?parent=8434"}],"wp:term":[{"taxonomy":"category","embeddable":true,"href":"https:\/\/www.vivesur.com\/wpblog\/wp-json\/wp\/v2\/categories?post=8434"},{"taxonomy":"post_tag","embeddable":true,"href":"https:\/\/www.vivesur.com\/wpblog\/wp-json\/wp\/v2\/tags?post=8434"}],"curies":[{"name":"wp","href":"https:\/\/api.w.org\/{rel}","templated":true}]}}