{"id":8137,"date":"2014-04-12T12:09:27","date_gmt":"2014-04-12T10:09:27","guid":{"rendered":"http:\/\/vivesur.com\/wpblog\/?p=8137"},"modified":"2014-04-12T12:09:27","modified_gmt":"2014-04-12T10:09:27","slug":"pensamiento-del-sabado-12-de-abril-de-2014","status":"publish","type":"post","link":"https:\/\/www.vivesur.com\/wpblog\/pensamiento-del-sabado-12-de-abril-de-2014\/","title":{"rendered":"Pensamiento del S\u00e1bado 12 de abril de 2014"},"content":{"rendered":"<p>Un Curso De Milagros Lecci\u00f3n Del Dia<br \/>\nLECCI\u00d3N 102 \u2013 Comparto con Dios Su Voluntad de que yo sea feliz.<br \/>\n<span style=\"font-size: 12pt;\"><img loading=\"lazy\" src=\"http:\/\/vivesur.com\/wpblog\/wp-content\/uploads\/2014\/04\/wpid-12414-2014-04-12-12-09.jpg\" alt=\"wpid-12414-2014-04-12-12-09.jpg\" width=\"734\" height=\"489\" \/><\/span><br \/>\nT\u00fa no quieres sufrir. Tal vez creas que el sufrimiento te puede aportar algo, y puede que en cierta medida todav\u00eda creas que te aporta algo que deseas. Esta creencia, no obstante, ha quedado sin duda quebrantada ahora, por lo menos lo suficiente como para permitirte ponerla en duda y empezar a sospechar que en realidad no tiene sentido. Aun no ha desaparecido, mas ya no tiene las ra\u00edces que en un tiempo la sujetaban con firmeza a los ocultos y tenebrosos recovecos de tu mente.<\/p>\n<p>Hoy trataremos de disminuir a\u00fan m\u00e1s su debilitado agarre, y de darnos cuenta de que el dolor no tiene objeto, ni causa, ni poder alguno con que lograr nada. No puede aportarte nada en absoluto No te ofrece nada y no existe. y todo lo que crees que te ofrece es tan inexistente como \u00e9l. Has sido esclavo de algo que no es nada. S\u00e9 libre hoy de unirte a la feliz Voluntad de Dios.<\/p>\n<p>Durante varios d\u00edas continuaremos dedicando nuestras sesiones de pr\u00e1ctica a llevar a cabo ejercicios que han sido dise\u00f1ados para ayudarte a encontrar la felicidad que la Voluntad de Dios ubic\u00f3 en ti. Ah\u00ed se encuentra tu hogar y tu seguridad. Ah\u00ed se encuentra tu paz y ah\u00ed no hay miedo. Ah\u00ed se encuentra la salvaci\u00f3n. ah\u00ed por fin encuentras descanso.<\/p>\n<p>Da comienzo hoy a tus sesiones de pr\u00e1ctica con esta declaraci\u00f3n de que aceptas lo que la Voluntad de Dios dispone para ti:<\/p>\n<p>Comparto con Dios Su Voluntad de que yo sea feliz. Y acepto ahora la felicidad como mi funci\u00f3n.<\/p>\n<p>Busca entonces esa funci\u00f3n en lo m\u00e1s rec\u00f3ndito de tu mente, pues est\u00e1 ah\u00ed, esperando tan s\u00f3lo tu decisi\u00f3n. No puedes dejar de encontrarla una vez que te des cuenta de que \u00e9sa es tu decisi\u00f3n y de que compartes con Dios Su Voluntad.<\/p>\n<p>S\u00e9 feliz, pues tu \u00fanica funci\u00f3n aqu\u00ed es la felicidad. No tienes por qu\u00e9 ser menos amoroso con el Hijo de Dios que Aquel Cuyo Amor lo cre\u00f3 tan amoroso como \u00c9l Mismo. Adem\u00e1s de estos descansos de cinco minutos cada hora, haz frecuentes pausas hoy para decirte a ti mismo que ahora has aceptado la felicidad como tu \u00fanica funci\u00f3n aqu\u00ed. y ten por seguro que al hacer esto te estar\u00e1s uniendo a la Voluntad de Dios.<\/p>\n<p>*\u00b4\u00a8) ? H O \u2018 O P O N O P O N O ?<br \/>\n\u00b8.\u2022\u00b4 \u00b8.\u2022*\u00b4\u00a8) \u00b8.\u2022*\u00a8)\u00b8.\u2022*\u00a8)\u00b8.\u2022*\u00a8)\u00b8.\u2022*\u00a8)<br \/>\n(\u00b8.\u2022\u00b4 +LUZ P-H-A-Z y *A*M*O*R*  (\u00b8.\u2022` ?<\/p>\n<p>N S 1. 26. 10. 9. Seli. Obsidiana. Mantra: HRAM. Ra\u00edz UPC Kin 188 (s\u00e1bado 12-4-2014)<\/p>\n<p>SEMILLA GAL\u00c1CTICA AMARILLA  \u2013 Kin 164<\/p>\n<p>SEMILLA: Acci\u00f3n: ATINAR. Poder: FLORECIMIENTO. Esencia: ATENCI\u00d3N.<\/p>\n<p>GAL\u00c1CTICA: Acci\u00f3n: MODELAR. Poder: ARMONIZAR. Esencia: INTEGRIDAD.<\/p>\n<p>La C\u00e1mara Gal\u00e1ctica, manda la integridad. La acci\u00f3n alcanza la forma.<\/p>\n<p>D\u00eda 21 de 144. Hoy es un d\u00eda muy significativo, es el RETORNO GAL\u00c1CTICO DEL A\u00d1O SEMILLA GAL\u00c1CTICA. Han pasado 260 d\u00edas, un Tzolkin completo desde que el  26-7-2013 comenzara el Nuevo Tiempo con el Nuevo Rayo de Sincronizaci\u00f3n Intergal\u00e1ctica. Nos quedan 105 d\u00edas para acabar este a\u00f1o. Es buen momento para recordar las palabras de la Reina Roja en relaci\u00f3n al a\u00f1o que estamos viviendo, pues todav\u00eda disponemos de tiempo para  poner en pr\u00e1ctica acciones de armonizaci\u00f3n e integridad relacionadas con el Kin 164.<\/p>\n<p>Ver propuestas para este a\u00f1o, \u201cPr\u00e1cticas para la Compresi\u00f3n Fractal del Tiempo\u201d. <a href=\"http:\/\/ondaencantada.com\/2013\/08\/practicas-para-la-compresion-fractal-del-tiempo-para-el-ano-semilla-galactica-y-mas-alla\/\">http:\/\/ondaencantada.com\/2013\/08\/practicas-para-la-compresion-fractal-del-tiempo-para-el-ano-semilla-galactica-y-mas-alla\/<\/a> .<\/p>\n<p>Podemos repasar la onda encantada anterior de la Semilla amarilla-08 y comprobar la integridad con la que la vivimos, <a href=\"http:\/\/ondaencantada.com\/2014\/03\/onda-encantada-de-la-semilla-amarilla-08\/\">http:\/\/ondaencantada.com\/2014\/03\/onda-encantada-de-la-semilla-amarilla-08\/<\/a> .<\/p>\n<p>SIEMPRE QUE HABLAMOS DE LA SEMILLA DEBEMOS IMAGINARNOS YA COMO FLORES AROM\u00c1TICAS Y COLORIDAS; \u00c1RBOLES FRONDOSOS Y DE GRUESOS TRONCOS; O SENCILLAMENTE COMO EL SER DEL REINO VEGETAL QUE M\u00c1S TE GUSTE LLEGAR A CONVERTIRTE. AQU\u00cd NO HAY REGLAS NI OBLIGACIONES. LA CONSCIENCIA DECIDE EN QU\u00c9 QUIERES CONVERTIRTE PARA SER PURA ARMON\u00cdA C\u00d3SMICA. \u00a1SEAS LO QUE FUERES, ESTAR\u00c1S EN EL JARD\u00cdN DE DIOS! \u00a1ESTE ES TAN INMENSO QUE TODOS FLORECEMOS EN SU INTERIOR!<\/p>\n<p>*\u00b4\u00a8) ? H O \u2018 O P O N O P O N O ?<br \/>\n\u00b8.\u2022\u00b4 \u00b8.\u2022*\u00b4\u00a8) \u00b8.\u2022*\u00a8)\u00b8.\u2022*\u00a8)\u00b8.\u2022*\u00a8)\u00b8.\u2022*\u00a8)<br \/>\n(\u00b8.\u2022\u00b4 +LUZ P-H-A-Z y *A*M*O*R*  (\u00b8.\u2022` ?<\/p>\n<p>Saturday, April 12, 2014<\/p>\n<p>The power to choose<\/p>\n<p>The pains, disappointments and frustrations tug at you. And yet, you are infinitely more powerful than all of them put together.<\/p>\n<p>With your very next thought, you can rise above any kind of negativity. With your next action, you can begin to put real distance between yourself and whatever was bringing you down.<\/p>\n<p>You have the power to choose the way you see life, and the way you experience life. You can take whatever comes, and make something positive out of it.<\/p>\n<p>The more you make a conscious, intentional choice about how to live, the stronger you become at doing so. Over time, as you continue to exercise your power to choose, you add real richness and fulfillment to your life.<\/p>\n<p>Look at this day, with all its problems and challenges, and see the positive possibilities. Look inside yourself, and find the dreams, goals and desires that have the strength to push you forward.<\/p>\n<p>Choose to live a life of unique greatness, and to give that greatness to your world. In every moment you have the power to choose, so choose the very best.<\/p>\n<p>\u2014 Ralph Marston<\/p>\n<p> S\u00e1bado 12 de Abril de 2014<\/p>\n<p>Examina tus debilidades<\/p>\n<p>No tengas miedo de examinar tus debilidades. En ellas descubrir\u00e1s algo de tu enorme potencial.<\/p>\n<p>Obviamente siempre podr\u00edas mejorar aquello que ya haces bien. En el mejor de los casos, se tratar\u00e1 de mejoras incrementales.<\/p>\n<p>Considera, sin embargo, qu\u00e9 pasa cuando trabajas para superar tus debilidades. Los resultados en tu vida pueden resultar revolucionarios.<\/p>\n<p>De hecho, transformar una debilidad en una fortaleza puede volver todas tus otras fortalezas m\u00e1s efectivas. Si la debilidad ya no te est\u00e1 paralizando, cada parte de tu vida sentir\u00e1 los beneficios.<\/p>\n<p>Siente agradecimiento por tus fortalezas. Y se honesto respecto de tus debilidades.<\/p>\n<p>Porque siendo claro respecto de aquello que todav\u00eda no puedes hacer bien, estar\u00e1s dando el primer paso hacia mejorarlo. Cualquier debilidad puede ser transformada en fortaleza con la \u00fanica condici\u00f3n de que simplemente tengas el coraje de crecer.<\/p>\n<p>Gabriel Sandler<\/p>\n<p>*\u00b4\u00a8) ? H O \u2018 O P O N O P O N O ?<br \/>\n\u00b8.\u2022\u00b4 \u00b8.\u2022*\u00b4\u00a8) \u00b8.\u2022*\u00a8)\u00b8.\u2022*\u00a8)\u00b8.\u2022*\u00a8)\u00b8.\u2022*\u00a8)<br \/>\n(\u00b8.\u2022\u00b4 +LUZ P-H-A-Z y *A*M*O*R*  (\u00b8.\u2022` ?<\/p>\n<p>Pensamiento del S\u00e1bado 12 de abril de 2014<\/p>\n<p>Puede ocurrir que dos seres no se hayan tocado nunca, ni siquiera con la punta de los dedos, y que sin embargo sientan que hay entre ellos un lazo poderoso, indestructible. Nada ni nadie puede separarlos. A pesar de las paredes, a pesar de las monta\u00f1as y de los oc\u00e9anos, est\u00e1n juntos, porque su amor escapa a las limitaciones del plano f\u00edsico. Seguro que lo hab\u00e9is constatado: cuando os sent\u00eds habitados por la presencia sutil de un ser querido, no ten\u00e9is necesidad de su presencia f\u00edsica para sentir que est\u00e1is con \u00e9l. Si sent\u00eds fuertemente la necesidad de su presencia f\u00edsica, es que est\u00e1is saliendo de vuestro mundo interior y, en tal caso, corr\u00e9is peligro de encontraros con grandes sufrimientos. Porque, \u00bfqui\u00e9n os dice que las circunstancias no os privar\u00e1n, un d\u00eda u otro, de este ser al que am\u00e1is?&#8230; Pero si os sent\u00eds interiormente habitados por su presencia, las circunstancias externas tendr\u00e1n menos efecto sobre vosotros. Es pues un criterio: s\u00ed pensando en \u00e9l sent\u00eds tanto gozo como si lo vierais, sois libres, y este gozo no os abandonar\u00e1 jam\u00e1s.<\/p>\n<p>Omraam Mikha\u00ebl A\u00efvanhov<\/p>\n<p>*\u00b4\u00a8) ? H O \u2018 O P O N O P O N O ?<br \/>\n\u00b8.\u2022\u00b4 \u00b8.\u2022*\u00b4\u00a8) \u00b8.\u2022*\u00a8)\u00b8.\u2022*\u00a8)\u00b8.\u2022*\u00a8)\u00b8.\u2022*\u00a8)<br \/>\n(\u00b8.\u2022\u00b4 +LUZ P-H-A-Z y *A*M*O*R*  (\u00b8.\u2022` ?<\/p>\n<p>Daily Law of Attraction Quotation<\/p>\n<p>There is no right or wrong way to tell your improved story. It can be about your past, present, or future experiences. The only criterion that is important is that you be conscious of your intent to tell a better-feeling, improved version of your story. Telling many good-feeling short stories throughout your day will change your point of attraction. Just remember that the story you tell is the basis of your life. So tell it the way you want it to be.<\/p>\n<p>&#8212; Abraham<\/p>\n<p>*\u00b4\u00a8) ? H O \u2018 O P O N O P O N O ?<br \/>\n\u00b8.\u2022\u00b4 \u00b8.\u2022*\u00b4\u00a8) \u00b8.\u2022*\u00a8)\u00b8.\u2022*\u00a8)\u00b8.\u2022*\u00a8)\u00b8.\u2022*\u00a8)<br \/>\n(\u00b8.\u2022\u00b4 +LUZ P-H-A-Z y *A*M*O*R*  (\u00b8.\u2022` ?<\/p>\n","protected":false},"excerpt":{"rendered":"<p>Un Curso De Milagros Lecci\u00f3n Del Dia LECCI\u00d3N 102 \u2013 Comparto con Dios Su Voluntad de que yo sea feliz. T\u00fa no quieres sufrir. Tal vez creas que el sufrimiento&hellip; <a href=\"https:\/\/www.vivesur.com\/wpblog\/pensamiento-del-sabado-12-de-abril-de-2014\/\" class=\"apace-readmore-link\">Read more<\/a><\/p>\n","protected":false},"author":1,"featured_media":0,"comment_status":"open","ping_status":"open","sticky":false,"template":"","format":"standard","meta":[],"categories":[1,8],"tags":[],"_links":{"self":[{"href":"https:\/\/www.vivesur.com\/wpblog\/wp-json\/wp\/v2\/posts\/8137"}],"collection":[{"href":"https:\/\/www.vivesur.com\/wpblog\/wp-json\/wp\/v2\/posts"}],"about":[{"href":"https:\/\/www.vivesur.com\/wpblog\/wp-json\/wp\/v2\/types\/post"}],"author":[{"embeddable":true,"href":"https:\/\/www.vivesur.com\/wpblog\/wp-json\/wp\/v2\/users\/1"}],"replies":[{"embeddable":true,"href":"https:\/\/www.vivesur.com\/wpblog\/wp-json\/wp\/v2\/comments?post=8137"}],"version-history":[{"count":0,"href":"https:\/\/www.vivesur.com\/wpblog\/wp-json\/wp\/v2\/posts\/8137\/revisions"}],"wp:attachment":[{"href":"https:\/\/www.vivesur.com\/wpblog\/wp-json\/wp\/v2\/media?parent=8137"}],"wp:term":[{"taxonomy":"category","embeddable":true,"href":"https:\/\/www.vivesur.com\/wpblog\/wp-json\/wp\/v2\/categories?post=8137"},{"taxonomy":"post_tag","embeddable":true,"href":"https:\/\/www.vivesur.com\/wpblog\/wp-json\/wp\/v2\/tags?post=8137"}],"curies":[{"name":"wp","href":"https:\/\/api.w.org\/{rel}","templated":true}]}}