{"id":7996,"date":"2014-03-02T08:47:09","date_gmt":"2014-03-02T07:47:09","guid":{"rendered":"http:\/\/vivesur.com\/wpblog\/?p=7996"},"modified":"2014-03-02T08:47:09","modified_gmt":"2014-03-02T07:47:09","slug":"pensamiento-del-domingo-2-de-marzo-de-2014","status":"publish","type":"post","link":"https:\/\/www.vivesur.com\/wpblog\/pensamiento-del-domingo-2-de-marzo-de-2014\/","title":{"rendered":"Pensamiento del domingo 2 de marzo de 2014"},"content":{"rendered":"<p>Un Curso De Milagros Lecci\u00f3n Del Dia<br \/>\nLECCI\u00d3N 61 \u2013 Yo soy la luz del mundo.<br \/>\n<span style=\"font-size: 12pt;\"><img loading=\"lazy\" src=\"http:\/\/vivesur.com\/wpblog\/wp-content\/uploads\/2014\/03\/wpid-2314-2014-03-2-08-47.jpg\" alt=\"wpid-2314-2014-03-2-08-47.jpg\" width=\"693\" height=\"519\" \/><\/span><br \/>\n\u00bfQui\u00e9n es la luz del mundo sino el Hijo de Dios? Por lo tanto, esto no es m\u00e1s que una afirmaci\u00f3n de la verdad acerca de ti. Es lo opuesto a una afirmaci\u00f3n de orgullo, de arrogancia o de autoenga\u00f1o. No describe el concepto de ti mismo que t\u00fa has forjado. No se refiere a ninguna de las caracter\u00edsticas con las que has dotado a tus \u00eddolos. Se refiere a ti tal como fuiste creado por Dios. Expresa simplemente la verdad.<\/p>\n<p>Para el ego la idea de hoy es el ep\u00edtome de la auto-glorificaci\u00f3n. Pero el ego no sabe lo que es la humildad y la confunde con la auto-degradaci\u00f3n. La humildad consiste en aceptar el papel que te corresponde en la salvaci\u00f3n y en no aceptar ning\u00fan otro. No es humildad insistir que no puedes ser la luz del mundo si esa es la funci\u00f3n que Dios Mismo te asign\u00f3. Es s\u00f3lo la arrogancia la que afirmar\u00eda que \u00e9sa no puede ser tu funci\u00f3n, y la arrogancia es siempre cosa del ego.<\/p>\n<p>La verdadera humildad requiere que aceptes la idea de hoy porque es la Voz de Dios la que te dice que es verdad. \u00c9ste es uno de los primeros pasos en el proceso de aceptar tu verdadera funci\u00f3n en la tierra. Es un paso gigantesco que te conducir\u00e1 al lugar que te corresponde ocupar en la salvaci\u00f3n. Es una aseveraci\u00f3n categ\u00f3rica de tu derecho a la salvaci\u00f3n y un reconocimiento del poder que se te ha otorgado para salvar a otros.<\/p>\n<p>Debes reflexionar hoy acerca de esta idea tan a menudo como puedas. Es la respuesta perfecta a todas las ilusiones y, por ende, a toda tentaci\u00f3n. La idea de hoy lleva todas las im\u00e1genes que t\u00fa has forjado de ti mismo ante la verdad y te ayuda a seguir adelante en paz, sin agobios y seguro de tu prop\u00f3sito.<\/p>\n<p>Hoy se deben llevar a cabo tantas sesiones de pr\u00e1ctica como sea posible, aunque no es necesario que ninguna exceda uno o dos minutos de duraci\u00f3n. Debes empezar cada sesi\u00f3n de pr\u00e1ctica dici\u00e9ndote a ti mismo:<\/p>\n<p>Yo soy la luz del mundo.<br \/>\n\u00c9sa es mi \u00fanica funci\u00f3n.<br \/>\npor eso es por lo que estoy aqu\u00ed.<\/p>\n<p>Piensa entonces en estas afirmaciones por unos breves momentos, preferiblemente con los ojos cerrados si las circunstancias lo permiten. Deja que te vengan a la mente unos cuantos pensamientos afines y, si observas que tu mente se aparta del tema central, repite la idea de hoy para tus adentros.<\/p>\n<p>Aseg\u00farate de comenzar y finalizar el d\u00eda con una sesi\u00f3n de pr\u00e1ctica. De este modo, te despertar\u00e1s reconociendo la verdad acerca de ti mismo, la reforzar\u00e1s a lo largo del d\u00eda y te ir\u00e1s a dormir re-afirmando tu funci\u00f3n y el \u00fanico prop\u00f3sito que tienes aqu\u00ed. Estas dos sesiones de pr\u00e1ctica pueden ser m\u00e1s largas que las dem\u00e1s si te resultan \u00fatiles y deseas extenderlas.<\/p>\n<p>La idea de hoy va mucho m\u00e1s all\u00e1 de la mezquina opini\u00f3n que el ego tiene de ti y de tu prop\u00f3sito. como portador de la salvaci\u00f3n que eres, esto es obviamente necesario. \u00c9ste es el primero de una serie de pasos gigantescos que vamos a dar durante las pr\u00f3ximas semanas. Trata de empezar hoy a sentar las bases para estos avances. T\u00fa eres la luz del mundo. Dios ha edificado Su plan para la salvaci\u00f3n de Su Hijo sobre ti.<\/p>\n<p>*\u00b4\u00a8) ? H O \u2018 O P O N O P O N O ?<br \/>\n\u00b8.\u2022\u00b4 \u00b8.\u2022*\u00b4\u00a8) \u00b8.\u2022*\u00a8)\u00b8.\u2022*\u00a8)\u00b8.\u2022*\u00a8)\u00b8.\u2022*\u00a8)<br \/>\n(\u00b8.\u2022\u00b4 +LUZ P-H-A-Z y *A*M*O*R*  (\u00b8.\u2022` &lt;3<\/p>\n<p>N S 1. 26. 8. 24. Gama. Cristal. Mantra: HRAHA. Tercer Ojo UPC Kin 168-PAG (domingo 2-3-2014)<\/p>\n<p>NOCHE RITMICA AZUL \u2013 Kin 123 \u2013 COLUMNA M\u00cdSTICA<\/p>\n<p>NOCHE: Acci\u00f3n: SO\u00d1AR. Poder: ABUNDANCIA. Esencia: INTUICI\u00d3N.<\/p>\n<p>R\u00cdTMICA: Acci\u00f3n: EQUILIBRAR. Poder: ORGANIZAR. Esencia: IGUALDAD.<\/p>\n<p>La C\u00e1mara R\u00edtmica, manda la igualdad. Administrar el desaf\u00edo.<\/p>\n<p>Si necesitamos descansar y conectar con energ\u00edas superiores, llamamos a los gu\u00edas del sue\u00f1o por medio de la Noche. Ella nos guarece y prepara para las acciones venideras. As\u00ed el equilibrio rige nuestras vidas y actuamos desde la intuici\u00f3n. Lo conocemos todo, nada es desconocido para el ser, s\u00f3lo nos falta sintonizarnos con \u00e9l.<\/p>\n<p>CONECTATE CON TUS SUE\u00d1OS, LOS MENSAJES ESPECIALES VIENEN POR ESTE MEDIO. PREPARA TUS UTENSILIOS: LIBRETA O DIARIO DE SUE\u00d1OS Y UN BOLI O LAPIZ ESPECIAL, COLOCALOS JUNTO A LA CAMA Y NO TE PERMITAS PERDER NI UN SOLO MENSAJE DE ESOS QUE SABES SON MUY PERSONALES Y QUE VIENEN DE ENTIDADES SUPERIORES.  RECUERDA QUE A JOS\u00c9 ARG\u00dcELLES-VALUM VOTAN, MUCHA INFORMACI\u00d3N C\u00d3SMICA LE LLEG\u00d3 DE ESTA FORMA. \u00a1\u00c1NIMO! \u00a1SE TRATA DE PR\u00c1CTICAR EL RECORDAR LOS SUE\u00d1OS Y ESCRIBIRLOS! \u00a1ES EL PRIMER PASO!<\/p>\n<p>*\u00b4\u00a8) ? H O \u2018 O P O N O P O N O ?<br \/>\n\u00b8.\u2022\u00b4 \u00b8.\u2022*\u00b4\u00a8) \u00b8.\u2022*\u00a8)\u00b8.\u2022*\u00a8)\u00b8.\u2022*\u00a8)\u00b8.\u2022*\u00a8)<br \/>\n(\u00b8.\u2022\u00b4 +LUZ P-H-A-Z y *A*M*O*R*  (\u00b8.\u2022` &lt;3<\/p>\n<p>Pensamiento del domingo 2 de marzo de 2014<\/p>\n<p>Le\u00e9is u o\u00eds pronunciar una frase que os maravilla y, durante unos minutos, ten\u00e9is la sensaci\u00f3n de nacer a una nueva vida. No se trata de una ilusi\u00f3n: toda palabra de verdad posee un real poder m\u00e1gico. Pero no os content\u00e9is con estar deslumbrados. Tomad esta palabra y tratad de vivir toda la jornada con ella. No la solt\u00e9is, aunque est\u00e9is trabajando, paseando, escuchando m\u00fasica, ase\u00e1ndoos, visti\u00e9ndoos, limpiando o incluso cocinando. Estudiadla en todos sus aspectos, tratad de comprender c\u00f3mo se verifica en todos los dominios y en todas las circunstancias de la vida, con el fin de que pueda encarnarse en vosotros. He aqu\u00ed el \u00fanico m\u00e9todo bueno de trabajo. Aunque un d\u00eda perd\u00e1is la memoria, nunca olvidar\u00e9is las verdades que hay\u00e1is logrado hacer carne y hueso en vosotros. Quiz\u00e1 no sep\u00e1is expresarlas con palabras, porque la memoria, en tanto que facultad del cuerpo mental, ya os habr\u00e1 abandonado, pero m\u00e1s profundamente su impronta permanecer\u00e1 en vosotros: os ir\u00e9is al otro mundo con el conocimiento de estas verdades y cuando volv\u00e1is, las traer\u00e9is de nuevo con vosotros, porque formar\u00e1n parte de la quintaesencia de vuestro ser.<\/p>\n<p>Omraam Mikha\u00ebl A\u00efvanhov<\/p>\n<p>*\u00b4\u00a8) ? H O \u2018 O P O N O P O N O ?<br \/>\n\u00b8.\u2022\u00b4 \u00b8.\u2022*\u00b4\u00a8) \u00b8.\u2022*\u00a8)\u00b8.\u2022*\u00a8)\u00b8.\u2022*\u00a8)\u00b8.\u2022*\u00a8)<br \/>\n(\u00b8.\u2022\u00b4 +LUZ P-H-A-Z y *A*M*O*R*  (\u00b8.\u2022` &lt;3<\/p>\n<p>Daily Law of Attraction Quotation<\/p>\n<p>We&#8217;re going to give you a very powerful statement: Everything that you will some day live, in terms of life experience \u2014 and by some day, we mean as soon as right now, tomorrow, the next day, or some day \u2014 anything that you will some day live, you have first imagined. Because nothing will manifest in your experience without the imagination process happening first.<\/p>\n<p>&#8212; Abraham<\/p>\n<p>*\u00b4\u00a8) ? H O \u2018 O P O N O P O N O ?<br \/>\n\u00b8.\u2022\u00b4 \u00b8.\u2022*\u00b4\u00a8) \u00b8.\u2022*\u00a8)\u00b8.\u2022*\u00a8)\u00b8.\u2022*\u00a8)\u00b8.\u2022*\u00a8)<br \/>\n(\u00b8.\u2022\u00b4 +LUZ P-H-A-Z y *A*M*O*R*  (\u00b8.\u2022` &lt;3<\/p>\n","protected":false},"excerpt":{"rendered":"<p>Un Curso De Milagros Lecci\u00f3n Del Dia LECCI\u00d3N 61 \u2013 Yo soy la luz del mundo. \u00bfQui\u00e9n es la luz del mundo sino el Hijo de Dios? Por lo tanto,&hellip; <a href=\"https:\/\/www.vivesur.com\/wpblog\/pensamiento-del-domingo-2-de-marzo-de-2014\/\" class=\"apace-readmore-link\">Read more<\/a><\/p>\n","protected":false},"author":1,"featured_media":0,"comment_status":"open","ping_status":"open","sticky":false,"template":"","format":"standard","meta":[],"categories":[1,8],"tags":[],"_links":{"self":[{"href":"https:\/\/www.vivesur.com\/wpblog\/wp-json\/wp\/v2\/posts\/7996"}],"collection":[{"href":"https:\/\/www.vivesur.com\/wpblog\/wp-json\/wp\/v2\/posts"}],"about":[{"href":"https:\/\/www.vivesur.com\/wpblog\/wp-json\/wp\/v2\/types\/post"}],"author":[{"embeddable":true,"href":"https:\/\/www.vivesur.com\/wpblog\/wp-json\/wp\/v2\/users\/1"}],"replies":[{"embeddable":true,"href":"https:\/\/www.vivesur.com\/wpblog\/wp-json\/wp\/v2\/comments?post=7996"}],"version-history":[{"count":0,"href":"https:\/\/www.vivesur.com\/wpblog\/wp-json\/wp\/v2\/posts\/7996\/revisions"}],"wp:attachment":[{"href":"https:\/\/www.vivesur.com\/wpblog\/wp-json\/wp\/v2\/media?parent=7996"}],"wp:term":[{"taxonomy":"category","embeddable":true,"href":"https:\/\/www.vivesur.com\/wpblog\/wp-json\/wp\/v2\/categories?post=7996"},{"taxonomy":"post_tag","embeddable":true,"href":"https:\/\/www.vivesur.com\/wpblog\/wp-json\/wp\/v2\/tags?post=7996"}],"curies":[{"name":"wp","href":"https:\/\/api.w.org\/{rel}","templated":true}]}}