{"id":7943,"date":"2014-02-20T11:10:44","date_gmt":"2014-02-20T10:10:44","guid":{"rendered":"http:\/\/vivesur.com\/wpblog\/?p=7943"},"modified":"2014-02-20T11:10:44","modified_gmt":"2014-02-20T10:10:44","slug":"pensamiento-del-jueves-20-de-febrero-de-2014","status":"publish","type":"post","link":"https:\/\/www.vivesur.com\/wpblog\/pensamiento-del-jueves-20-de-febrero-de-2014\/","title":{"rendered":"Pensamiento del jueves 20 de febrero de 2014"},"content":{"rendered":"<p>Pensamiento del jueves 20 de febrero de 2014<br \/>\n<span style=\"font-size: 12pt;\"><img loading=\"lazy\" src=\"http:\/\/vivesur.com\/wpblog\/wp-content\/uploads\/2014\/02\/wpid-20214-2014-02-20-11-10.jpg\" alt=\"wpid-20214-2014-02-20-11-10.jpg\" width=\"723\" height=\"543\" \/><\/span><br \/>\nLos r\u00edos que fluyen, las fuentes que manan, la lluvia que cae, el fragor de los torrentes, el movimiento ininterrumpido de los oc\u00e9anos y de los mares, el soplo del viento, el murmullo de las hojas, el zumbido de los insectos, el canto de los p\u00e1jaros&#8230; todo es m\u00fasica en la naturaleza. Y es esta m\u00fasica la que, desde su origen, ha despertado y mantenido el sentimiento musical en el hombre, la que le ha incitado a expresarse, \u00e9l mismo, a trav\u00e9s de un instrumento o del canto, a evocar los momentos importantes de su vida, a manifestar su amor, sus alegr\u00edas, sus penas. Mediante la m\u00fasica traduce tambi\u00e9n sus aspiraciones m\u00edsticas, canta alabanzas al Creador y, cuando escuchamos esta m\u00fasica, sentimos que despierta en nuestra alma el recuerdo de una patria celestial, la nostalgia de un para\u00edso perdido. El efecto es inmediato. Instant\u00e1neamente nos acordamos de que venimos del Cielo y que volveremos al Cielo. Y un d\u00eda, cuando la conciencia superior se despierte en el hombre, cuando desarrolle posibilidades de percepciones m\u00e1s sutiles, empezar\u00e1 a o\u00edr la sinfon\u00eda grandiosa que retumba a trav\u00e9s de los espacios, porque cada ser creado, desde las piedras hasta las estrellas, emite vibraciones que se propagan como ondas sonoras. Y entonces comprender\u00e1 el sentido de la vida.<\/p>\n<p>Omraam Mikha\u00ebl A\u00efvanhov<\/p>\n<p>*\u00b4\u00a8) ? H O \u2018 O P O N O P O N O ?<br \/>\n\u00b8.\u2022\u00b4 \u00b8.\u2022*\u00b4\u00a8) \u00b8.\u2022*\u00a8)\u00b8.\u2022*\u00a8)\u00b8.\u2022*\u00a8)\u00b8.\u2022*\u00a8)<br \/>\n(\u00b8.\u2022\u00b4 +LUZ P-H-A-Z y *A*M*O*R*  (\u00b8.\u2022` &lt;3<\/p>\n<p>N S 1. 26. 8. 14. Silio. Oro. Mantra: HRAIM. Coraz\u00f3n UPC Kin 156 (jueves 20-2-2014)<\/p>\n<p>CAMINANTE DEL CIELO SOLAR ROJO \u2013 Kin 113 \u2013 P.A.G.<\/p>\n<p>CAMINANTE DEL CIELO: Acci\u00f3n: EXPLORAR. Poder: ESPACIO. Esencia: VIGILANCIA.<\/p>\n<p>SOLAR: Acci\u00f3n: REALIZAR. Poder: PULSAR. Esencia: INTENCI\u00d3N.<\/p>\n<p>La Torre Solar, formaliza la acci\u00f3n. La acci\u00f3n puesta en movimiento.<\/p>\n<p>Kin 113 El Se\u00f1or del Amanecer, el Caminante del Cielo solar  que nos muestra la manera de realizar a la Serpiente. Los cient\u00edficos dicen que no existe la materia, que en realidad todo es espacio vac\u00edo de los protones y electrones que pertenecen al  \u00e1tomo y los huecos que crean entre ellos. Todav\u00eda hay mucho que tenemos que descubrir sobre nosotros y nuestros cuerpos comenzando por el f\u00edsico que es el que habitualmente vemos. Aprender a explorar y vigilar asimilando lo que experimentamos, aquello que los sentidos nos muestran sin enga\u00f1arnos a nosotros mismos.<\/p>\n<p>CON LA EVOLUCI\u00d3N DEL SER LOS SENTIDOS SE AGUDIZAN Y SUS PERCEPCIONES SON PS\u00cdQUICAS. LO IMPORTANTE ES OBSERVAR PARA QUE NING\u00daN PEQUE\u00d1O DETALLE SE NOS PUEDA ESCAPAR, PUES UNOS DESENCADENAN A OTROS Y POR LO TANTO DEPENDEN DE QUE PULSEMOS EN NOSOTROS SU ESENCIA Y ACTIVEMOS SU PRESENCIA. \u00a1SOMOS DUE\u00d1OS DE LOS ACTOS QUE EJECUTAMOS! \u00a1VIGILEMOS QUE TENGAN LA INTENCI\u00d3N DE CONVERTIRNOS EN INICIADOS CHAM\u00c1NICOS!<\/p>\n<p>\u00a1MEDITACI\u00d3N DEL PUENTE ARCO IRIS CIRCUMPOLAR!<\/p>\n<p><a href=\"http:\/\/ondaencantada.com\/wp-content\/uploads\/2011\/05\/Meditaci\u00f3n-Arco-Iris-Circumpolar.pdf\">http:\/\/ondaencantada.com\/wp-content\/uploads\/2011\/05\/Meditaci%C3%B3n-Arco-Iris-Circumpolar.pdf<\/a><\/p>\n<p>HASTA AQU\u00cd LA AMPLIACI\u00d3N SOLAR DEL RITMO DE LA ACCI\u00d3N<\/p>\n<p>*\u00b4\u00a8) ? H O \u2018 O P O N O P O N O ?<br \/>\n\u00b8.\u2022\u00b4 \u00b8.\u2022*\u00b4\u00a8) \u00b8.\u2022*\u00a8)\u00b8.\u2022*\u00a8)\u00b8.\u2022*\u00a8)\u00b8.\u2022*\u00a8)<br \/>\n(\u00b8.\u2022\u00b4 +LUZ P-H-A-Z y *A*M*O*R*  (\u00b8.\u2022` &lt;3<\/p>\n<p>Un Curso De Milagros Lecci\u00f3n Del Dia<br \/>\nPRIMER REPASO \u2013 Introducci\u00f3n<\/p>\n<p>Hoy comenzaremos una serie de sesiones de repaso. Cada una de ellas abarcar\u00e1 cinco de las ideas ya presentadas, comenzando con la primera y terminando con la quincuag\u00e9sima. A cada idea le siguen un breve comentario que debes tener en cuenta al hacer tu repaso. Durante las sesiones de pr\u00e1ctica, los ejercicios deben llevarse a cabo de la siguiente manera:<\/p>\n<p>Comienza el d\u00eda leyendo las cinco ideas, incluyendo los comentarios. De ah\u00ed en adelante no es necesario seguir un orden determinado al repasarlas, aunque se debe practicar con cada una de ellas por lo menos una vez. Dedica dos minutos o m\u00e1s a cada sesi\u00f3n de pr\u00e1ctica, pensando en la idea y en los comentarios que le siguen despu\u00e9s que los hayas le\u00eddo. Haz esto tan a menudo como te sea posible durante el d\u00eda. Si una de las cinco ideas te atrae m\u00e1s que las otras, conc\u00e9ntrate en ella. Sin embargo, aseg\u00farate de repasarlas todas una vez m\u00e1s al final del d\u00eda.<\/p>\n<p>No es necesario abarcar, ni literal ni concienzudamente, los comentarios que siguen a cada idea en las sesiones de pr\u00e1ctica. Trata, m\u00e1s bien, de poner de relieve el punto central y de pensar en dicho comentario como parte de tu repaso de la idea en cuesti\u00f3n. Despu\u00e9s de leer la idea y sus comentarios, los ejercicios deben hacerse, a ser posible, con los ojos cerrados y cuando est\u00e9s solo en un lugar tranquilo.<\/p>\n<p>Hacemos hincapi\u00e9 en este procedimiento para las sesiones de pr\u00e1ctica debido a la etapa de aprendizaje en la que te encuentras. Es necesario, sin embargo, que aprendas que no necesitas ning\u00fan ambiente especial donde aplicar lo que has aprendido. Tendr\u00e1s m\u00e1s necesidad de tu aprendizaje en aquellas situaciones que parecen desagradables que en las que aparentan ser apacibles y serenas. El prop\u00f3sito de tu aprendizaje es capacitarte para que la quietud te acompa\u00f1e donde quiera que vayas, y para que cures toda aflicci\u00f3n e inquietud. Esto no se consigue evadiendo tales situaciones y buscando un refugio donde poder aislarte.<\/p>\n<p>Ya aprender\u00e1s que la paz forma parte de ti y que s\u00f3lo requiere que est\u00e9s presente para que ella envuelva cualquier situaci\u00f3n en la que te encuentres. y finalmente aprender\u00e1s que no hay limite con respecto a d\u00f3nde t\u00fa est\u00e1s, de modo que tu paz est\u00e1 en todas partes, al igual que t\u00fa.<\/p>\n<p>LECCI\u00d3N 51<br \/>\nEl repaso de hoy abarca las siguientes ideas:<\/p>\n<p>(1) Nada de lo que veo significa nada.<\/p>\n<p>La raz\u00f3n de que esto sea as\u00ed es que veo lo que no es nada y lo que no es nada no tiene significado. Es necesario que reconozca esto, para poder aprender a ver. Lo que ahora creo ver ocupa el lugar de la visi\u00f3n. Tengo que desprenderme de ello d\u00e1ndome cuenta de que no significa nada, para que de este modo la visi\u00f3n pueda ocupar el lugar que le corresponde.<\/p>\n<p>(2) Le he dado a todo lo que veo todo el significado que tiene para mi.<\/p>\n<p>He juzgado todo lo que veo, y eso, y s\u00f3lo eso, es lo que veo. Eso no es visi\u00f3n. Es meramente una ilusi\u00f3n de realidad porque he juzgado sin tomar en cuenta la realidad. Estoy dispuesto a reconocer la falta de validez de mis juicios porque quiero ver. Mis juicios me han hecho da\u00f1o, y no quiero ver bas\u00e1ndome en ellos.<\/p>\n<p>(3) No entiendo nada de lo que veo.<\/p>\n<p>\u00bfC\u00f3mo puedo entender lo que veo si lo he juzgado err\u00f3neamente? Lo que veo es la proyecci\u00f3n de mis propios errores de pensamiento. No entiendo lo que veo porque no es comprensible. No tiene sentido tratar de entenderlo. Pero si tiene sentido que me desprenda de ello y d\u00e9 cabida a lo que se puede ver, entender y amar. Puedo intercambiar lo que ahora veo por esto, s\u00f3lo con estar dispuesto a ello. \u00bfNo es \u00e9sta una mejor elecci\u00f3n que la que hice antes?<\/p>\n<p>(4) Estos pensamientos no significan nada.<\/p>\n<p>Los pensamientos de los que soy consciente no significan nada porque estoy tratando de pensar sin Dios. Lo que yo llamo \u201cmis\u201d pensamientos no son mis pensamientos reales en absoluto. Mis pensamientos reales son los pensamientos que pienso con Dios. No soy consciente de ellos porque he inventado mis pensamientos para que ocupasen su lugar. Estoy dispuesto a reconocer que mis pensamientos no significan nada y a abandonarlos. Elijo reemplazarlos por los que ellos tuvieron como prop\u00f3sito reemplazar. Mis pensamientos no significan nada, sin embargo, toda la creaci\u00f3n descansa en los pensamientos que pienso con Dios.<\/p>\n<p>(5) Nunca estoy disgustado por la raz\u00f3n que creo.<\/p>\n<p>Nunca estoy disgustado por la raz\u00f3n que creo porque estoy tratando constantemente de justificar mis pensamientos. Estoy tratando constantemente de hacer que sean verdad. Hago de todas las cosas mi enemigo de modo que mi ira est\u00e9 justificada y mis ataques sean merecidos. No me he dado cuenta del mal uso que he hecho de todo lo que veo asign\u00e1ndole ese papel. He hecho esto para defender un sistema de pensamiento que me ha hecho da\u00f1o y que ya no deseo. Estoy dispuesto a abandonarlo.<\/p>\n<p>*\u00b4\u00a8) ? H O \u2018 O P O N O P O N O ?<br \/>\n\u00b8.\u2022\u00b4 \u00b8.\u2022*\u00b4\u00a8) \u00b8.\u2022*\u00a8)\u00b8.\u2022*\u00a8)\u00b8.\u2022*\u00a8)\u00b8.\u2022*\u00a8)<br \/>\n(\u00b8.\u2022\u00b4 +LUZ P-H-A-Z y *A*M*O*R*  (\u00b8.\u2022` &lt;3<\/p>\n<p>Daily Law of Attraction Quotation<\/p>\n<p>Whatever you&#8217;re thinking about is literally like planning a future event. When you&#8217;re worrying, you are planning. When you are appreciating, you are planning&#8230;What are you planning?<\/p>\n<p>&#8212; Abraham<\/p>\n<p>*\u00b4\u00a8) ? H O \u2018 O P O N O P O N O ?<br \/>\n\u00b8.\u2022\u00b4 \u00b8.\u2022*\u00b4\u00a8) \u00b8.\u2022*\u00a8)\u00b8.\u2022*\u00a8)\u00b8.\u2022*\u00a8)\u00b8.\u2022*\u00a8)<br \/>\n(\u00b8.\u2022\u00b4 +LUZ P-H-A-Z y *A*M*O*R*  (\u00b8.\u2022` &lt;3<\/p>\n<p>Jueves 20 de Febrero de 2014<\/p>\n<p>Tu pasi\u00f3n<\/p>\n<p>Aquellas cosas que amo y aquellas que no soporto, ambas apuntan a una poderosa parte de mi mismo. Amo a mi pasi\u00f3n.<\/p>\n<p>La pasi\u00f3n otorga verdadera fuerza y poder a cualquier cosa que haces. La pasi\u00f3n te empuja en una direcci\u00f3n de plenitud que da verdadero sentido a tu vida.<\/p>\n<p>Sintiendo pasi\u00f3n por la meta, descubrir\u00e1s una manera de llegar a ella. Cuando es la pasi\u00f3n la que gu\u00eda tus acciones, puedes atravesar con \u00e9xito cualquier obst\u00e1culo.<\/p>\n<p>Tu verdadera pasi\u00f3n no es nada por lo cual estar avergonzado. Porque conecta con la verdadera ra\u00edz de la persona \u00fanica y hermosa que t\u00fa eres.<\/p>\n<p>Deja que tu pasi\u00f3n cobre vida. Cuanto m\u00e1s plenamente la expreses  m\u00e1s r\u00e1pidamente avanzar\u00e1s hacia la concreci\u00f3n de tus m\u00e1s profundos deseos.<br \/>\nEn tu pasi\u00f3n yace tu verdadero y especial por qu\u00e9, tu verdadera raz\u00f3n de ser. Abr\u00e1zala fuerte y haz que siga brillando ardientemente, porque en tu pasi\u00f3n est\u00e1 el impulso que te llevar\u00e1 a alcanzar tus sue\u00f1os.<br \/>\n Gabriel Sandler<\/p>\n<p>Thursday, February 20, 2014<br \/>\nEarning your keep<\/p>\n<p>You deserve a life that\u2019s filled with joy and meaning, prosperity and fulfillment. Yet you can\u2019t expect for others to give it to you.<\/p>\n<p>You deserve the very best in life. And you deserve the priceless experience of working with commitment, determination and persistence to bring it into being.<\/p>\n<p>A free ride is worth precisely what you pay for it. Instead of looking to get stuff for free, honor and respect the immense value of your life by finding ways to give the best you have.<\/p>\n<p>You have already been given the miraculous gift of life. Now is your opportunity to find spectacular fulfillment in earning your keep.<\/p>\n<p>There are great challenges and injustices that will continue to work against you. But there\u2019s no real value to be gained by seeing yourself as a victim.<\/p>\n<p>Instead, see yourself for what you truly are, a loving, caring, unique person who can make a big difference. You owe it to life, and especially to yourself, to make that difference, so work right now to make it in a great big, beautiful way.<\/p>\n<p>\u2014 Ralph Marston<\/p>\n<p>*\u00b4\u00a8) ? H O \u2018 O P O N O P O N O ?<br \/>\n\u00b8.\u2022\u00b4 \u00b8.\u2022*\u00b4\u00a8) \u00b8.\u2022*\u00a8)\u00b8.\u2022*\u00a8)\u00b8.\u2022*\u00a8)\u00b8.\u2022*\u00a8)<br \/>\n(\u00b8.\u2022\u00b4 +LUZ P-H-A-Z y *A*M*O*R*  (\u00b8.\u2022` &lt;3<\/p>\n","protected":false},"excerpt":{"rendered":"<p>Pensamiento del jueves 20 de febrero de 2014 Los r\u00edos que fluyen, las fuentes que manan, la lluvia que cae, el fragor de los torrentes, el movimiento ininterrumpido de los&hellip; <a href=\"https:\/\/www.vivesur.com\/wpblog\/pensamiento-del-jueves-20-de-febrero-de-2014\/\" class=\"apace-readmore-link\">Read more<\/a><\/p>\n","protected":false},"author":1,"featured_media":0,"comment_status":"open","ping_status":"open","sticky":false,"template":"","format":"standard","meta":[],"categories":[1,8],"tags":[],"_links":{"self":[{"href":"https:\/\/www.vivesur.com\/wpblog\/wp-json\/wp\/v2\/posts\/7943"}],"collection":[{"href":"https:\/\/www.vivesur.com\/wpblog\/wp-json\/wp\/v2\/posts"}],"about":[{"href":"https:\/\/www.vivesur.com\/wpblog\/wp-json\/wp\/v2\/types\/post"}],"author":[{"embeddable":true,"href":"https:\/\/www.vivesur.com\/wpblog\/wp-json\/wp\/v2\/users\/1"}],"replies":[{"embeddable":true,"href":"https:\/\/www.vivesur.com\/wpblog\/wp-json\/wp\/v2\/comments?post=7943"}],"version-history":[{"count":0,"href":"https:\/\/www.vivesur.com\/wpblog\/wp-json\/wp\/v2\/posts\/7943\/revisions"}],"wp:attachment":[{"href":"https:\/\/www.vivesur.com\/wpblog\/wp-json\/wp\/v2\/media?parent=7943"}],"wp:term":[{"taxonomy":"category","embeddable":true,"href":"https:\/\/www.vivesur.com\/wpblog\/wp-json\/wp\/v2\/categories?post=7943"},{"taxonomy":"post_tag","embeddable":true,"href":"https:\/\/www.vivesur.com\/wpblog\/wp-json\/wp\/v2\/tags?post=7943"}],"curies":[{"name":"wp","href":"https:\/\/api.w.org\/{rel}","templated":true}]}}