{"id":7890,"date":"2014-02-01T10:10:12","date_gmt":"2014-02-01T09:10:12","guid":{"rendered":"http:\/\/vivesur.com\/wpblog\/?p=7890"},"modified":"2014-02-01T10:10:12","modified_gmt":"2014-02-01T09:10:12","slug":"pensamiento-del-sabado-1-de-febrero-de-2014","status":"publish","type":"post","link":"https:\/\/www.vivesur.com\/wpblog\/pensamiento-del-sabado-1-de-febrero-de-2014\/","title":{"rendered":"Pensamiento del S\u00e1bado 1 de febrero de 2014"},"content":{"rendered":"<p>Pensamiento del S\u00e1bado 1 de febrero de 2014<br \/>\n<span style=\"font-size: 12pt;\"><img loading=\"lazy\" src=\"http:\/\/vivesur.com\/wpblog\/wp-content\/uploads\/2014\/02\/wpid-Capturadepantalla2014-02-01alas13.36.55-2014-02-1-10-10.png\" alt=\"wpid-Capturadepantalla2014-02-01alas13.36.55-2014-02-1-10-10.png\" width=\"623\" height=\"467\" \/><\/span><br \/>\nEl ambiente en el que viven los seres contribuye mucho a resaltar sus lados buenos o malos. Por eso, lo m\u00e1s a menudo posible, esforzaos en frecuentar personas, asistir a reuniones en las que emane una atm\u00f3sfera de paz, de armon\u00eda, de luz. Al principio, quiz\u00e1 no sint\u00e1is durante mucho tiempo los efectos ben\u00e9ficos, pero al dar a vuestra naturaleza superior, durante unos instantes al menos, las condiciones para que pueda manifestarse, habr\u00e9is impuesto el silencio a vuestra naturaleza inferior, obteniendo as\u00ed cada vez una victoria sobre ella. Esforzaos tambi\u00e9n en crear estos ambientes armoniosos escuchando m\u00fasica, por ejemplo, porque las sonoridades producidas por instrumentos o voces, tienen un gran poder. Existen m\u00fasicas sublimes que proyectan las almas a unas alturas vertiginosas de las que vuelven iluminadas, purificadas, santificadas. Buscadlas y procurad impregnaros de ellas. A fuerza de repetir estas experiencias, vuestra naturaleza superior acabar\u00e1 imponi\u00e9ndose y gobernar\u00e1 vuestra vida.<\/p>\n<p>Omraam Mikha\u00ebl A\u00efvanhov<\/p>\n<p>*\u00b4\u00a8) ? H O \u2018 O P O N O P O N O ?<br \/>\n\u00b8.\u2022\u00b4 \u00b8.\u2022*\u00b4\u00a8) \u00b8.\u2022*\u00a8)\u00b8.\u2022*\u00a8)\u00b8.\u2022*\u00a8)\u00b8.\u2022*\u00a8)<br \/>\n(\u00b8.\u2022\u00b4 +LUZ P-H-A-Z y *A*M*O*R*  (\u00b8.\u2022` &lt;3<\/p>\n<p>N S 1. 26. 7. 23. Seli. Obsidiana. Mantra: HRAM. Ra\u00edz UPC Kin 165-PAG (s\u00e1bado 1-2-2014)<\/p>\n<p>MAGO EL\u00c9CTRICO BLANCO \u2013 Kin 94<\/p>\n<p>MAGO: Acci\u00f3n: ENCANTAR. Poder: ATEMPORALIDAD. Esencia: RECEPTIVIDAD.<\/p>\n<p>EL\u00c9CTRICO: Acci\u00f3n: VINCULAR. Poder: ACTIVAR. Esencia: SERVICIO.<\/p>\n<p>C\u00e1mara El\u00e9ctrica, identifica el Servicio. \u00bfC\u00f3mo alcanzo la meta?<\/p>\n<p>El Mago con sus encantamientos ayuda a hacer y deshacer, poner y quitar. En este caso activa todo lo necesario para conectar con nuestra sabidur\u00eda. Somos atemporales y receptivos. Desde el principio de los tiempos Dios nos insufl\u00f3 su aliento, y por ello siempre mantenemos ese hilo directo de uni\u00f3n con \u00c9l.<\/p>\n<p>AL ESTAR DE SERVICIO, EL MAGO AYUDA A LOS DEM\u00c1S A PERCIBIR SU PROPIA LIBERTAD, SU CAPACIDAD DE ELECCI\u00d3N, LA POSIBILIDAD DE CONECTAR OTRAS DIMENSIONES DE LUZ Y AMOR. NUESTRO OBJETIVO EST\u00c1 ENCAMINADO A COMPORTARNOS COMO CRIATURAS DIVINAS QUE SOMOS. \u00a1SOMOS CANALES DE LA DIVINIDAD ESPERANDO RECIBIR LAS CONEXIONES CON LOS SERES GAL\u00c1CTICOS, SUS EMISARIOS!<\/p>\n<p>*\u00b4\u00a8) ? H O \u2018 O P O N O P O N O ?<br \/>\n\u00b8.\u2022\u00b4 \u00b8.\u2022*\u00b4\u00a8) \u00b8.\u2022*\u00a8)\u00b8.\u2022*\u00a8)\u00b8.\u2022*\u00a8)\u00b8.\u2022*\u00a8)<br \/>\n(\u00b8.\u2022\u00b4 +LUZ P-H-A-Z y *A*M*O*R*  (\u00b8.\u2022` &lt;3<\/p>\n<p>Un Curso De Milagros Lecci\u00f3n Del Dia<br \/>\nLECCI\u00d3N 32 \u2013 He inventado el mundo que veo.<\/p>\n<p>Continuamos hoy desarrollando el tema de causa y efecto. No eres v\u00edctima del mundo que ves porque t\u00fa mismo lo inventaste. Puedes renunciar a \u00e9l con la misma facilidad con la que lo construiste. Lo ver\u00e1s o no lo ver\u00e1s, tal como desees. Mientras desees verlo, lo ver\u00e1s; cuando ya no lo desees ver, no estar\u00e1 ah\u00ed para que lo puedas ver.<br \/>\nLa idea de hoy, al igual que las anteriores, es aplicable tanto a tu mundo interno como al externo, que en realidad son lo mismo. Sin embargo, puesto que los consideras diferentes, las sesiones de pr\u00e1ctica de hoy tendr\u00e1n una vez m\u00e1s dos fases: una dedicada al mundo que ves fuera de ti, y la otra, al que ves en tu mente. Trata de introducir en los ejercicios de hoy el pensamiento de que ambos se encuentran en tu propia imaginaci\u00f3n.<br \/>\nUna vez m\u00e1s, comenzaremos la sesi\u00f3n de pr\u00e1ctica de por la ma\u00f1ana y la de por la noche repitiendo la idea de hoy dos o tres veces mientras miras a tu alrededor al mundo que consideras como externo a ti. Luego cierra los ojos y mira tu mundo interno. Procura tratarlos a ambos con la mayor igualdad posible. Repite la idea de hoy sin ning\u00fan apresuramiento y tan a menudo como desees mientras observas las im\u00e1genes que tu imaginaci\u00f3n le presenta a tu conciencia.<br \/>\nSe recomiendan de tres a cinco minutos para las dos sesiones de pr\u00e1ctica m\u00e1s largas, siendo tres el m\u00ednimo requerido. Si notas que hacer los ejercicios te relaja, los puedes alargar a m\u00e1s de cinco minutos. Para facilitar esa relajaci\u00f3n, escoge un momento en el que no preveas muchas distracciones, y en el que te sientas razonablemente preparado.<br \/>\nEstos ejercicios se deben seguir haciendo asimismo a lo largo del d\u00eda tan a menudo como sea posible. Las aplicaciones m\u00e1s cortas consisten en lentas repeticiones de la idea seg\u00fan exploras tu mundo externo o tu mundo interno. No importa cu\u00e1l de ellos elijas.<br \/>\nLa idea de hoy tambi\u00e9n debe aplicarse inmediatamente a cualquier situaci\u00f3n que te pueda perturbar. Apl\u00edcala dici\u00e9ndote a ti mismo:<\/p>\n<p>He inventado esta situaci\u00f3n tal como la veo.<\/p>\n<p>*\u00b4\u00a8) ? H O \u2018 O P O N O P O N O ?<br \/>\n\u00b8.\u2022\u00b4 \u00b8.\u2022*\u00b4\u00a8) \u00b8.\u2022*\u00a8)\u00b8.\u2022*\u00a8)\u00b8.\u2022*\u00a8)\u00b8.\u2022*\u00a8)<br \/>\n(\u00b8.\u2022\u00b4 +LUZ P-H-A-Z y *A*M*O*R*  (\u00b8.\u2022` &lt;3<\/p>\n<p>S\u00e1bado 1 de Febrero de 2014<\/p>\n<p>Interpreta la indirecta<\/p>\n<p>Lo que ves, lo que piensas, lo que sientes, todo tiene una raz\u00f3n. Aquello con lo que te tropiezas, aparentemente por casualidad, tiene una raz\u00f3n.<\/p>\n<p>En todo lo que vives est\u00e1 la voz de tu m\u00e1s aut\u00e9ntico ser, aportando un mensaje importante, adecuado y oportuno. Escucha, e intenta comprender con amor lo que la experiencia de cada momento te est\u00e1 diciendo.<\/p>\n<p>Toda la sabidur\u00eda que has venido adquiriendo te est\u00e1 hablando. Todas las oportunidades que se presentan ante ti, te est\u00e1n llamando.<\/p>\n<p>No es casual que est\u00e9s donde est\u00e1s. Todo un conjunto de pensamientos, intenciones y experiencias te han tra\u00eddo hasta aqu\u00ed.<\/p>\n<p>Todo lo que has aprendido y todo lo que has ido atravesando a lo largo de tu vida te ha llevado hasta este lugar, ahora. Se trata de una oportunidad plena de sentido y riqueza que se presenta ante ti y te insta a avanzar.<\/p>\n<p>Interpreta la indirecta, siente el mensaje de este momento, y hazle caso. En este instante y en este lugar, esta vida es tuya para que hagas grandes cosas con ella.<\/p>\n<p>Gabriel S<\/p>\n<p>*\u00b4\u00a8) ? H O \u2018 O P O N O P O N O ?<br \/>\n\u00b8.\u2022\u00b4 \u00b8.\u2022*\u00b4\u00a8) \u00b8.\u2022*\u00a8)\u00b8.\u2022*\u00a8)\u00b8.\u2022*\u00a8)\u00b8.\u2022*\u00a8)<br \/>\n(\u00b8.\u2022\u00b4 +LUZ P-H-A-Z y *A*M*O*R*  (\u00b8.\u2022` &lt;3<\/p>\n<p>Daily Law of Attraction Quotation<\/p>\n<p>Make a decision of what you want, give your attention there, find the feeling place of it \u2014 and you&#8217;re there instantly. There is no reason for you to suffer or struggle your way to or through anything.<\/p>\n<p>&#8212; Abraham<\/p>\n<p>*\u00b4\u00a8) ? H O \u2018 O P O N O P O N O ?<br \/>\n\u00b8.\u2022\u00b4 \u00b8.\u2022*\u00b4\u00a8) \u00b8.\u2022*\u00a8)\u00b8.\u2022*\u00a8)\u00b8.\u2022*\u00a8)\u00b8.\u2022*\u00a8)<br \/>\n(\u00b8.\u2022\u00b4 +LUZ P-H-A-Z y *A*M*O*R*  (\u00b8.\u2022` &lt;3<\/p>\n","protected":false},"excerpt":{"rendered":"<p>Pensamiento del S\u00e1bado 1 de febrero de 2014 El ambiente en el que viven los seres contribuye mucho a resaltar sus lados buenos o malos. Por eso, lo m\u00e1s a&hellip; <a href=\"https:\/\/www.vivesur.com\/wpblog\/pensamiento-del-sabado-1-de-febrero-de-2014\/\" class=\"apace-readmore-link\">Read more<\/a><\/p>\n","protected":false},"author":1,"featured_media":0,"comment_status":"open","ping_status":"open","sticky":false,"template":"","format":"standard","meta":[],"categories":[1,8],"tags":[],"_links":{"self":[{"href":"https:\/\/www.vivesur.com\/wpblog\/wp-json\/wp\/v2\/posts\/7890"}],"collection":[{"href":"https:\/\/www.vivesur.com\/wpblog\/wp-json\/wp\/v2\/posts"}],"about":[{"href":"https:\/\/www.vivesur.com\/wpblog\/wp-json\/wp\/v2\/types\/post"}],"author":[{"embeddable":true,"href":"https:\/\/www.vivesur.com\/wpblog\/wp-json\/wp\/v2\/users\/1"}],"replies":[{"embeddable":true,"href":"https:\/\/www.vivesur.com\/wpblog\/wp-json\/wp\/v2\/comments?post=7890"}],"version-history":[{"count":0,"href":"https:\/\/www.vivesur.com\/wpblog\/wp-json\/wp\/v2\/posts\/7890\/revisions"}],"wp:attachment":[{"href":"https:\/\/www.vivesur.com\/wpblog\/wp-json\/wp\/v2\/media?parent=7890"}],"wp:term":[{"taxonomy":"category","embeddable":true,"href":"https:\/\/www.vivesur.com\/wpblog\/wp-json\/wp\/v2\/categories?post=7890"},{"taxonomy":"post_tag","embeddable":true,"href":"https:\/\/www.vivesur.com\/wpblog\/wp-json\/wp\/v2\/tags?post=7890"}],"curies":[{"name":"wp","href":"https:\/\/api.w.org\/{rel}","templated":true}]}}