{"id":7878,"date":"2014-01-31T09:43:29","date_gmt":"2014-01-31T08:43:29","guid":{"rendered":"http:\/\/vivesur.com\/wpblog\/?p=7878"},"modified":"2014-01-31T09:43:29","modified_gmt":"2014-01-31T08:43:29","slug":"pensamiento-del-viernes-31-de-enero-de-2014","status":"publish","type":"post","link":"https:\/\/www.vivesur.com\/wpblog\/pensamiento-del-viernes-31-de-enero-de-2014\/","title":{"rendered":"Pensamiento del viernes 31 de enero de 2014"},"content":{"rendered":"<p>Pensamiento del viernes 31 de enero de 2014<br \/>\n<span style=\"font-size: 12pt;\"><img loading=\"lazy\" src=\"http:\/\/vivesur.com\/wpblog\/wp-content\/uploads\/2014\/01\/wpid-31114-2014-01-31-09-43.jpg\" alt=\"wpid-31114-2014-01-31-09-43.jpg\" width=\"683\" height=\"512\" \/><\/span><br \/>\nEn presencia de ciertos seres, viendo la expresi\u00f3n de su rostro, de su mirada, sintiendo todo lo que emana de ellos, inmediatamente se impone ante nosotros la palabra luz. Como si en su coraz\u00f3n, en su alma, fuesen capaces de destilar una materia imponderable, y proyectarla despu\u00e9s bajo forma de luz. O como si hubiesen captado algo de la luz difundida en el espacio y la hubiesen condensado en ellos. Su cuerpo entero parece hecho de una materia transl\u00facida en el interior de la cual arde una llama. Para muchos, esta luz sigue siendo un gran misterio, porque no saben que es el resultado de procesos muy reales de la vida interior: el sabio, el Iniciado, la ha obtenido gracias a un trabajo de todos los instantes. De cada pensamiento, de cada deseo, de cada sentimiento y de cada acto que consigue volver m\u00e1s desinteresado, m\u00e1s generoso, m\u00e1s puro, extrae una cantidad infinitesimal de luz. Se dice en los libros sagrados que el alma humana tiene el poder de remover los cielos. S\u00ed, el alma puede remover los cielos, pero solamente por su deseo de obtener la luz. Si insiste, si exige, si suplica, el Se\u00f1or mismo, que es luz, no puede neg\u00e1rsela.<\/p>\n<p>Omraam Mikha\u00ebl A\u00efvanhov<\/p>\n<p>*\u00b4\u00a8) ? H O \u2018 O P O N O P O N O ?<br \/>\n\u00b8.\u2022\u00b4 \u00b8.\u2022*\u00b4\u00a8) \u00b8.\u2022*\u00a8)\u00b8.\u2022*\u00a8)\u00b8.\u2022*\u00a8)\u00b8.\u2022*\u00a8)<br \/>\n(\u00b8.\u2022\u00b4 +LUZ P-H-A-Z y *A*M*O*R*  (\u00b8.\u2022` &lt;3<\/p>\n<p>N S 1. 26. 7. 22. Dali. Onix. Mantra: OM. Corona UPC Kin 138 (viernes 31-1-2014)<\/p>\n<p>CAMINANTE DEL CIELO LUNAR ROJO \u2013 Kin 93. Portal Activaci\u00f3n Gal\u00e1ctica<\/p>\n<p>CAMINANTE DEL CIELO: Acci\u00f3n: EXPLORAR. Poder: ESPACIO. Esencia: VIGILANCIA.<\/p>\n<p>LUNAR: Acci\u00f3n: ESTABILIZAR. Poder: POLARIZAR. Esencia: DESAF\u00cdO.<\/p>\n<p>C\u00e1mara Lunar, identifica el Desaf\u00edo. \u00bfCu\u00e1les son los obst\u00e1culos?<\/p>\n<p>Heptada 28 amarilla, \u201cLa Iluminaci\u00f3n Ilumina la Navegaci\u00f3n\u201d. Inicio de la cuarta semana de la pr\u00e1ctica del trabajo del \u201cCultivo de la Resonancia Interna\u201d, <a href=\"http:\/\/ondaencantada.com\/wp-content\/uploads\/2014\/01\/El-Cultivo-de-la-Resonancia-Interna-FLT.pdf\">http:\/\/ondaencantada.com\/wp-content\/uploads\/2014\/01\/El-Cultivo-de-la-Resonancia-Interna-FLT.pdf<\/a> . Somos Humanos en la Tierra pero tambi\u00e9n Caminantes del Cielo, ya que nunca nos hemos soltado de la mano de Dios. Esa es la cuesti\u00f3n que tenemos que recordar y a veces la humanidad olvida. Exploramos aquello que excede de nuestra comprensi\u00f3n y entendimiento en busca de pruebas del m\u00e1s all\u00e1.<\/p>\n<p>NECESITAMOS TENER UNOS PILARES EN LOS CUALES ANCLAR LAS CREENCIAS. SIN ESTA BASE ES DIF\u00cdCIL LA VIDA. ES M\u00c1S FELIZ QUIEN TIENE VIDA INTERIOR Y EST\u00c1 APOYADO EN UNA FORMA PERSONAL DE FE EN DIOS SOBRE TODO Y EN LOS SERES DE EVOLUCI\u00d3N SUPERIOR QUE AYUDAN Y CONECTAN CON NOSOTROS. \u00a1DIOS NOS AYUDA! \u00a1ENV\u00cdA LO NECESARIO EN EL MOMENTO ADECUADO! \u00a1GRACIAS!<\/p>\n<p>*\u00b4\u00a8) ? H O \u2018 O P O N O P O N O ?<br \/>\n\u00b8.\u2022\u00b4 \u00b8.\u2022*\u00b4\u00a8) \u00b8.\u2022*\u00a8)\u00b8.\u2022*\u00a8)\u00b8.\u2022*\u00a8)\u00b8.\u2022*\u00a8)<br \/>\n(\u00b8.\u2022\u00b4 +LUZ P-H-A-Z y *A*M*O*R*  (\u00b8.\u2022` &lt;3<\/p>\n<p>Daily Law of Attraction Quotation<\/p>\n<p>The joyous place you may be standing is temporary, and the abhorrent place that you may be standing is temporary. Your now reality is only a temporary, momentary culmination of what you&#8217;ve been thinking about.<\/p>\n<p>*\u00b4\u00a8) ? H O \u2018 O P O N O P O N O ?<br \/>\n\u00b8.\u2022\u00b4 \u00b8.\u2022*\u00b4\u00a8) \u00b8.\u2022*\u00a8)\u00b8.\u2022*\u00a8)\u00b8.\u2022*\u00a8)\u00b8.\u2022*\u00a8)<br \/>\n(\u00b8.\u2022\u00b4 +LUZ P-H-A-Z y *A*M*O*R*  (\u00b8.\u2022` &lt;3<\/p>\n<p>Un Curso De Milagros Lecci\u00f3n Del Dia<br \/>\nLECCI\u00d3N 31 \u2013 No soy v\u00edctima del mundo que veo.<\/p>\n<p>La idea de hoy es la introducci\u00f3n a tu declaraci\u00f3n de emancipaci\u00f3n. Una vez m\u00e1s, la idea debe aplicarse tanto al mundo que ves fuera de ti como al que ves dentro. Al aplicar la idea de hoy lo haremos de una manera que se utilizar\u00e1 cada vez m\u00e1s, con ciertas modificaciones que ya se ir\u00e1n indicando. En general, esta manera de practicar comprende dos aspectos: uno en el que aplicas la idea de manera m\u00e1s prolongada, y otro en el que haces frecuentes aplicaciones de la idea en el transcurso del d\u00eda.<br \/>\nLa idea de hoy requiere dos sesiones de pr\u00e1ctica m\u00e1s largas que de costumbre, una por la ma\u00f1ana y otra por la noche. Se recomiendan de tres a cinco minutos para cada una de ellas. Durante ese intervalo mira lentamente a tu alrededor mientras repites la idea dos o tres veces. Luego cierra los ojos y aplica la idea a tu mundo interno. Te liberar\u00e1s de ambos al mismo tiempo, pues el interno es la causa del externo.<br \/>\nMientras exploras tu mundo interno permite simplemente que cualquier pensamiento que cruce tu mente llegue hasta tu conciencia, obs\u00e9rvalo por un instante, y luego reempl\u00e1zalo con el siguiente. Trata de no establecer ninguna jerarqu\u00eda entre ellos. Observa su ir y venir tan desapasionadamente como puedas. No te detengas en ninguno en particular, sino trata de mantener un ritmo uniforme y calmado, sin ning\u00fan marcado inter\u00e9s por tu parte. Mientras est\u00e9s sentado observando tus pensamientos serenamente, repite la idea de hoy en tu interior tan a menudo como quieras, mas sin ninguna sensaci\u00f3n de premura.<br \/>\nRep\u00edtela adem\u00e1s tan frecuentemente como puedas en el transcurso del d\u00eda. Recuerda que al hacerlo est\u00e1s haciendo una declaraci\u00f3n de independencia en nombre de tu propia libertad. Y en tu libertad radica la libertad del mundo.<br \/>\nLa idea de hoy es tambi\u00e9n especialmente \u00fatil como respuesta a cualquier tipo de tentaci\u00f3n que pueda presentarse. Es una declaraci\u00f3n de que no vas a sucumbir a ella, aprision\u00e1ndole as\u00ed a ti mismo.<\/p>\n<p>*\u00b4\u00a8) ? H O \u2018 O P O N O P O N O ?<br \/>\n\u00b8.\u2022\u00b4 \u00b8.\u2022*\u00b4\u00a8) \u00b8.\u2022*\u00a8)\u00b8.\u2022*\u00a8)\u00b8.\u2022*\u00a8)\u00b8.\u2022*\u00a8)<br \/>\n(\u00b8.\u2022\u00b4 +LUZ P-H-A-Z y *A*M*O*R*  (\u00b8.\u2022` &lt;3<\/p>\n<p>Viernes 31 de Enero de 2014<\/p>\n<p>Drenaje de energ\u00eda<\/p>\n<p>Si pareciera que te falta la energ\u00eda necesaria para avanzar, preg\u00fantate esto: \u00bfQu\u00e9 es lo que te la est\u00e1 quitando?<\/p>\n<p>\u00bfHay quiz\u00e1s h\u00e1bitos o patrones de pensamiento negativos que est\u00e1n consumiendo tu energ\u00eda? Haz el esfuerzo por identificarlos y comprom\u00e9tete a cambiarlos.<\/p>\n<p>\u00bfSon las personas que te rodean las que te quitan tu energ\u00eda con su negatividad? Decide rodearte m\u00e1s seguido de personas m\u00e1s positivas, entusiastas, motivadas y motivadoras.<\/p>\n<p>\u00bfTe est\u00e1s agotando constantemente a ti mismo, concentr\u00e1ndote en los problemas mundiales? Desaf\u00edate a identificar las oportunidades que est\u00e1n presentes en cada situaci\u00f3n complicada, y recuerda que el futuro es lo que t\u00fa haces de \u00e9l.<\/p>\n<p>\u00bfTu energ\u00eda est\u00e1 siendo consumida por una determinada limitaci\u00f3n en tus habilidades o capacidades? T\u00f3mate el tiempo para mejorar esas habilidades, y transformar esa debilidad en fortaleza.<\/p>\n<p>Sea lo que fuere que pueda estar drenando tu energ\u00eda, puedes identificarlo y encargarte satisfactoriamente de ello. Una vez que lo hagas, descubrir\u00e1s que tienes todo lo necesario para conseguir cualquier cosa que te propongas.<\/p>\n<p>Gabriel S<\/p>\n<p>*\u00b4\u00a8) ? H O \u2018 O P O N O P O N O ?<br \/>\n\u00b8.\u2022\u00b4 \u00b8.\u2022*\u00b4\u00a8) \u00b8.\u2022*\u00a8)\u00b8.\u2022*\u00a8)\u00b8.\u2022*\u00a8)\u00b8.\u2022*\u00a8)<br \/>\n(\u00b8.\u2022\u00b4 +LUZ P-H-A-Z y *A*M*O*R*  (\u00b8.\u2022` &lt;3<\/p>\n","protected":false},"excerpt":{"rendered":"<p>Pensamiento del viernes 31 de enero de 2014 En presencia de ciertos seres, viendo la expresi\u00f3n de su rostro, de su mirada, sintiendo todo lo que emana de ellos, inmediatamente&hellip; <a href=\"https:\/\/www.vivesur.com\/wpblog\/pensamiento-del-viernes-31-de-enero-de-2014\/\" class=\"apace-readmore-link\">Read more<\/a><\/p>\n","protected":false},"author":1,"featured_media":0,"comment_status":"open","ping_status":"open","sticky":false,"template":"","format":"standard","meta":[],"categories":[1,8],"tags":[],"_links":{"self":[{"href":"https:\/\/www.vivesur.com\/wpblog\/wp-json\/wp\/v2\/posts\/7878"}],"collection":[{"href":"https:\/\/www.vivesur.com\/wpblog\/wp-json\/wp\/v2\/posts"}],"about":[{"href":"https:\/\/www.vivesur.com\/wpblog\/wp-json\/wp\/v2\/types\/post"}],"author":[{"embeddable":true,"href":"https:\/\/www.vivesur.com\/wpblog\/wp-json\/wp\/v2\/users\/1"}],"replies":[{"embeddable":true,"href":"https:\/\/www.vivesur.com\/wpblog\/wp-json\/wp\/v2\/comments?post=7878"}],"version-history":[{"count":0,"href":"https:\/\/www.vivesur.com\/wpblog\/wp-json\/wp\/v2\/posts\/7878\/revisions"}],"wp:attachment":[{"href":"https:\/\/www.vivesur.com\/wpblog\/wp-json\/wp\/v2\/media?parent=7878"}],"wp:term":[{"taxonomy":"category","embeddable":true,"href":"https:\/\/www.vivesur.com\/wpblog\/wp-json\/wp\/v2\/categories?post=7878"},{"taxonomy":"post_tag","embeddable":true,"href":"https:\/\/www.vivesur.com\/wpblog\/wp-json\/wp\/v2\/tags?post=7878"}],"curies":[{"name":"wp","href":"https:\/\/api.w.org\/{rel}","templated":true}]}}