{"id":7830,"date":"2014-01-17T09:47:03","date_gmt":"2014-01-17T08:47:03","guid":{"rendered":"http:\/\/vivesur.com\/wpblog\/?p=7830"},"modified":"2014-01-17T09:47:03","modified_gmt":"2014-01-17T08:47:03","slug":"viernes-17-de-enero-de-2014","status":"publish","type":"post","link":"https:\/\/www.vivesur.com\/wpblog\/viernes-17-de-enero-de-2014\/","title":{"rendered":"Viernes 17 de enero de 2014"},"content":{"rendered":"<p>Un Curso De Milagros Lecci\u00f3n Del Dia<br \/>\nLECCI\u00d3N 17 \u2013 No veo cosas neutras.<br \/>\n<span style=\"font-size: 12pt;\"><img loading=\"lazy\" src=\"http:\/\/vivesur.com\/wpblog\/wp-content\/uploads\/2014\/01\/wpid-17114-2014-01-17-09-47.jpg\" alt=\"wpid-17114-2014-01-17-09-47.jpg\" width=\"673\" height=\"398\" \/><\/span><br \/>\nEsta idea es otro paso en el proceso de identificar causa y efecto tal como realmente operan en el mundo. No ves cosas neutras porque no tienes pensamientos neutros. El pensamiento siempre tiene lugar primero, a pesar de la tentaci\u00f3n de creer que es al contrario. El mundo no piensa de esa manera pero t\u00fa tienes que aprender que as\u00ed es como piensas t\u00fa. De lo contrario, la percepci\u00f3n carecer\u00eda de causa, y ser\u00eda ella misma la causa de la realidad. En vista de su naturaleza altamente variable, eso es de todo punto imposible.<br \/>\nAl aplicar la idea de hoy mant\u00e9n los ojos abiertos mientras te dices a ti mismo:<\/p>\n<p>No veo cosas neutras porque no tengo pensamientos neutros.<\/p>\n<p>Luego mira a tu alrededor, dejando que tu mirada se pose sobre cada cosa que notes el tiempo suficiente para poder decir:<\/p>\n<p>No veo un(a) ___ neutro(a) porque mis pensamientos acerca de ___ no son neutros.<br \/>\nPodr\u00edas decir, por ejemplo:<br \/>\nNo veo una pared neutra porque mis pensamientos acerca de las paredes no son neutros.<br \/>\nNo veo un cuerpo neutro porque mis pensamientos acerca de los cuerpos no son neutros.<br \/>\nComo de costumbre, es esencial no hacer distinciones entre lo que crees que es animado o inanimado, agradable o desagradable. Independientemente de lo que puedas creer, no ves nada que est\u00e9 realmente vivo o que sea realmente gozoso. Eso se debe a que todav\u00eda no eres consciente de ning\u00fan pensamiento realmente verdadero, y, por lo tanto, realmente feliz.<br \/>\nSe recomiendan tres o cuatro sesiones de pr\u00e1ctica concretas, e incluso si experimentas resistencia, son necesarias cuando menos tres para obtener el m\u00e1ximo beneficio. En tal caso, no obstante, puedes acortar la duraci\u00f3n de la sesi\u00f3n a menos del minuto que de otra forma se recomienda.<\/p>\n<p>*\u00b4\u00a8) ? H O \u2018 O P O N O P O N O ?<br \/>\n\u00b8.\u2022\u00b4 \u00b8.\u2022*\u00b4\u00a8) \u00b8.\u2022*\u00a8)\u00b8.\u2022*\u00a8)\u00b8.\u2022*\u00a8)\u00b8.\u2022*\u00a8)<br \/>\n(\u00b8.\u2022\u00b4 +LUZ P-H-A-Z y *A*M*O*R*  (\u00b8.\u2022` &lt;3<\/p>\n<p>N S 1. 26. 7. 8. Dali. Onix. Mantra: OM. Corona UPC Kin 124 (viernes 17-1-2014)<\/p>\n<p>TORMENTA MAGN\u00c9TICA AZUL \u2013 Kin 79<\/p>\n<p>TORMENTA: Acci\u00f3n: CATALIZAR. Poder: AUTOGENERACI\u00d3N. Esencia: ENERG\u00cdA.<\/p>\n<p>MAGN\u00c9TICA: Acci\u00f3n: ATRAER. Poder: UNIFICAR. Esencia: PROP\u00d3SITO.<\/p>\n<p>P\u00f3rtico  Magn\u00e9tico, identifica el Prop\u00f3sito. \u00bfCu\u00e1l es mi meta?<\/p>\n<p>Seguimos en la Luna Resonante del Mono de la Sintonizaci\u00f3n. Heptada 26 blanca, \u201cLa Meditaci\u00f3n refleja la Autogeneraci\u00f3n\u201d. Ver la Luna en <a href=\"http:\/\/ondaencantada.com\/wp-content\/uploads\/2014\/01\/Noosbolet\u00edn-de-la-Luna-Resonante-del-Mono-de-la-Sintonizaci\u00f3n-2014.pdf\">http:\/\/ondaencantada.com\/wp-content\/uploads\/2014\/01\/Noosbolet%C3%ADn-de-la-Luna-Resonante-del-Mono-de-la-Sintonizaci%C3%B3n-2014.pdf<\/a> .<\/p>\n<p>Inicio de la segunda semana de la pr\u00e1ctica del trabajo del \u201cCultivo de la Resonancia Interna\u201d, <a href=\"http:\/\/ondaencantada.com\/wp-content\/uploads\/2014\/01\/El-Cultivo-de-la-Resonancia-Interna-FLT.pdf\">http:\/\/ondaencantada.com\/wp-content\/uploads\/2014\/01\/El-Cultivo-de-la-Resonancia-Interna-FLT.pdf<\/a> .<\/p>\n<p>Onda Encantada de la Tormenta Azul de transformaci\u00f3n, la 7\u00aa del Tzolkin y de la G\u00e9nesis del Drag\u00f3n; tambi\u00e9n es la tercera Onda del Castillo Blanco del Norte, Corte de la Muerte. La Tormenta Azul, el sello n\u00ba 19, en los Arquetipos Gal\u00e1cticos es conocido como el Cambiador de Mundos, (ver en <a href=\"http:\/\/ondaencantada.com\/wp-content\/uploads\/2012\/11\/21-Arquetipos-Gal\u00e1cticos.pdf\">http:\/\/ondaencantada.com\/wp-content\/uploads\/2012\/11\/21-Arquetipos-Gal%C3%A1cticos.pdf<\/a> ).<\/p>\n<p>Comenzamos la 2\u00aa semana del Seminario Magos de la Tierra de Picarquin con la Meditaciones de la 5 a la 8, que tratan del Encantamiento del Sue\u00f1o, Ciencia del Tiempo, Orden Sincr\u00f3nico. Curriculum Central: Vida Sostenible y Habilidades de la Vida. En esta onda encantada viene la Meditaci\u00f3n 7\u00aa de la Ley del Tiempo. (Ver <a href=\"http:\/\/ondaencantada.com\/2013\/08\/meditacion-7\u00aa-de-la-ley-del-tiempo-seminario-magos-de-la-tierra-picarquin-chile-1999\/\">http:\/\/ondaencantada.com\/2013\/08\/meditacion-7%C2%AA-de-la-ley-del-tiempo-seminario-magos-de-la-tierra-picarquin-chile-1999\/<\/a> ).<\/p>\n<p>Onda Encantada de la Tormenta Azul los P\u00falsares, los poemas de Kin\u2026  (Que prepara cada 13 d\u00edas Teresa Salvador, Kin 151, Mono 8, <a href=\"http:\/\/ondaencantada.com\/wp-content\/uploads\/2014\/01\/07-ONDA-ENCANTADA-DE-LA-TORMENTA-AZUL.pdf\">http:\/\/ondaencantada.com\/wp-content\/uploads\/2014\/01\/07-ONDA-ENCANTADA-DE-LA-TORMENTA-AZUL.pdf<\/a> ).<\/p>\n<p>\u00bfCu\u00e1ntas veces nos hemos dado cuenta que necesitamos cambios en nuestras vidas? Si recordamos como era  hace algunos a\u00f1os observaremos las modificaciones que hemos hecho desde entonces hasta hoy. Han ocurrido muchos sucesos: hemos crecido y nos hemos independizado, nos hemos casado o separado, tenido hijos, etc., pero por dentro seguimos siendo nosotros con nuestras man\u00edas, defectos y virtudes. Sin embargo, hemos avanzado en un aspecto: cada d\u00eda tenemos m\u00e1s consciencia y somos capaces de observar la realidad que nos  rodea.<\/p>\n<p>Para poder transformar nuestra vida con la Tormenta, el primer paso es tener la certeza de que necesitamos esa innovaci\u00f3n, y as\u00ed nos ponemos manos a la obra y comenzamos a llevarla a cabo.<\/p>\n<p>Desde peque\u00f1os hemos o\u00eddo el dicho de que \u201cyo he nacido as\u00ed y no puedo cambiarme, morir\u00e9 siendo as\u00ed\u201d. Pero no es una afirmaci\u00f3n cre\u00edble. Todo aquel que pone su voluntad para realizar una transformaci\u00f3n en su vida poco a poco lo va logrando. Y nosotros no vamos a ser menos. Podemos comenzar en este momento a agilizar ese proceso tan esperado y deseado, pues caminamos dentro de la Noosfera. Y esto supone que estamos conectados a la mente superior y con los seres gal\u00e1cticos que est\u00e1n colaborando y ayudando en el proceso evolutivo de los seres humanos junto con el planeta tierra.<\/p>\n<p>\u00bfCreemos que nosotros somos los responsables de nuestros propios impulsos? \u00bfCu\u00e1ntas veces esperamos que sean los dem\u00e1s los que nos cambien? Nadie puede hacer por ti aquello que t\u00fa mismo no puedas hacer o no hagas. \u00bfQu\u00e9 idea mantienes de ti mismo? \u00bfTe crees capaz de realizar determinadas acciones nuevas? \u00bfSupones que posees una gran val\u00eda? Cuando te ocurre un suceso especial transformador, \u00bfte crees merecedor de \u00e9l? \u00bfPermites sentirlo, vivirlo, creer lo que te est\u00e1 pasando? A partir de ello, \u00bfcambias tu manera de referirte a ti y tus cualidades? \u00bfTe ha elevado la vibraci\u00f3n?<\/p>\n<p>Si recordamos que la energ\u00eda no se destruye sino que s\u00f3lo se transforma, vamos a ser capaces de regenerar nuestro propio cuerpo, emociones y sentimientos. Este es un punto clave en nuestras vidas. Cuando observamos  que poseemos poca energ\u00eda y nos vemos impotentes para realizar aquellos actos que deseamos porque nos encontramos sin fuerzas, es el momento de reflexionar, de entrar en el interior y de analizar a qu\u00e9 se debe que  carezcamos en ese momento de la energ\u00eda suficiente para movilizarnos hacia el objetivo que queremos conseguir.<\/p>\n<p>Hay algo importante para tener presente, nosotros somos los due\u00f1os absolutos de nuestros actos. La vida se manifiesta para que nosotros actuemos.<\/p>\n<p>Al encontrarnos ante un reto importante, si lo vemos como una gran muralla imposible de franquear jam\u00e1s podremos lograr el objetivo. Sin embargo, si nos paramos un momento, respiramos profundamente y nos sonre\u00edmos desde el coraz\u00f3n, nos impregnamos de la energ\u00eda suficiente para derrumbar la muralla y seguir caminando hacia adelante. Todo se puede lograr con mucha paciencia, amor y esperanza.<\/p>\n<p>Van trascurriendo los d\u00edas y ya ha pasado un a\u00f1o desde el 21\/12\/2012, y ahora es el momento para que cada uno de nosotros recoja los frutos que ha ido plantando a lo largo de los a\u00f1os anteriores. Es la \u00e9poca de la recolecci\u00f3n de los valores que hemos ido adquiriendo, de las cualidades innatas que han sido activadas; de mirarnos a los ojos en el espejo y sonre\u00edrnos por todo lo positivo y maravilloso que con esfuerzo forma parte de nuestras vidas tanto materiales como espirituales.<\/p>\n<p>La Tormenta te avisa que para conseguir esos objetivos \u00faltimos es posible que tengas que vivir experiencias de grandes vientos, huracanes, aguas torrenciales etc., pero el resultado valdr\u00e1 la pena.<\/p>\n<p>Observa en tus acciones diarias que sentimientos, personas o situaciones hacen que pierdas energ\u00eda. Mantenerla alta es muy importante para estar atentos a aquello que nos rodea en el espacio-tiempo en el que nos movemos y al cual acceden los seres estelares para comunicarse con nosotros.<\/p>\n<p>\u00a1TODO ES PERFECTO, PERO MEJORABLE! POR ELLO LAS ENERG\u00cdAS NOS VAN RELATANDO SUTILMENTE EN QU\u00c9 MOMENTO NOS ENCONTRAMOS. SI NO NOS HALLAMOS CONTENTOS CON LO QUE SOMOS Y VIVIMOS, LA AUTOGENERACI\u00d3N DE LA TORMENTA PRESENTA LA OPORTUNIDAD DE TRANSFORMARNOS. \u00bfEN QU\u00c9? EN MEJORES SERES HUMANOS, ESTELARES Y C\u00d3SMICOS. \u00bfY SI CREEMOS QUE YA SOMOS PERFECTOS Y NO PRECISAMOS CAMBIOS? PUES ES MOMENTO DE REALIZAR UNA INTROSPECCI\u00d3N PORQUE SEGURO QUE AUNQUE NO LO VEAMOS CON CLARIDAD, TENEMOS PUNTOS QUE TRASMUTAR TODAV\u00cdA. \u00a1CAMINAMOS HACIA LA CONSCIENCIA SUPERIOR! \u00a1LA AUTOGENERACI\u00d3N COMIENZA A SERNOS MUY FAMILIAR Y CONT\u00cdNUA!<\/p>\n<p>*\u00b4\u00a8) ? H O \u2018 O P O N O P O N O ?<br \/>\n\u00b8.\u2022\u00b4 \u00b8.\u2022*\u00b4\u00a8) \u00b8.\u2022*\u00a8)\u00b8.\u2022*\u00a8)\u00b8.\u2022*\u00a8)\u00b8.\u2022*\u00a8)<br \/>\n(\u00b8.\u2022\u00b4 +LUZ P-H-A-Z y *A*M*O*R*  (\u00b8.\u2022` &lt;3<\/p>\n<p>Daily Law of Attraction Quotation<\/p>\n<p>As you look for a better-feeling way to approach whatever you are giving your attention to; as you continue to ask yourself from your ever-changing vantage point, &#8220;What is it that I do want?&#8221;&#8230; Eventually you will be standing in a very pleasing place\u2014for you cannot continually ask yourself what it is that you do want without your point of attraction beginning to pivot in that direction. The process will be gradual, but your continued application of the process will yield wonderful results in only a few days.<\/p>\n<p>&#8212; Abraham<\/p>\n<p>*\u00b4\u00a8) ? H O \u2018 O P O N O P O N O ?<br \/>\n\u00b8.\u2022\u00b4 \u00b8.\u2022*\u00b4\u00a8) \u00b8.\u2022*\u00a8)\u00b8.\u2022*\u00a8)\u00b8.\u2022*\u00a8)\u00b8.\u2022*\u00a8)<br \/>\n(\u00b8.\u2022\u00b4 +LUZ P-H-A-Z y *A*M*O*R*  (\u00b8.\u2022` &lt;3<\/p>\n<p>Pensamiento del viernes 17 de enero de 2014<\/p>\n<p>Aqu\u00e9l que decide un d\u00eda abandonar su antigua vida para caminar por el camino espiritual, debe saber que se arriesga a encontrar mucha incomprensi\u00f3n por parte de los que est\u00e1n a su alrededor. \u00a1Pero que no se desanime por ello! Y sobre todo, que tenga muy claro que es \u00e9l quien primero debe mostrarse razonable y conciliador. Que con la excusa de su vida espiritual, no se ponga a descuidar sus obligaciones familiares, que no se aparte de los dem\u00e1s, que no les reproche su conducta ni les d\u00e9 sermones. Si quiere convencerles de la rectitud y sinceridad de sus aspiraciones, debe emplear su inteligencia y su coraz\u00f3n para vivir en armon\u00eda con su familia, sus amigos, sus vecinos, y sus colegas de trabajo. Sobre todo, que no se deje llevar por el fanatismo, sino que siga siendo espl\u00e9ndido y comprensivo: \u00e9sta ser\u00e1 la mejor manera de demostrar que ha tomado una buena orientaci\u00f3n. Si se pone a proclamar en todo momento que ha encontrado la verdad, y quiere imponerla a los dem\u00e1s, eso demostrar\u00e1, por el contrario, que no la ha encontrado, y no har\u00e1 m\u00e1s que mostrarse insoportable y rid\u00edculo. Con dulzura, con amabilidad y paciencia es c\u00f3mo debe tratar de llevar a los suyos hacia el camino de la luz.<\/p>\n<p>Omraam Mikha\u00ebl A\u00efvanhov<\/p>\n<p>*\u00b4\u00a8) ? H O \u2018 O P O N O P O N O ?<br \/>\n\u00b8.\u2022\u00b4 \u00b8.\u2022*\u00b4\u00a8) \u00b8.\u2022*\u00a8)\u00b8.\u2022*\u00a8)\u00b8.\u2022*\u00a8)\u00b8.\u2022*\u00a8)<br \/>\n(\u00b8.\u2022\u00b4 +LUZ P-H-A-Z y *A*M*O*R*  (\u00b8.\u2022` &lt;3<\/p>\n<p>Viernes 17 de Enero de 2014<\/p>\n<p>Un foco estimulante<\/p>\n<p>A partir de exactamente la misma situaci\u00f3n, dos personas distintas pueden conseguir resultados considerablemente diferentes. \u00bfPor qu\u00e9?<\/p>\n<p>Porque los resultados que alcanzas no quedan determinados por la situaci\u00f3n ante la que te encuentras. Los resultados que alcanzas depender\u00e1n de aquello en lo que decidas enfocarte.<\/p>\n<p>Si te concentras en todas las cosas que podr\u00edan salir mal, tu mente encontrar\u00e1 la manera de hacer que esas cosas realmente sucedan. Pero no es lo que t\u00fa quieres, \u00bfverdad?<\/p>\n<p>En cambio, date a ti mismo un foco que te estimule. Asegura tu foco apuntando firmemente a las oportunidades, concretas y positivas.<\/p>\n<p>Piensa con gran nivel de detalle en los resultados positivos, buenos y valiosos. Sin dudar ni cuestionar, tu mente empezar\u00e1 a buscar maneras realistas, factibles, de hacer que esas cosas buenas ocurran.<\/p>\n<p>Gu\u00eda tu foco cuidadosa e intencionadamente en direcci\u00f3n al mejor lugar que puedas llegar a imaginar. Y tu foco te llevar\u00e1, a su vez, hacia all\u00ed.<\/p>\n<p>Gabriel S<\/p>\n<p>*\u00b4\u00a8) ? H O \u2018 O P O N O P O N O ?<br \/>\n\u00b8.\u2022\u00b4 \u00b8.\u2022*\u00b4\u00a8) \u00b8.\u2022*\u00a8)\u00b8.\u2022*\u00a8)\u00b8.\u2022*\u00a8)\u00b8.\u2022*\u00a8)<br \/>\n(\u00b8.\u2022\u00b4 +LUZ P-H-A-Z y *A*M*O*R*  (\u00b8.\u2022` &lt;3<\/p>\n","protected":false},"excerpt":{"rendered":"<p>Un Curso De Milagros Lecci\u00f3n Del Dia LECCI\u00d3N 17 \u2013 No veo cosas neutras. Esta idea es otro paso en el proceso de identificar causa y efecto tal como realmente&hellip; <a href=\"https:\/\/www.vivesur.com\/wpblog\/viernes-17-de-enero-de-2014\/\" class=\"apace-readmore-link\">Read more<\/a><\/p>\n","protected":false},"author":1,"featured_media":0,"comment_status":"open","ping_status":"open","sticky":false,"template":"","format":"standard","meta":[],"categories":[1,8],"tags":[],"_links":{"self":[{"href":"https:\/\/www.vivesur.com\/wpblog\/wp-json\/wp\/v2\/posts\/7830"}],"collection":[{"href":"https:\/\/www.vivesur.com\/wpblog\/wp-json\/wp\/v2\/posts"}],"about":[{"href":"https:\/\/www.vivesur.com\/wpblog\/wp-json\/wp\/v2\/types\/post"}],"author":[{"embeddable":true,"href":"https:\/\/www.vivesur.com\/wpblog\/wp-json\/wp\/v2\/users\/1"}],"replies":[{"embeddable":true,"href":"https:\/\/www.vivesur.com\/wpblog\/wp-json\/wp\/v2\/comments?post=7830"}],"version-history":[{"count":0,"href":"https:\/\/www.vivesur.com\/wpblog\/wp-json\/wp\/v2\/posts\/7830\/revisions"}],"wp:attachment":[{"href":"https:\/\/www.vivesur.com\/wpblog\/wp-json\/wp\/v2\/media?parent=7830"}],"wp:term":[{"taxonomy":"category","embeddable":true,"href":"https:\/\/www.vivesur.com\/wpblog\/wp-json\/wp\/v2\/categories?post=7830"},{"taxonomy":"post_tag","embeddable":true,"href":"https:\/\/www.vivesur.com\/wpblog\/wp-json\/wp\/v2\/tags?post=7830"}],"curies":[{"name":"wp","href":"https:\/\/api.w.org\/{rel}","templated":true}]}}