{"id":7812,"date":"2014-01-16T11:43:27","date_gmt":"2014-01-16T10:43:27","guid":{"rendered":"http:\/\/vivesur.com\/wpblog\/?p=7812"},"modified":"2014-01-16T11:43:27","modified_gmt":"2014-01-16T10:43:27","slug":"jueves-16-de-enero-de-2014","status":"publish","type":"post","link":"https:\/\/www.vivesur.com\/wpblog\/jueves-16-de-enero-de-2014\/","title":{"rendered":"Jueves 16 de Enero de 2014"},"content":{"rendered":"<p>Jueves 16 de Enero de 2014<\/p>\n<p>Evita la necesidad<br \/>\n<span style=\"font-size: 12pt;\"><img loading=\"lazy\" src=\"http:\/\/vivesur.com\/wpblog\/wp-content\/uploads\/2014\/01\/wpid-16114-2014-01-16-11-43.jpg\" alt=\"wpid-16114-2014-01-16-11-43.jpg\" width=\"673\" height=\"504\" \/><\/span><br \/>\nCualquier cosa que necesitas, significa que no la tienes. Quita el foco de la necesidad y empieza a hacer, empieza a crear, empieza a ser eso que buscas.<\/p>\n<p>No pierdas tu tiempo y energ\u00eda languideciendo en un estado de necesidad. En el preciso instante en que pienses en agregar algo a tu vida o a tu mundo, oc\u00fapate de hacer que suceda.<\/p>\n<p>Pasa por alto la necesidad y vete directo a la concreci\u00f3n. Zamb\u00fallete en el esfuerzo, y sigue haciendo el esfuerzo hasta tanto tu objetivo haya sido alcanzado.<\/p>\n<p>En lugar de estar pensando constantemente que necesitas algo, si\u00e9ntete alcanz\u00e1ndolo. En lugar de quedarte paralizado entre excusas y lamentos, celebra resultados positivos y valiosos.<\/p>\n<p>No hay nada que necesites necesitar. Porque eres absolutamente capaz de definir tus metas y de encontrar maneras efectivas de alcanzarlas.<\/p>\n<p>As\u00ed que oc\u00fapate, ponte en marcha y expresa la enorme abundancia de la vida a tu manera propia y especial.<\/p>\n<p>Gabriel S<\/p>\n<p>*\u00b4\u00a8) ? H O \u2018 O P O N O P O N O ?<br \/>\n\u00b8.\u2022\u00b4 \u00b8.\u2022*\u00b4\u00a8) \u00b8.\u2022*\u00a8)\u00b8.\u2022*\u00a8)\u00b8.\u2022*\u00a8)\u00b8.\u2022*\u00a8)<br \/>\n(\u00b8.\u2022\u00b4 +LUZ P-H-A-Z y *A*M*O*R*  (\u00b8.\u2022` &lt;3<\/p>\n<p>N S 1. 26. 7. 7. Silio. Oro. Mantra: HRAIM. Coraz\u00f3n- UPC Kin 123 (jueves 16-1-2014)<\/p>\n<p>ESPEJO C\u00d3SMICO BLANCO \u2013 Kin 78-HORDA DE LOS MAGOS DE LA TIERRA<\/p>\n<p>ESPEJO: Acci\u00f3n: REFLEJAR. Poder: SIN FIN. Esencia: ORDEN.<\/p>\n<p>C\u00d3SMICO: Acci\u00f3n: TRASCENDER. Poder: PERDURAR. Esencia: PRESENCIA.<\/p>\n<p>El P\u00f3rtico C\u00f3smico, toma el vuelo m\u00e1gico. Retorno magn\u00e9tico.<\/p>\n<p>Llegamos al \u00faltimo d\u00eda de la onda del Enlazador de Mundos y trascendemos con el Espejo. El Espejo c\u00f3smico es el Kin 78, se le conoce como la Horda de los Magos de la Tierra, porque 78 es la suma de todos los tonos de los 13 sellos que son los signos claros de la Tumba de Pacal Votan. El Enlazador traspasa el Espejo para conectarse con otras realidades diferentes a la nuestra. El Espejo nos ense\u00f1a el orden infinito del universo para que aprendamos de \u00e9l a mantener el nuestro personal. Como es afuera es adentro, seg\u00fan el exterior as\u00ed es el orden interior. De ah\u00ed la belleza y el orden que nos transmite su ant\u00edpoda la Estrella para mantener la perdurabilidad. Es el momento de repasar los 13 d\u00edas vividos, reflexionando sobre nuestras conexiones con otras dimensiones, seres y maestros como nos ense\u00f1a el Enlazador de Mundos.  Por otro lado, tambi\u00e9n analizamos la forma en que se nos ha presentado el EGO en esta treceava para tomar las medidas necesarias y prescindir de \u00e9l.  El Espejo nos muestra la presencia de la imagen que refleja, pero solo en su momento, al siguiente ya ha muerto aquella y refleja otra nueva, aunque nosotros no percibamos la diferencia. Es la ense\u00f1anza de la muerte del Enlazador que utiliza el Espejo para que nos demos cuenta que las im\u00e1genes tambi\u00e9n cambian continuamente.<\/p>\n<p>LA VIDA ES MARAVILLOSA Y TIENE TANTOS MATICES\u2026 QUE SE NOS ESCAPAN SI NO PRESTAMOS ATENCI\u00d3N SUFICIENTE. NOS MIRAMOS AL ESPEJO, OBSERVAMOS NUESTRA CARA Y OJOS; RECUERDA QUE LOS OJOS SON EL ESPEJO DEL ALMA. \u00bfTE OBSERVAS CON AGRADO? \u00bfPROFUNDIZAS EN TU MIRADA RECONOCIENDO QUE ESTAS ANTE LA ENTRADA A OTRAS DIMENSIONES? \u00bfTE DAS CUENTA QUE TE VES DENTRO DEL ESPEJO Y SIN EMBARGO NO PUEDES ENTRAR? \u00a1NOS PREPARAMOS PARA PERCIBIR A LOS SERES ESTELARES! \u00a1NO TE VAN A DAR M\u00c1S DE LO QUE PUEDES RECIBIR POR TU VIBRACI\u00d3N! \u00a1DIALOGA CON ELLOS Y VENDR\u00c1N A TI!<\/p>\n<p>\u00a1MEDITACI\u00d3N DEL PUENTE ARCO IRIS CIRCUMPOLAR!<\/p>\n<p>Y DESDE AQU\u00cd NOS TRASLADAMOS C\u00d3SMICAMENTE A LA ONDA ENCANTADA DE LA TORMENTA AZUL Y HACEMOS EL RETORNO MAGN\u00c9TICO.<\/p>\n<p>*\u00b4\u00a8) ? H O \u2018 O P O N O P O N O ?<br \/>\n\u00b8.\u2022\u00b4 \u00b8.\u2022*\u00b4\u00a8) \u00b8.\u2022*\u00a8)\u00b8.\u2022*\u00a8)\u00b8.\u2022*\u00a8)\u00b8.\u2022*\u00a8)<br \/>\n(\u00b8.\u2022\u00b4 +LUZ P-H-A-Z y *A*M*O*R*  (\u00b8.\u2022` &lt;3<\/p>\n<p>Un Curso De Milagros Lecci\u00f3n Del Dia<br \/>\nLECCI\u00d3N 16 \u2013 No tengo pensamientos neutros.<\/p>\n<p>La idea de hoy es uno de los pasos iniciales en el proceso de desvanecer la creencia de que tus pensamientos no tienen ning\u00fan efecto. Todo lo que ves es el resultado de tus pensamientos. En esto no hay excepciones. Los pensamientos no son ni grandes ni peque\u00f1os, ni poderosos ni d\u00e9biles. Son simplemente verdaderos o falsos. Aquellos que son verdaderos crean a su semejanza. Aquellos que son falsos fabrican a la suya.<br \/>\nNo hay concepto m\u00e1s auto-contradictorio que el de \u201cpensamientos f\u00fatiles\u201d. Dif\u00edcilmente se puede calificar de f\u00fatil a lo que da origen a la percepci\u00f3n de todo un mundo. Cada pensamiento que tienes contribuye a la verdad o a la ilusi\u00f3n: o bien extiende la verdad o bien multiplica las ilusiones. Ciertamente puedes multiplicar lo que no es nada, pero no por ello lo estar\u00e1s extendiendo.<br \/>\nAdem\u00e1s de reconocer que los pensamientos no son nunca f\u00fatiles, la salvaci\u00f3n requiere que tambi\u00e9n reconozcas que cada pensamiento que tienes acarrea paz o guerra, amor o miedo. Un resultado neutral es imposible porque es imposible que haya pensamientos neutros. Hay tal tentaci\u00f3n de descartar los pensamientos atemorizantes por consider\u00e1rseles irrelevantes, triviales e inmerecedores de que uno se ocupe de ellos, que es esencial que los reconozcas a todos como igualmente destructivos, aunque tambi\u00e9n como igualmente irreales. Practicaremos con esta idea de muchas formas antes de que realmente la llegues a entender.<br \/>\nAl aplicar la idea de hoy, escudri\u00f1a tu mente con los ojos cerrados durante un minuto m\u00e1s o menos, esforz\u00e1ndote al m\u00e1ximo por no pasar por alto ning\u00fan pensamiento \u201cinsignificante\u201d que tienda a eludir tu b\u00fasqueda. Esto te resultar\u00e1 bastante dif\u00edcil hasta que te acostumbres a ello. Descubrir\u00e1s que todav\u00eda te resulta dif\u00edcil no hacer distinciones artificiales. Cualquier pensamiento que se te ocurra, independientemente de las cualidades que le asignes, es un sujeto adecuado para aplicarle la idea de hoy.<br \/>\nDurante las sesiones de pr\u00e1ctica, repite primero la idea para tus adentros, y luego, a medida que cada pensamiento cruce tu mente, mant\u00e9nlo en tu conciencia mientras te dices a ti mismo:<\/p>\n<p>Este pensamiento acerca de ___ no es un pensamiento neutro.<br \/>\nEse pensamiento acerca de ___ no es un pensamiento neutro.<\/p>\n<p>Como de costumbre, usa la idea de hoy cada vez que notes alg\u00fan pensamiento en particular que te produzca desasosiego. Sugerimos a este fin la siguiente variaci\u00f3n de la idea:<\/p>\n<p>Este pensamiento acerca de ___ no es un pensamiento neutro porque no tengo pensamientos neutros.<\/p>\n<p>Se recomiendan cuatro o cinco sesiones de pr\u00e1ctica en caso de que te resulten relativamente f\u00e1ciles. De experimentar tensi\u00f3n, tres ser\u00e1n suficientes. La duraci\u00f3n del ejercicio debe reducirse asimismo si experimentas cualquier sensaci\u00f3n de incomodidad.<\/p>\n<p>*\u00b4\u00a8) ? H O \u2018 O P O N O P O N O ?<br \/>\n\u00b8.\u2022\u00b4 \u00b8.\u2022*\u00b4\u00a8) \u00b8.\u2022*\u00a8)\u00b8.\u2022*\u00a8)\u00b8.\u2022*\u00a8)\u00b8.\u2022*\u00a8)<br \/>\n(\u00b8.\u2022\u00b4 +LUZ P-H-A-Z y *A*M*O*R*  (\u00b8.\u2022` &lt;3<\/p>\n<p>Pensamiento del jueves 16 de enero de 2014<\/p>\n<p>Entre nosotros, los humanos, y Dios, el Creador, existe un espacio tan vasto que es imposible concebirlo. Pero este espacio no est\u00e1 vac\u00edo, se compone de regiones habitadas por entidades espirituales. Todas las religiones han mencionado, de una u otra forma, la existencia de estas regiones y de estas entidades. La tradici\u00f3n cristiana, que ha retomado la tradici\u00f3n jud\u00eda, ense\u00f1a la existencia de nueve \u00f3rdenes ang\u00e9licas: los \u00c1ngeles (denominados en hebreo los Kerubim), los Arc\u00e1ngeles (los Bnei Elohim), los Principados (los Elohim), las Virtudes (los Maadim), las Potestades (los Seraphim), las Dominaciones (los Hachmalim), los Tronos (los Aralim), los Querubines (los Ophanim) y los Serafines (los Hayot haKodesch). Cada una de estas \u00f3rdenes ang\u00e9licas es un aspecto del poder y de la grandeza divinas, pero sobre todo representan para nosotros unas nociones m\u00e1s accesibles que s\u00f3lo la palabra \u00abDios\u00bb. Para nuestro buen desarrollo espiritual, debemos conocer la existencia de estas entidades, porque ellas son como faros en nuestro camino. Cuando os despert\u00e9is por la ma\u00f1ana, \u00bfpor qu\u00e9 no empezar vuestra jornada invocando a todas estas criaturas de luz que suben y bajan entre la tierra y el trono de Dios? Toda vuestra jornada se iluminar\u00e1&#8230; Conectaos con ellas, contempladlas en vuestro coraz\u00f3n y en vuestra alma. Y al tomar cada vez m\u00e1s conciencia de la realidad de estas entidades, os impregnar\u00e9is de sus virtudes, os vivificar\u00e9is, os iluminar\u00e9is y enriquecer\u00e9is vuestro mundo interior.<\/p>\n<p>Omraam Mikha\u00ebl A\u00efvanhov<\/p>\n<p>*\u00b4\u00a8) ? H O \u2018 O P O N O P O N O ?<br \/>\n\u00b8.\u2022\u00b4 \u00b8.\u2022*\u00b4\u00a8) \u00b8.\u2022*\u00a8)\u00b8.\u2022*\u00a8)\u00b8.\u2022*\u00a8)\u00b8.\u2022*\u00a8)<br \/>\n(\u00b8.\u2022\u00b4 +LUZ P-H-A-Z y *A*M*O*R*  (\u00b8.\u2022` &lt;3<\/p>\n<p>Daily Law of Attraction Quotation<\/p>\n<p>There are no choices that are really a detour that will take you far from where you&#8217;re wanting to be \u2014 because your Inner Being is always guiding you to the next, and the next, and the next. So don&#8217;t be concerned that you may make a fatal choice, because there aren&#8217;t any of those. You are always finding your balance. It&#8217;s a never ending process.<\/p>\n<p>&#8212; Abraham<\/p>\n<p>*\u00b4\u00a8) ? H O \u2018 O P O N O P O N O ?<br \/>\n\u00b8.\u2022\u00b4 \u00b8.\u2022*\u00b4\u00a8) \u00b8.\u2022*\u00a8)\u00b8.\u2022*\u00a8)\u00b8.\u2022*\u00a8)\u00b8.\u2022*\u00a8)<br \/>\n(\u00b8.\u2022\u00b4 +LUZ P-H-A-Z y *A*M*O*R*  (\u00b8.\u2022` &lt;3<\/p>\n","protected":false},"excerpt":{"rendered":"<p>Jueves 16 de Enero de 2014 Evita la necesidad Cualquier cosa que necesitas, significa que no la tienes. Quita el foco de la necesidad y empieza a hacer, empieza a&hellip; <a href=\"https:\/\/www.vivesur.com\/wpblog\/jueves-16-de-enero-de-2014\/\" class=\"apace-readmore-link\">Read more<\/a><\/p>\n","protected":false},"author":1,"featured_media":0,"comment_status":"open","ping_status":"open","sticky":false,"template":"","format":"standard","meta":[],"categories":[1,8],"tags":[],"_links":{"self":[{"href":"https:\/\/www.vivesur.com\/wpblog\/wp-json\/wp\/v2\/posts\/7812"}],"collection":[{"href":"https:\/\/www.vivesur.com\/wpblog\/wp-json\/wp\/v2\/posts"}],"about":[{"href":"https:\/\/www.vivesur.com\/wpblog\/wp-json\/wp\/v2\/types\/post"}],"author":[{"embeddable":true,"href":"https:\/\/www.vivesur.com\/wpblog\/wp-json\/wp\/v2\/users\/1"}],"replies":[{"embeddable":true,"href":"https:\/\/www.vivesur.com\/wpblog\/wp-json\/wp\/v2\/comments?post=7812"}],"version-history":[{"count":0,"href":"https:\/\/www.vivesur.com\/wpblog\/wp-json\/wp\/v2\/posts\/7812\/revisions"}],"wp:attachment":[{"href":"https:\/\/www.vivesur.com\/wpblog\/wp-json\/wp\/v2\/media?parent=7812"}],"wp:term":[{"taxonomy":"category","embeddable":true,"href":"https:\/\/www.vivesur.com\/wpblog\/wp-json\/wp\/v2\/categories?post=7812"},{"taxonomy":"post_tag","embeddable":true,"href":"https:\/\/www.vivesur.com\/wpblog\/wp-json\/wp\/v2\/tags?post=7812"}],"curies":[{"name":"wp","href":"https:\/\/api.w.org\/{rel}","templated":true}]}}