{"id":7788,"date":"2014-01-11T09:59:38","date_gmt":"2014-01-11T08:59:38","guid":{"rendered":"http:\/\/vivesur.com\/wpblog\/?p=7788"},"modified":"2014-01-11T09:59:38","modified_gmt":"2014-01-11T08:59:38","slug":"sabado-11-de-enero-de-2014","status":"publish","type":"post","link":"https:\/\/www.vivesur.com\/wpblog\/sabado-11-de-enero-de-2014\/","title":{"rendered":"S\u00e1bado 11 de Enero de 2014"},"content":{"rendered":"<p>S\u00e1bado 11 de Enero de 2014<\/p>\n<p>Comienza aqu\u00ed<br \/>\n<span style=\"font-size: 12pt;\"><img loading=\"lazy\" src=\"http:\/\/vivesur.com\/wpblog\/wp-content\/uploads\/2014\/01\/wpid-1506914_10201851115014399_1907602806_n-2014-01-11-09-59.jpg\" alt=\"wpid-1506914_10201851115014399_1907602806_n-2014-01-11-09-59.jpg\" width=\"400\" height=\"225\" \/><\/span><br \/>\nNo puedes avanzar desde alg\u00fan idealizado punto de un futuro que todav\u00eda no ha llegado. Si vas a avanzar, debes hacerlo desde donde ahora te encuentras.<\/p>\n<p>Comienza desde donde est\u00e1s. Aunque podr\u00eda no ser perfecto, es m\u00e1s que suficiente como para ponerte en marcha.<\/p>\n<p>Aprovecha a pleno lo que ya tienes. Anhelando m\u00e1s, o sintiendo resentimiento porque no tienes suficiente, s\u00f3lo desperdiciar\u00e1s tu valioso tiempo.<\/p>\n<p>No hay garant\u00edas en cuanto a que tus acciones vayan a resultar efectivas. Sin embargo puedes tener la certeza de que no ser\u00e1s efectivo si no haces nada en absoluto.<\/p>\n<p>\u00c1brete a la plenitud de tus potencialidades. Da un paso firme y decidido hacia adelante usando aquello que tienes, desde donde ahora mismo te encuentras.<\/p>\n<p>Tranquilamente y con agradecimiento, acepta que est\u00e1s all\u00ed donde est\u00e1s. Y accede a esa riqueza \u00fanica y especial que ha sido tuya desde siempre.<\/p>\n<p>Gabriel S<\/p>\n<p>*\u00b4\u00a8) ? H O \u2018 O P O N O P O N O ?<br \/>\n\u00b8.\u2022\u00b4 \u00b8.\u2022*\u00b4\u00a8) \u00b8.\u2022*\u00a8)\u00b8.\u2022*\u00a8)\u00b8.\u2022*\u00a8)\u00b8.\u2022*\u00a8)<br \/>\n(\u00b8.\u2022\u00b4 +LUZ P-H-A-Z y *A*M*O*R*  (\u00b8.\u2022` &lt;3<\/p>\n<p>N S 1. 26. 7. 2. Seli. Obsidiana. Mantra: HRAM. Ra\u00edz-UPC Kin 85-PAG (s\u00e1bado 11-1-2014)<\/p>\n<p>CAMINANTE DEL CIELO GAL\u00c1CTICO ROJO \u2013 Kin 73<\/p>\n<p>CAMINANTE DEL CIELO: Acci\u00f3n: EXPLORAR. Poder: ESPACIO. Esencia: VIGILANCIA.<\/p>\n<p>GAL\u00c1CTICO: Acci\u00f3n: MODELAR. Poder: ARMONIZAR. Esencia: INTEGRIDAD.<\/p>\n<p>La C\u00e1mara Gal\u00e1ctica, manda la integridad. La acci\u00f3n alcanza la forma.<\/p>\n<p>El Caminante del Cielo en el tono gal\u00e1ctico nos invita a dar un repaso a c\u00f3mo hemos vivido su onda anterior, si tenemos asimilado que vivimos en la Tierra conectados con el cielo, con la divinidad. Para enlazar con otros mundos de manera arm\u00f3nica, el ego se quedar\u00e1 a un lado; el miedo a la muerte tiene que ir desapareciendo; y las oportunidades de cambio permitir\u00e1n modelar la escultura de nuestra personalidad. Al mirar a los cielos, si es de d\u00eda, podr\u00e9 ver su azul profundo o las nubes que rodean la Tierra; si es por la noche, la visi\u00f3n ser\u00e1 m\u00e1s completa, la Luna estar\u00e1 acompa\u00f1ada por la oscuridad del cosmos y las Estrellas brillando de fondo.<\/p>\n<p>NOSOTROS SOMOS IGUAL QUE EL D\u00cdA Y LA NOCHE. EN LA LUZ DIURNA, PARACE QUE TODO SE PERCIBE CON M\u00c1S CLARIDAD; EN LA OSCURIDAD NOCTURNA, APARECEN LAS DIFICULTADES POR FALTA DE CLARIDAD PERSONAL. AUNQUE SI FIJAS TU ATENCI\u00d3N EN EL INTERIOR, NO HAY DIFERENCIAS ENTRE UNOS Y OTROS MOMENTOS, TAN S\u00d3LO ES TU MENTE LA QUE TIENE LUZ PROPIA O PERMENECE CON LAS VENTANAS DEL ALMA ENTORNADAS.  POR ELLO NOS FALTA CLARIDAD EN LOS ACTOS. \u00a1CREE EN TI Y LA VIDA TE SONREIR\u00c1!<\/p>\n<p>*\u00b4\u00a8) ? H O \u2018 O P O N O P O N O ?<br \/>\n\u00b8.\u2022\u00b4 \u00b8.\u2022*\u00b4\u00a8) \u00b8.\u2022*\u00a8)\u00b8.\u2022*\u00a8)\u00b8.\u2022*\u00a8)\u00b8.\u2022*\u00a8)<br \/>\n(\u00b8.\u2022\u00b4 +LUZ P-H-A-Z y *A*M*O*R*  (\u00b8.\u2022` &lt;3<\/p>\n<p>Un Curso De Milagros Lecci\u00f3n Del Dia<br \/>\nLECCI\u00d3N 11 \u2013 Mis pensamientos sin significado me est\u00e1n mostrando un mundo sin significado.<\/p>\n<p>De todas las ideas que hemos presentado hasta ahora, \u00e9sta es la primera que est\u00e1 relacionada con una de las fases principales del proceso de correcci\u00f3n: la inversi\u00f3n de la manera de pensar del mundo. Parece como si fuese el mundo el que determina lo que percibes. La idea de hoy introduce el concepto de que son tus pensamientos los que determinan el mundo que ves. Al\u00e9grate en verdad de practicar la idea en su forma original, pues en esta idea reside la certeza de tu liberaci\u00f3n. La llave del perd\u00f3n se encuentra en ella.<\/p>\n<p>Las sesiones de pr\u00e1ctica con la idea de hoy deben llevarse a cabo de forma ligeramente distinta de las anteriores. Comienza con los ojos cerrados y repite la idea lentamente para tus adentros. Abre luego los ojos y mira a tu alrededor, as\u00ed como a lo que est\u00e1 cerca, a lo que est\u00e1 lejos y a lo que est\u00e1 encima o debajo de ti. Mira por todas partes. Durante el minuto m\u00e1s o menos a emplear usando la idea, simplemente rep\u00edtela en silencio y aseg\u00farate de hacerlo sin prisa y sin ninguna sensaci\u00f3n de urgencia o esfuerzo.<\/p>\n<p>Para derivar el m\u00e1ximo beneficio de estos ejercicios, los ojos deben pasar de una cosa a otra con cierta rapidez, ya que no deben detenerse en nada en particular. Las palabras, en cambio, deben usarse pausada, e incluso, relajadamente. La introducci\u00f3n a esta idea, en particular, debe practicarse de la manera m\u00e1s casual que puedas. Contiene los cimientos de la paz, de la relajaci\u00f3n y de la ausencia de preocupaci\u00f3n que estamos tratando de lograr. Al final de los ejercicios, cierra los ojos y repite lentamente la idea para tus adentros una vez m\u00e1s.<\/p>\n<p>Tres sesiones de pr\u00e1ctica probablemente ser\u00e1n suficientes hoy. No obstante, si no sientes ning\u00fan desasosiego o si \u00e9ste es muy ligero, y te sientes inclinado a ello, puedes hacer hasta cinco. M\u00e1s de eso no es recomendable.<\/p>\n<p>*\u00b4\u00a8) ? H O \u2018 O P O N O P O N O ?<br \/>\n\u00b8.\u2022\u00b4 \u00b8.\u2022*\u00b4\u00a8) \u00b8.\u2022*\u00a8)\u00b8.\u2022*\u00a8)\u00b8.\u2022*\u00a8)\u00b8.\u2022*\u00a8)<br \/>\n(\u00b8.\u2022\u00b4 +LUZ P-H-A-Z y *A*M*O*R*  (\u00b8.\u2022` &lt;3<\/p>\n<p>Pensamiento del S\u00e1bado 11 de enero de 2014<\/p>\n<p>Al posarse sobre un objeto o un ser, cada rayo de sol le aporta algo vivo. Incluso las piedras necesitan de esta vida que reciben del sol. Porque las piedras, aunque inanimadas, est\u00e1n vivas. Esta vida es evidentemente m\u00e1s perceptible en las plantas que crecen, se multiplican y fructifican gracias a la luz solar. Y en los animales, los rayos de sol se transforman no s\u00f3lo en vitalidad, sino tambi\u00e9n en sensibilidad. Finalmente, en los humanos, los rayos de sol se convierten en inteligencia, en raz\u00f3n. Porque es a partir del reino humano que la luz encuentra una acogida suficientemente completa para manifestarse como pensamiento. El esp\u00edritu que os habla a trav\u00e9s de la boca de los hombres y de las mujeres es pues una emanaci\u00f3n de la luz solar. A trav\u00e9s de ellos la luz piensa, habla, canta, crea. A medida que se abre camino en ellos, aparece bajo forma de inteligencia, de amor, de belleza, de nobleza, de fuerza.<\/p>\n<p>Omraam Mikha\u00ebl A\u00efvanhov<\/p>\n<p>*\u00b4\u00a8) ? H O \u2018 O P O N O P O N O ?<br \/>\n\u00b8.\u2022\u00b4 \u00b8.\u2022*\u00b4\u00a8) \u00b8.\u2022*\u00a8)\u00b8.\u2022*\u00a8)\u00b8.\u2022*\u00a8)\u00b8.\u2022*\u00a8)<br \/>\n(\u00b8.\u2022\u00b4 +LUZ P-H-A-Z y *A*M*O*R*  (\u00b8.\u2022` &lt;3<\/p>\n<p>Daily Law of Attraction Quotation<\/p>\n<p>A belief is nothing more than a chronic pattern of thought, and you have the ability\u2014if you try even a little bit\u2014to begin a new pattern, to tell a new story, to achieve a different vibration, to change your point of attraction. The Law of Attraction is responding to your vibration, and you can easily change your vibrational point of attraction by visualizing the lifestyle you desire and holding your attention upon those images until you begin to feel relief, which will indicate that a true vibrational shift has occurred.<\/p>\n<p>&#8212; Abraham<\/p>\n<p>*\u00b4\u00a8) ? H O \u2018 O P O N O P O N O ?<br \/>\n\u00b8.\u2022\u00b4 \u00b8.\u2022*\u00b4\u00a8) \u00b8.\u2022*\u00a8)\u00b8.\u2022*\u00a8)\u00b8.\u2022*\u00a8)\u00b8.\u2022*\u00a8)<br \/>\n(\u00b8.\u2022\u00b4 +LUZ P-H-A-Z y *A*M*O*R*  (\u00b8.\u2022` &lt;3<\/p>\n","protected":false},"excerpt":{"rendered":"<p>S\u00e1bado 11 de Enero de 2014 Comienza aqu\u00ed No puedes avanzar desde alg\u00fan idealizado punto de un futuro que todav\u00eda no ha llegado. Si vas a avanzar, debes hacerlo desde&hellip; <a href=\"https:\/\/www.vivesur.com\/wpblog\/sabado-11-de-enero-de-2014\/\" class=\"apace-readmore-link\">Read more<\/a><\/p>\n","protected":false},"author":1,"featured_media":0,"comment_status":"open","ping_status":"open","sticky":false,"template":"","format":"standard","meta":[],"categories":[1,8],"tags":[],"_links":{"self":[{"href":"https:\/\/www.vivesur.com\/wpblog\/wp-json\/wp\/v2\/posts\/7788"}],"collection":[{"href":"https:\/\/www.vivesur.com\/wpblog\/wp-json\/wp\/v2\/posts"}],"about":[{"href":"https:\/\/www.vivesur.com\/wpblog\/wp-json\/wp\/v2\/types\/post"}],"author":[{"embeddable":true,"href":"https:\/\/www.vivesur.com\/wpblog\/wp-json\/wp\/v2\/users\/1"}],"replies":[{"embeddable":true,"href":"https:\/\/www.vivesur.com\/wpblog\/wp-json\/wp\/v2\/comments?post=7788"}],"version-history":[{"count":0,"href":"https:\/\/www.vivesur.com\/wpblog\/wp-json\/wp\/v2\/posts\/7788\/revisions"}],"wp:attachment":[{"href":"https:\/\/www.vivesur.com\/wpblog\/wp-json\/wp\/v2\/media?parent=7788"}],"wp:term":[{"taxonomy":"category","embeddable":true,"href":"https:\/\/www.vivesur.com\/wpblog\/wp-json\/wp\/v2\/categories?post=7788"},{"taxonomy":"post_tag","embeddable":true,"href":"https:\/\/www.vivesur.com\/wpblog\/wp-json\/wp\/v2\/tags?post=7788"}],"curies":[{"name":"wp","href":"https:\/\/api.w.org\/{rel}","templated":true}]}}