{"id":7620,"date":"2013-12-06T10:31:49","date_gmt":"2013-12-06T09:31:49","guid":{"rendered":"http:\/\/vivesur.com\/wpblog\/?p=7620"},"modified":"2013-12-06T10:31:49","modified_gmt":"2013-12-06T09:31:49","slug":"viernes-6-de-diciembre-de-2013","status":"publish","type":"post","link":"https:\/\/www.vivesur.com\/wpblog\/viernes-6-de-diciembre-de-2013\/","title":{"rendered":"Viernes 6 de Diciembre de 2013"},"content":{"rendered":"<p>Viernes 6 de Diciembre de 2013<\/p>\n<p>Cada peque\u00f1a cosa<br \/>\n<span style=\"font-size: 12pt;\"><img loading=\"lazy\" src=\"http:\/\/vivesur.com\/wpblog\/wp-content\/uploads\/2013\/12\/wpid-61213-2013-12-6-10-31.jpg\" alt=\"wpid-61213-2013-12-6-10-31.jpg\" width=\"789\" height=\"617\" \/><\/span><br \/>\nCada peque\u00f1a cosa que haces marca una diferencia. Cada acto, cada palabra que dices, cada cosa que piensas transforma de alguna manera las cosas para ti y para tu mundo.<\/p>\n<p>A medida que te vas moviendo por la vida, vas dejando atr\u00e1s una estela de consecuencias. La naturaleza de esas consecuencias es lo que construye la calidad de tu vida.<\/p>\n<p>Hasta los m\u00e1s peque\u00f1os detalles marcan una diferencia. Y esas peque\u00f1as cosas se acumular\u00e1n r\u00e1pidamente hasta generar una influencia enorme.<\/p>\n<p>Tu actitud y tu perspectiva de la vida realmente importan. Tienen una influencia enorme respecto de qu\u00e9 tipo de diferencia est\u00e1s marcando, en las grandes decisiones pero tambi\u00e9n en las peque\u00f1as.<\/p>\n<p>Mira al mundo como el hermoso lugar que es, vi\u00e9ndolo repleto de excelentes oportunidades. Y tus acciones, tus pensamientos, tus consecuencias se te\u00f1ir\u00e1n de esa perspectiva positiva.<\/p>\n<p>Absolutamente todo, cada instante, cada persona, cada emoci\u00f3n en tu coraz\u00f3n, realmente importan. Date el permiso de amar y valorar la vida, y si\u00e9ntete feliz y maravillado por la verdadera diferencia que cada uno de tus instantes podr\u00e1 generar.<\/p>\n<p>*\u00b4\u00a8) ? H O \u2018 O P O N O P O N O ?<br \/>\n\u00b8.\u2022\u00b4 \u00b8.\u2022*\u00b4\u00a8) \u00b8.\u2022*\u00a8)\u00b8.\u2022*\u00a8)\u00b8.\u2022*\u00a8)\u00b8.\u2022*\u00a8)<br \/>\n(\u00b8.\u2022\u00b4 +LUZ P-H-A-Z y *A*M*O*R*  (\u00b8.\u2022` &lt;3<\/p>\n<p>N S 1. 26. 5. 22. Dali. Onix. Mantra: OM. Corona (viernes 6-12-2013)<\/p>\n<p>TIERRA ESPECTRAL ROJA \u2013 Kin 37<\/p>\n<p>TIERRA: Acci\u00f3n: EVOLUCIONAR. Poder: NAVEGACI\u00d3N. Esencia: SINCRONICIDAD.<\/p>\n<p>ESPECTRAL: Acci\u00f3n: DIVULGAR. Poder: DISOLVER. Esencia: LIBERACI\u00d3N.<\/p>\n<p>La C\u00e1mara Espectral, liberaci\u00f3n del servicio. La acci\u00f3n disuelve el servicio.<\/p>\n<p>Sendero de la Heptada 20 amarillo: La Visi\u00f3n transmite la Inteligencia\u201d. Del Guerrero con su espada de luz, pasamos a la Tierra con su aura estimulada por las \u201cauroras boreales y australes\u201d. El Puente Arco Iris es creado por nosotros cada 7 y 28 d\u00edas, al final de cada Heptada y de cada Luna; y activado por estas auroras naturales desde los polos norte y sur del planeta. Para que la Tierra pueda sanarse, necesitamos respetarla y cuidarla al m\u00e1ximo. Si salimos a la naturaleza, trataremos de dejar el espacio m\u00e1s limpio que cuando llegamos. Podemos buscar lugares de poder y de energ\u00edas elevadas cerca de donde vivimos y acercarnos a recibirlas y realizar conexiones con Gaia. Estamos aqu\u00ed para evolucionar juntos, la Tierra y nosotros. Por ello nos muestra las formas de disolver aquello que a ella le sobra as\u00ed como de divulgar lo que necesita. Los rituales tanto a la Tierra como a los cielos nos permiten elevar las vibraciones. Cualquier momento es apropiado para acercarnos a ella y conectar. Meditamos individual o colectivamente y le pedimos ayuda para ayudarla, valga la redundancia.<\/p>\n<p>EL ORDEN SINCR\u00d3NICO NOS SINTONIZA CON LA TIERRA Y CON EL COSMOS. NAVEGAMOS POR EL ESPACIO INFINITO, CAMINANDO HACIA PUNTOS DE M\u00c1S ALTA VIBRACI\u00d3N. CUANDO NECESITAMOS APOYO, LO PEDIMOS A LA MADRE TIERRA Y AL PADRE CIELO. EL CHAMANISMO NOS PUEDE ENSE\u00d1AR MUCHO DE LA CONEXI\u00d3N CON EL SER VIVO QUE ES LA TIERRA QUE HABITAMOS: GAIA. CADA HAZA\u00d1A QUE VIVIMOS EST\u00c1 PREPARADA PARA DESPERTAR LA CONSCIENCIA Y AYUDARNOS EN LA ASCENSI\u00d3N ESPIRITUAL. \u00a1ADELANTE! \u00a1DA LOS PASOS NECESARIOS PARA LA EVOLUCI\u00d3N EN CONCIENCIA Y VIAJAR\u00c1S CON TIERRA GAIA! \u00a1LOS CRISTALES DE CUARZO PUEDEN AYUDARTE A CONECTAR!<\/p>\n<p>*\u00b4\u00a8) ? H O \u2018 O P O N O P O N O ?<br \/>\n\u00b8.\u2022\u00b4 \u00b8.\u2022*\u00b4\u00a8) \u00b8.\u2022*\u00a8)\u00b8.\u2022*\u00a8)\u00b8.\u2022*\u00a8)\u00b8.\u2022*\u00a8)<br \/>\n(\u00b8.\u2022\u00b4 +LUZ P-H-A-Z y *A*M*O*R*  (\u00b8.\u2022` &lt;3<\/p>\n<p>Un Curso De Milagros Lecci\u00f3n Del Dia<br \/>\nLECCI\u00d3N 340 \u2013 Hoy puedo liberarme de todo sufrimiento.<\/p>\n<p>Padre te doy las gracias por el d\u00eda de hoy y por la libertad que estoy seguro me ha de brindar. Hoy es un d\u00eda santo, pues hoy Tu Hijo ser\u00e1 redimido. Su sufrimiento ha terminado. Pues \u00e9l oir\u00e1 Tu Voz exhort\u00e1ndole a que busque la visi\u00f3n de Cristo a trav\u00e9s del perd\u00f3n y se libere para siempre de todo sufrimiento. Gracias por el d\u00eda de hoy, Padre m\u00edo Vine a este mundo s\u00f3lo para llegar a tener este d\u00eda, as\u00ed como la alegr\u00eda y libertad que encierra para Tu santo Hijo y para el mundo que \u00e9l fabric\u00f3, el cual hoy se libera junto con \u00e9l.<\/p>\n<p>\u00a1Regoc\u00edjate hoy! \u00a1Regoc\u00edjate! Hoy no hay cabida para nada que no sea alegr\u00eda y agradecimiento. Nuestro Padre ha redimido a Su Hijo en este d\u00eda. Ni uno solo de nosotros dejar\u00e1 de salvarse hoy. No habr\u00e1 nadie que no est\u00e9 a salvo del miedo ni nadie a quien el Padre no acoja en Su regazo, despierto ahora en el Cielo, en el Coraz\u00f3n del Amor.<\/p>\n<p>*\u00b4\u00a8) ? H O \u2018 O P O N O P O N O ?<br \/>\n\u00b8.\u2022\u00b4 \u00b8.\u2022*\u00b4\u00a8) \u00b8.\u2022*\u00a8)\u00b8.\u2022*\u00a8)\u00b8.\u2022*\u00a8)\u00b8.\u2022*\u00a8)<br \/>\n(\u00b8.\u2022\u00b4 +LUZ P-H-A-Z y *A*M*O*R*  (\u00b8.\u2022` &lt;3<\/p>\n<p>Pensamiento del viernes 6 de diciembre de 2013<\/p>\n<p>Dado que los libros de ciencias ocultas cada vez son mas frecuentes, cada vez m\u00e1s gente oye hablar de magia negra. As\u00ed que, a fuerza de o\u00edr hablar de ella, algunos, m\u00e1s cr\u00e9dulos, m\u00e1s fr\u00e1giles, ven magia negra por todas partes: en cuanto se sienten angustiados, en cuanto les sucede algo un poco dif\u00edcil o doloroso, se sienten v\u00edctimas, se imaginan que todo el mundo les desea el mal. Pero que razonen un poco: \u00bfrepresentan ellos acaso algo tan poderoso, tan temible, para que el mundo entero se al\u00ede contra ellos? La verdad es que son sobre todo ignorantes y d\u00e9biles. Se han acostumbrado tanto a chapotear en el plano astral que, en vez de tomar conciencia de que ellos son los responsables de sus tormentos, acusan a los dem\u00e1s. A la inversa de esta gente, est\u00e1n aqu\u00e9llos que nunca piensan en la magia negra, ni siquiera creen que exista, y se r\u00eden cuando se la mencionan. Evidentemente se equivocan al no creer en ella porque la magia negra existe verdaderamente. Pero al menos, cuando tienen dificultades no acusan a los dem\u00e1s de pr\u00e1cticas diab\u00f3licas, reaccionan, son din\u00e1micos, no tienen miedo.<\/p>\n<p>Omraam Mikha\u00ebl A\u00efvanhov<\/p>\n<p>*\u00b4\u00a8) ? H O \u2018 O P O N O P O N O ?<br \/>\n\u00b8.\u2022\u00b4 \u00b8.\u2022*\u00b4\u00a8) \u00b8.\u2022*\u00a8)\u00b8.\u2022*\u00a8)\u00b8.\u2022*\u00a8)\u00b8.\u2022*\u00a8)<br \/>\n(\u00b8.\u2022\u00b4 +LUZ P-H-A-Z y *A*M*O*R*  (\u00b8.\u2022` &lt;3<\/p>\n<p>Have you heard the expression, &#8220;We&#8217;re either growing or we&#8217;re dying.&#8221;? Well, what they&#8217;re saying is, &#8220;You can&#8217;t stand still.&#8221; We are either giving our attention to where we&#8217;re going or we&#8217;re giving attention to where we&#8217;ve been or we&#8217;re giving our attention to where we are, but in any case, wherever we&#8217;re giving our attention is our vibration, and the Universe is matching it.<\/p>\n<p>&#8212; Abraham<\/p>\n<p>*\u00b4\u00a8) ? H O \u2018 O P O N O P O N O ?<br \/>\n\u00b8.\u2022\u00b4 \u00b8.\u2022*\u00b4\u00a8) \u00b8.\u2022*\u00a8)\u00b8.\u2022*\u00a8)\u00b8.\u2022*\u00a8)\u00b8.\u2022*\u00a8)<br \/>\n(\u00b8.\u2022\u00b4 +LUZ P-H-A-Z y *A*M*O*R*  (\u00b8.\u2022` &lt;3<\/p>\n","protected":false},"excerpt":{"rendered":"<p>Viernes 6 de Diciembre de 2013 Cada peque\u00f1a cosa Cada peque\u00f1a cosa que haces marca una diferencia. Cada acto, cada palabra que dices, cada cosa que piensas transforma de alguna&hellip; <a href=\"https:\/\/www.vivesur.com\/wpblog\/viernes-6-de-diciembre-de-2013\/\" class=\"apace-readmore-link\">Read more<\/a><\/p>\n","protected":false},"author":1,"featured_media":0,"comment_status":"open","ping_status":"open","sticky":false,"template":"","format":"standard","meta":[],"categories":[1,8],"tags":[],"_links":{"self":[{"href":"https:\/\/www.vivesur.com\/wpblog\/wp-json\/wp\/v2\/posts\/7620"}],"collection":[{"href":"https:\/\/www.vivesur.com\/wpblog\/wp-json\/wp\/v2\/posts"}],"about":[{"href":"https:\/\/www.vivesur.com\/wpblog\/wp-json\/wp\/v2\/types\/post"}],"author":[{"embeddable":true,"href":"https:\/\/www.vivesur.com\/wpblog\/wp-json\/wp\/v2\/users\/1"}],"replies":[{"embeddable":true,"href":"https:\/\/www.vivesur.com\/wpblog\/wp-json\/wp\/v2\/comments?post=7620"}],"version-history":[{"count":0,"href":"https:\/\/www.vivesur.com\/wpblog\/wp-json\/wp\/v2\/posts\/7620\/revisions"}],"wp:attachment":[{"href":"https:\/\/www.vivesur.com\/wpblog\/wp-json\/wp\/v2\/media?parent=7620"}],"wp:term":[{"taxonomy":"category","embeddable":true,"href":"https:\/\/www.vivesur.com\/wpblog\/wp-json\/wp\/v2\/categories?post=7620"},{"taxonomy":"post_tag","embeddable":true,"href":"https:\/\/www.vivesur.com\/wpblog\/wp-json\/wp\/v2\/tags?post=7620"}],"curies":[{"name":"wp","href":"https:\/\/api.w.org\/{rel}","templated":true}]}}