{"id":7576,"date":"2013-11-28T09:00:53","date_gmt":"2013-11-28T08:00:53","guid":{"rendered":"http:\/\/vivesur.com\/wpblog\/?p=7576"},"modified":"2013-11-28T09:00:53","modified_gmt":"2013-11-28T08:00:53","slug":"jueves-28-de-noviembre-de-2013","status":"publish","type":"post","link":"https:\/\/www.vivesur.com\/wpblog\/jueves-28-de-noviembre-de-2013\/","title":{"rendered":"Jueves 28 de Noviembre de 2013"},"content":{"rendered":"<p>Jueves 28 de Noviembre de 2013<\/p>\n<p>Descubre tu propio por qu\u00e9<br \/>\n<span style=\"font-size: 12pt;\"><img loading=\"lazy\" src=\"http:\/\/vivesur.com\/wpblog\/wp-content\/uploads\/2013\/12\/wpid-281113-2013-11-28-09-00.jpg\" alt=\"wpid-281113-2013-11-28-09-00.jpg\" width=\"754\" height=\"959\" \/><\/span><br \/>\nPuedes hacer aquello que crees que no puedes. Pero primero debes cambiar tu manera de pensar.<\/p>\n<p>La mayor\u00eda de las limitaciones que percibes en ti mismo tienen, en realidad, alg\u00fan sustento. Sin embargo, cada una de las limitaciones que te frenan se nutre, en gran medida, de tu propia presunci\u00f3n de que realmente se trata de una limitaci\u00f3n.<\/p>\n<p>Cambiando tus supuestos puedes cambiar por completo el panorama de tus posibilidades. Aquellas que alguna vez fueran limitaciones ya no constituyen limitaciones, en absoluto.<\/p>\n<p>Observa la vida desde la perspectiva de su propio sentido. Date cuenta de que hay una manera de expresar el verdadero prop\u00f3sito que yace dentro de ti, cualquiera \u00e9ste sea.<\/p>\n<p>Si s\u00f3lo te concentras en c\u00f3mo llevarlo a cabo, te encontrar\u00e1s con que muchos de los posibles caminos se encuentran bloqueados. Enf\u00f3cate en cambio en por qu\u00e9 debes hacerlo, y te estar\u00e1s abriendo a todo un conjunto de estrategias factibles, operables, alcanzables.<\/p>\n<p>\u00bfQu\u00e9 cosas crees que no puedes hacer? Descubre tu propio por qu\u00e9 y ver\u00e1s el camino.<\/p>\n<p>Gabriel S<\/p>\n<p>*\u00b4\u00a8) ? H O \u2018 O P O N O P O N O ?<br \/>\n\u00b8.\u2022\u00b4 \u00b8.\u2022*\u00b4\u00a8) \u00b8.\u2022*\u00a8)\u00b8.\u2022*\u00a8)\u00b8.\u2022*\u00a8)\u00b8.\u2022*\u00a8)<br \/>\n(\u00b8.\u2022\u00b4 +LUZ P-H-A-Z y *A*M*O*R*  (\u00b8.\u2022` &lt;3<\/p>\n<p>N S 1. 26. 5. 14. Silio. Oro. Mantra: HRAIM. Coraz\u00f3n (jueves 28-11-2013)<\/p>\n<p>LUNA EL\u00c9CTRICA ROJA \u2013 Kin 29<\/p>\n<p>LUNA: Acci\u00f3n: PURIFICAR. Poder: AGUA UNIVERSAL. Esencia: FLUJO.<\/p>\n<p>EL\u00c9CTRICO: Acci\u00f3n: VINCULAR. Poder: ACTIVAR.  Esencia: SERVICIO.<\/p>\n<p>La C\u00e1mara El\u00e9ctrica, identifica el servicio. \u00bfC\u00f3mo alcanzar la meta?<\/p>\n<p>La Luna en el tono tres, nos muestra el servicio de fluir con los pensamientos, acciones, palabras, con el objetivo de activar el v\u00ednculo con Dios, ayudando a la unificaci\u00f3n de los HUMANOS para formar un ENTERO PLANETARIO. Esta uni\u00f3n puede llegar a ser tan sutil, que nada de lo que uno diga pueda da\u00f1ar al otro en ning\u00fan aspecto. Estamos dando pasitos dentro de la Noosfera y atrayendo la telepat\u00eda sin comportamientos que puedan causar da\u00f1os a otros.<\/p>\n<p>TODOS SOMOS CRIATURAS MUY ESPECIALES PARA DIOS. NADIE ES M\u00c1S. TAN S\u00d3LO NOS DIFERENCIAMOS EN EL ESFUERZO QUE REALIZAMOS EN EL CAMINO DE LA ASCENSI\u00d3N Y EN EL PUNTO DE VIBRACI\u00d3N PERSONAL QUE COMO CONSECUENCIA NOS ENCONTRAMOS. \u00a1NO SABEMOS QUI\u00c9NES FUIMOS! \u00a1NO RECORDAMOS EL CAMINO RECORRIDO CON ANTERIORIDAD! \u00a1PODEMOS SER\u2026! \u00a1CADA CUAL TIENE QUE RECONOCERSE A S\u00cd MISMO!<\/p>\n<p>*\u00b4\u00a8) ? H O \u2018 O P O N O P O N O ?<br \/>\n\u00b8.\u2022\u00b4 \u00b8.\u2022*\u00b4\u00a8) \u00b8.\u2022*\u00a8)\u00b8.\u2022*\u00a8)\u00b8.\u2022*\u00a8)\u00b8.\u2022*\u00a8)<br \/>\n(\u00b8.\u2022\u00b4 +LUZ P-H-A-Z y *A*M*O*R*  (\u00b8.\u2022` &lt;3<\/p>\n<p>Un Curso De Milagros Lecci\u00f3n Del Dia<br \/>\nLECCI\u00d3N 332 \u2013 El miedo aprisiona al mundo. El perd\u00f3n lo libera.<\/p>\n<p>El ego forja ilusiones. La verdad desvanece sus sue\u00f1os malvados con el brillo de su fulgor. La verdad nunca ataca. Sencillamente es. Y por medio de su presencia se retira a la mente de las fantas\u00edas, y as\u00ed \u00e9sta despierta a lo real. El perd\u00f3n invita a esta presencia a que entre, y a que ocupe el lugar que le corresponde en la mente. Sin el perd\u00f3n, la mente se encuentra encadenada, creyendo en su propia futilidad. Mas con el perd\u00f3n, la luz brilla a trav\u00e9s del sue\u00f1o de tinieblas, ofreci\u00e9ndole esperanzas y proporcion\u00e1ndole los medios para que tome conciencia de la libertad que es su herencia.<\/p>\n<p>Hoy no queremos volver a aprisionar al mundo. El miedo lo mantiene aprisionado. Mas Tu Amor nos ha proporcionado los medios para liberarlo. Padre, queremos liberarlo ahora. pues cuando ofrecemos libertad se nos concede a nosotros. Y no queremos seguir presos cuando T\u00fa nos ofreces la libertad.<\/p>\n<p>*\u00b4\u00a8) ? H O \u2018 O P O N O P O N O ?<br \/>\n\u00b8.\u2022\u00b4 \u00b8.\u2022*\u00b4\u00a8) \u00b8.\u2022*\u00a8)\u00b8.\u2022*\u00a8)\u00b8.\u2022*\u00a8)\u00b8.\u2022*\u00a8)<br \/>\n(\u00b8.\u2022\u00b4 +LUZ P-H-A-Z y *A*M*O*R*  (\u00b8.\u2022` &lt;3<\/p>\n<p>Pensamiento del jueves 28 de noviembre de 2013<\/p>\n<p>\u00abSed perfectos, como vuestro Padre celestial es perfecto\u00bb. S\u00f3lo para acercarnos a este ideal de perfecci\u00f3n divina que nos presenta Jes\u00fas, \u00a1cu\u00e1nta ciencia hay que adquirir, qu\u00e9 disciplina hay que aceptar, cu\u00e1ntos esfuerzos hay que hacer cada d\u00eda! Y esto es lo magn\u00edfico: estar siempre en movimiento, avanzar, escalar. Todo el sentido de nuestra existencia est\u00e1 inscrito en esta aspiraci\u00f3n a la perfecci\u00f3n divina; y no s\u00f3lo el sentido de nuestra existencia actual, sino tambi\u00e9n el de todas las existencias futuras, durante toda la eternidad. En cuanto ponemos a Dios en el centro de nuestra vida, \u00c9l participa en nuestras actividades; en cada una de nuestras manifestaciones, de nuestros pensamientos, de nuestros sentimientos, \u00c9l est\u00e1 ah\u00ed presente, aunque no lo sepamos, y recibimos de \u00c9l la fuerza, la alegr\u00eda y la paz. Dios, que es el m\u00e1s lejano, y al mismo tiempo, el m\u00e1s pr\u00f3ximo. El secreto de nuestro desarrollo reside en esta aparente contradicci\u00f3n: desde el instante en que buscamos a Dios, que es inaccesible, impensable, inconcebible, \u00c9l ya est\u00e1 muy cerca de nosotros, est\u00e1 en nosotros.<\/p>\n<p>Omraam Mikha\u00ebl A\u00efvanhov<\/p>\n<p>*\u00b4\u00a8) ? H O \u2018 O P O N O P O N O ?<br \/>\n\u00b8.\u2022\u00b4 \u00b8.\u2022*\u00b4\u00a8) \u00b8.\u2022*\u00a8)\u00b8.\u2022*\u00a8)\u00b8.\u2022*\u00a8)\u00b8.\u2022*\u00a8)<br \/>\n(\u00b8.\u2022\u00b4 +LUZ P-H-A-Z y *A*M*O*R*  (\u00b8.\u2022` &lt;3<\/p>\n<p>Law of Attraction says, &#8220;That which is like unto itself is drawn.&#8221; Which means vibrations are always matched. So as you experience the contrast which inspires the new idea within you, this new idea \u2014this desire \u2014 whether it is a strong one or a soft one, is summoning unto itself proportionately. And as it summons, it is always answered. It is the basis of our Universe: When it is asked, it is always given. The confusion that humans feel is that they think they are asking with their words \u2014 or even with their action \u2014 and sometimes you are. But the Universe is not responding to your words or your action. The Universe is responding to your vibrational calling.<\/p>\n<p>&#8212; Abraham<\/p>\n<p>*\u00b4\u00a8) ? H O \u2018 O P O N O P O N O ?<br \/>\n\u00b8.\u2022\u00b4 \u00b8.\u2022*\u00b4\u00a8) \u00b8.\u2022*\u00a8)\u00b8.\u2022*\u00a8)\u00b8.\u2022*\u00a8)\u00b8.\u2022*\u00a8)<br \/>\n(\u00b8.\u2022\u00b4 +LUZ P-H-A-Z y *A*M*O*R*  (\u00b8.\u2022` &lt;3<\/p>\n","protected":false},"excerpt":{"rendered":"<p>Jueves 28 de Noviembre de 2013 Descubre tu propio por qu\u00e9 Puedes hacer aquello que crees que no puedes. Pero primero debes cambiar tu manera de pensar. La mayor\u00eda de&hellip; <a href=\"https:\/\/www.vivesur.com\/wpblog\/jueves-28-de-noviembre-de-2013\/\" class=\"apace-readmore-link\">Read more<\/a><\/p>\n","protected":false},"author":1,"featured_media":0,"comment_status":"open","ping_status":"open","sticky":false,"template":"","format":"standard","meta":[],"categories":[1,8],"tags":[],"_links":{"self":[{"href":"https:\/\/www.vivesur.com\/wpblog\/wp-json\/wp\/v2\/posts\/7576"}],"collection":[{"href":"https:\/\/www.vivesur.com\/wpblog\/wp-json\/wp\/v2\/posts"}],"about":[{"href":"https:\/\/www.vivesur.com\/wpblog\/wp-json\/wp\/v2\/types\/post"}],"author":[{"embeddable":true,"href":"https:\/\/www.vivesur.com\/wpblog\/wp-json\/wp\/v2\/users\/1"}],"replies":[{"embeddable":true,"href":"https:\/\/www.vivesur.com\/wpblog\/wp-json\/wp\/v2\/comments?post=7576"}],"version-history":[{"count":0,"href":"https:\/\/www.vivesur.com\/wpblog\/wp-json\/wp\/v2\/posts\/7576\/revisions"}],"wp:attachment":[{"href":"https:\/\/www.vivesur.com\/wpblog\/wp-json\/wp\/v2\/media?parent=7576"}],"wp:term":[{"taxonomy":"category","embeddable":true,"href":"https:\/\/www.vivesur.com\/wpblog\/wp-json\/wp\/v2\/categories?post=7576"},{"taxonomy":"post_tag","embeddable":true,"href":"https:\/\/www.vivesur.com\/wpblog\/wp-json\/wp\/v2\/tags?post=7576"}],"curies":[{"name":"wp","href":"https:\/\/api.w.org\/{rel}","templated":true}]}}