{"id":7564,"date":"2013-11-26T12:14:02","date_gmt":"2013-11-26T11:14:02","guid":{"rendered":"http:\/\/vivesur.com\/wpblog\/?p=7564"},"modified":"2013-11-26T12:14:02","modified_gmt":"2013-11-26T11:14:02","slug":"martes-26-de-noviembre-de-2013","status":"publish","type":"post","link":"https:\/\/www.vivesur.com\/wpblog\/martes-26-de-noviembre-de-2013\/","title":{"rendered":"Martes 26 de Noviembre de 2013"},"content":{"rendered":"<p>Martes 26 de Noviembre de 2013<\/p>\n<p>Dale tiempo<br \/>\n<span style=\"font-size: 12pt;\"><img loading=\"lazy\" src=\"http:\/\/vivesur.com\/wpblog\/wp-content\/uploads\/2013\/12\/wpid-261113-2013-11-26-12-14.jpg\" alt=\"wpid-261113-2013-11-26-12-14.jpg\" width=\"754\" height=\"959\" \/><\/span><br \/>\nTener un cierto sentido de urgencia es muy bueno. Lo que no es tan bueno es hacer tu trabajo tan apresuradamente como para terminar haci\u00e9ndolo, en consecuencia, de manera mediocre.<\/p>\n<p>Por supuesto que te gustar\u00eda hacerlo cuanto antes. Igual de importante, y por lo general m\u00e1s importante a\u00fan, es hacerlo bien.<\/p>\n<p>Ten siempre presente que la rapidez no es lo \u00fanico que importa. Presta igual atenci\u00f3n a la calidad, precisi\u00f3n y efectividad.<\/p>\n<p>Lo que haces marca una diferencia en tu mundo, una diferencia que perdurar\u00e1 en el futuro. Dale el tiempo y la atenci\u00f3n que se merece.<\/p>\n<p>Aprovecha adecuadamente t\u00fa tiempo. Ll\u00e9nalo de esfuerzos enfocados, cuidadosos, bien atentos y plenos de sentido.<\/p>\n<p>Trabaja firmemente a un ritmo sostenido. Y disfruta profundamente del \u00e9xito que vas a estar generando, momento a momento.<\/p>\n<p>Gabriel Sandler<\/p>\n<p>*\u00b4\u00a8) ? H O \u2018 O P O N O P O N O ?<br \/>\n\u00b8.\u2022\u00b4 \u00b8.\u2022*\u00b4\u00a8) \u00b8.\u2022*\u00a8)\u00b8.\u2022*\u00a8)\u00b8.\u2022*\u00a8)\u00b8.\u2022*\u00a8)<br \/>\n(\u00b8.\u2022\u00b4 +LUZ P-H-A-Z y *A*M*O*R*  (\u00b8.\u2022` &lt;3<\/p>\n<p>N S 1. 26. 5. 12. Alfa. Turquesa. Mantra: HRAUM. Garganta (martes 26-11-2013)<\/p>\n<p>MANO MAGN\u00c9TICA AZUL \u2013 Kin 27<\/p>\n<p>MANO: Acci\u00f3n: CONOCER. Poder: REALIZACI\u00d3N. Esencia: SANACI\u00d3N.<\/p>\n<p>MAGN\u00c9TICA: Acci\u00f3n: ATRAER. Poder: UNIFICAR. Esencia: PROP\u00d3SITO.<\/p>\n<p>P\u00f3rtico  Magn\u00e9tico, identifica el Prop\u00f3sito. \u00bfCu\u00e1l es mi meta?<\/p>\n<p>En su libro \u201cEl Factor Maya\u201d J. Arg\u00fcelles define as\u00ed el sello Mano: \u201c7. MANIK: Mano, Agarrar, Final, Conocimiento del Poder de Conclusi\u00f3n, Comprensi\u00f3n de lo Finito del Ser F\u00edsico. OESTE\u201d.<\/p>\n<p>Desde que comenz\u00f3 el a\u00f1o de la Semilla Gal\u00e1ctica Amarilla, han pasado 124 d\u00edas. Entonces llevamos este tiempo disfrutando del NUEVO RAYO DE SINCRONIZACI\u00d3N GAL\u00c1CTICA que Valum Votan &#038; La Reina Roja nos anunciaron con antelaci\u00f3n. \u00bfQu\u00e9 significa este Rayo? Energ\u00edas nuevas y renovadas de 4\u00aa y 5\u00aa dimensi\u00f3n est\u00e1n llegando a la Tierra desde el Sol Central de la Galaxia a trav\u00e9s de nuestro Sol. \u00bfHas observado la gran cantidad de eyecciones de masa solar y tormentas solares que est\u00e1n ocurriendo en el Sol en las \u00faltimas semanas? Las Cr\u00f3nicas de la Historia C\u00f3smica nos dicen que en estas explosiones, mucha cantidad de plasma es eyectado a trav\u00e9s del Sol hasta los planetas de alrededor. Y este PLASMA est\u00e1 cargado de INFORMACI\u00d3N muy valiosa para los humanos del presente que se da a conocer cuando llega a la Tierra.<\/p>\n<p>\u00bfQu\u00e9 podemos deducir de ello para esta onda de la Mano? Creo sinceramente que ha comenzado el periodo de \u201cregeneraci\u00f3n y sanaci\u00f3n de la Tierra\u201d. El orden que est\u00e1 llegando, en primer lugar causa  desorden para despu\u00e9s renovarse en una disposici\u00f3n de nivel superior. Primero tenemos que \u201csanar todo lo que est\u00e1 pendiente de sanar, en todos los reinos de la naturaleza: en los humanos, animales, plantas\u2026 hasta en el mismo ser vivo: Gaia\u201d.<\/p>\n<p>Para realizar este proyecto de encontrarnos renovados, aprenderemos a mirar hacia adelante, y nunca hacia atr\u00e1s. Todo lo viviremos desde el momento presente. Lo que ocurri\u00f3 en el pasado, no hay que removerlo. Ya se encargan las energ\u00edas y el Banco Psi de ponernos por delante situaciones semejantes para solucionar los problemas que en otro tiempo quedaron en el aire y nos provocan emociones y sentimientos controvertidos.<\/p>\n<p>Ha llegado la etapa de saber, con la Mano, aquello en lo que queremos  convertirnos. \u201cEl conocimiento nos har\u00e1 libres\u201d, reza un proverbio m\u00edstico antiguo. Y es as\u00ed. Recuerda que cuando ignoras y quieres actuar con esa ignorancia, no sabes cuales van a ser los resultados de tus acciones. Sin embargo, si conoces por donde te mueves, tienes una ligera idea de los pasos que das, y entonces el resultado puede ser totalmente diferente y m\u00e1s acertado.<\/p>\n<p>\u00bfQu\u00e9 entendemos por conocer? Seg\u00fan el diccionario de la R.A.E.: \u201cAveriguar por el ejercicio de las facultades intelectuales la naturaleza, cualidades y relaciones de las cosas\u201d. \u201cExperimentar, sentir\u201d. \u201cTener trato y comunicaci\u00f3n con alguien\u201d. \u201cEntender, advertir, saber, echar de ver\u201d\u2026 \u00a1Amplio significado! Eso quiere decir que podemos conocer ya sea mediante estudios, conversaciones con otros, relaci\u00f3n con gu\u00edas espirituales, intuiciones, amistad, sentimientos, conexiones interiores, meditaciones\u2026 Aqu\u00ed entran pr\u00e1cticamente todas las posibilidades de comunicaci\u00f3n. Entonces no hay ninguna excusa para decir que como no conocemos, no podemos actuar bien.<\/p>\n<p>Ha llegado la hora de la verdad. Somos el resultado del esfuerzo que hacemos en lo cotidiano para ascender en consciencia y elevar la vibraci\u00f3n. La sanaci\u00f3n es perfecta cuando sabemos que el cuerpo no lo es todo. Si el cuerpo est\u00e1 con problemas de salud, el aprendizaje y la misi\u00f3n en esta vida contin\u00faan su proceso normal, entonces nos podemos preguntar: \u00bfc\u00f3mo tenemos el alma? \u00bfHay algo en el interior diferente que nos mueve hacia adelante con amor y decisi\u00f3n? \u00bfSanamos las circunstancias y los recuerdos llen\u00e1ndolos de amor y compasi\u00f3n? \u00bfSonre\u00edmos a la vida sencillamente por poder vivir? \u00bfConectamos con los seres superiores de luz para recibir sus comunicados desde dimensiones m\u00e1s elevadas ayud\u00e1ndonos en el aqu\u00ed y ahora? \u00bfEn qu\u00e9 actividades ocupamos nuestro valios\u00edsimo tiempo? \u00bfMeditamos? \u00bfConectamos desde el coraz\u00f3n? \u00bfEstamos atentos a las ense\u00f1anzas y conocimientos que nos llegan a trav\u00e9s de los sue\u00f1os? \u00bfQu\u00e9 esperamos como resultado de nuestros actos de cada d\u00eda? \u00bfCultivamos los valores que poseemos en el interior desde el principio de los tiempos o est\u00e1n escondidos en botellas taponadas a punto de estallar porque quieren aflorar y no les dejamos? \u00bfPedimos ayuda a Dios y al Madre Divina; a Buda; a Krishna\u2026 seg\u00fan nuestras creencias?<\/p>\n<p>NO DEBER\u00cdAMOS HACERNOS LOS IGNORANTES NI DECIR QUE ESO NUNCA PODREMOS APRENDERLO. NOS CERRAR\u00cdAMOS LAS PUERTAS DEL PRESENTE. SI ACTUAMOS CON L\u00d3GICA, ENTENDEREMOS QU\u00c9 PODEMOS ALCANZAR. PERO RECUERDA QUE \u00a1NADA ES IMPOSIBLE PARA LAS ENERG\u00cdAS, Y LOS  MILAGROS OCURREN! LA MANO EN ESTOS 13 D\u00cdAS NOS AYUDAR\u00c1 A REALIZAR AQUELLO QUE DESEEMOS, YA SEA CON LAS MANOS O CON LOS ACTOS Y PENSAMIENTOS.<\/p>\n<p>*\u00b4\u00a8) ? H O \u2018 O P O N O P O N O ?<br \/>\n\u00b8.\u2022\u00b4 \u00b8.\u2022*\u00b4\u00a8) \u00b8.\u2022*\u00a8)\u00b8.\u2022*\u00a8)\u00b8.\u2022*\u00a8)\u00b8.\u2022*\u00a8)<br \/>\n(\u00b8.\u2022\u00b4 +LUZ P-H-A-Z y *A*M*O*R*  (\u00b8.\u2022` &lt;3<\/p>\n<p>Un Curso De Milagros Lecci\u00f3n Del Dia<br \/>\nLECCI\u00d3N 329 \u2013 He elegido ya lo que Tu Voluntad dispone.<\/p>\n<p>Padre, pens\u00e9 que me hab\u00eda apartado de Tu Voluntad, que la hab\u00eda desafiado, que hab\u00eda violado sus leyes y que hab\u00eda interpuesto otra voluntad m\u00e1s poderosa que la Tuya. En realidad, no obstante, no soy otra cosa que una extensi\u00f3n de Tu Voluntad que se extiende continuamente. Eso es lo que soy, y ello jam\u00e1s ha de cambiar. As\u00ed como T\u00fa eres Uno, yo soy uno Contigo. eso es lo que eleg\u00ed en mi creaci\u00f3n, en la que mi voluntad se hizo eternamente una con la Tuya. Esa decisi\u00f3n se tom\u00f3 para siempre. No puede cambiar ni oponerse a s\u00ed misma. Padre, mi voluntad es la Tuya. Estoy a salvo, tranquilo y sereno, y gozo de una dicha interminable porque as\u00ed lo dispone Tu Voluntad.<\/p>\n<p>Hoy aceptaremos la uni\u00f3n que existe entre nosotros, y entre nosotros y nuestra Fuente. No tenemos otra voluntad que la Suya y todos somos uno porque todos compartimos Su Voluntad. A trav\u00e9s de Ella reconocemos que somos uno solo. A trav\u00e9s de Ella encontramos por fin el camino que nos conduce a Dios.<\/p>\n<p>*\u00b4\u00a8) ? H O \u2018 O P O N O P O N O ?<br \/>\n\u00b8.\u2022\u00b4 \u00b8.\u2022*\u00b4\u00a8) \u00b8.\u2022*\u00a8)\u00b8.\u2022*\u00a8)\u00b8.\u2022*\u00a8)\u00b8.\u2022*\u00a8)<br \/>\n(\u00b8.\u2022\u00b4 +LUZ P-H-A-Z y *A*M*O*R*  (\u00b8.\u2022` &lt;3<\/p>\n<p>Pensamiento del lunes 25 de noviembre de 2013<\/p>\n<p>Meditad sobre la palabra \u00abarmon\u00eda\u00bb, concentraos en ella, alimentaos de ella para que este pensamiento de la armon\u00eda impregne, poco a poco, todas vuestras c\u00e9lulas. Gracias a la armon\u00eda atraemos a los esp\u00edritus luminosos del mundo invisible y se convierten en nuestros amigos, no nos abandonan. Porque los esp\u00edritus luminosos son tenaces, tan tenaces como los esp\u00edritus tenebrosos de los que es tan dif\u00edcil, a menudo, liberarse. \u00bfPor qu\u00e9 los amigos no iban a ser tan tenaces como los enemigos? Vienen a sostenernos, a iluminarnos, a aconsejarnos, y si seguimos sus consejos, siempre estamos bien inspirados. Por eso, incluso en la peor de las situaciones, no hay que desesperar: un d\u00eda, se volver\u00e1 a nuestro favor, porque habremos estado bien inspirados. Nada hay pues m\u00e1s importante que cultivar este estado de armon\u00eda que atrae a nuestros amigos del mundo invisible.<\/p>\n<p>Omraam Mikha\u00ebl A\u00efvanhov<\/p>\n<p>*\u00b4\u00a8) ? H O \u2018 O P O N O P O N O ?<br \/>\n\u00b8.\u2022\u00b4 \u00b8.\u2022*\u00b4\u00a8) \u00b8.\u2022*\u00a8)\u00b8.\u2022*\u00a8)\u00b8.\u2022*\u00a8)\u00b8.\u2022*\u00a8)<br \/>\n(\u00b8.\u2022\u00b4 +LUZ P-H-A-Z y *A*M*O*R*  (\u00b8.\u2022` &lt;3<\/p>\n<p>No human would ever do anything to harm another if Connected to Source because when you&#8217;re Connected, you&#8217;re empowered; you don&#8217;t feel insecure. And when you don&#8217;t feel insecure, you don&#8217;t need to do something to somebody else that you&#8217;re afraid of, because you&#8217;re not afraid. You understand that Well-Being is yours.<\/p>\n<p>&#8212; Abraham<\/p>\n<p>*\u00b4\u00a8) ? H O \u2018 O P O N O P O N O ?<br \/>\n\u00b8.\u2022\u00b4 \u00b8.\u2022*\u00b4\u00a8) \u00b8.\u2022*\u00a8)\u00b8.\u2022*\u00a8)\u00b8.\u2022*\u00a8)\u00b8.\u2022*\u00a8)<br \/>\n(\u00b8.\u2022\u00b4 +LUZ P-H-A-Z y *A*M*O*R*  (\u00b8.\u2022` &lt;3<\/p>\n","protected":false},"excerpt":{"rendered":"<p>Martes 26 de Noviembre de 2013 Dale tiempo Tener un cierto sentido de urgencia es muy bueno. Lo que no es tan bueno es hacer tu trabajo tan apresuradamente como&hellip; <a href=\"https:\/\/www.vivesur.com\/wpblog\/martes-26-de-noviembre-de-2013\/\" class=\"apace-readmore-link\">Read more<\/a><\/p>\n","protected":false},"author":1,"featured_media":0,"comment_status":"open","ping_status":"open","sticky":false,"template":"","format":"standard","meta":[],"categories":[1,8],"tags":[],"_links":{"self":[{"href":"https:\/\/www.vivesur.com\/wpblog\/wp-json\/wp\/v2\/posts\/7564"}],"collection":[{"href":"https:\/\/www.vivesur.com\/wpblog\/wp-json\/wp\/v2\/posts"}],"about":[{"href":"https:\/\/www.vivesur.com\/wpblog\/wp-json\/wp\/v2\/types\/post"}],"author":[{"embeddable":true,"href":"https:\/\/www.vivesur.com\/wpblog\/wp-json\/wp\/v2\/users\/1"}],"replies":[{"embeddable":true,"href":"https:\/\/www.vivesur.com\/wpblog\/wp-json\/wp\/v2\/comments?post=7564"}],"version-history":[{"count":0,"href":"https:\/\/www.vivesur.com\/wpblog\/wp-json\/wp\/v2\/posts\/7564\/revisions"}],"wp:attachment":[{"href":"https:\/\/www.vivesur.com\/wpblog\/wp-json\/wp\/v2\/media?parent=7564"}],"wp:term":[{"taxonomy":"category","embeddable":true,"href":"https:\/\/www.vivesur.com\/wpblog\/wp-json\/wp\/v2\/categories?post=7564"},{"taxonomy":"post_tag","embeddable":true,"href":"https:\/\/www.vivesur.com\/wpblog\/wp-json\/wp\/v2\/tags?post=7564"}],"curies":[{"name":"wp","href":"https:\/\/api.w.org\/{rel}","templated":true}]}}