{"id":7464,"date":"2013-11-22T08:40:34","date_gmt":"2013-11-22T07:40:34","guid":{"rendered":"http:\/\/vivesur.com\/wpblog\/?p=7464"},"modified":"2013-11-22T08:40:34","modified_gmt":"2013-11-22T07:40:34","slug":"viernes-22-de-noviembre-de-2013","status":"publish","type":"post","link":"https:\/\/www.vivesur.com\/wpblog\/viernes-22-de-noviembre-de-2013\/","title":{"rendered":"Viernes 22 de Noviembre de 2013"},"content":{"rendered":"<p>Viernes 22 de Noviembre de 2013<\/p>\n<p>La capacidad de transformar tu mundo<br \/>\n<span style=\"font-size: 12pt;\"><img loading=\"lazy\" src=\"http:\/\/vivesur.com\/wpblog\/wp-content\/uploads\/2013\/11\/wpid-221113-2013-11-22-08-40.jpg\" alt=\"wpid-221113-2013-11-22-08-40.jpg\" width=\"789\" height=\"518\" \/><\/span><br \/>\nTus pensamientos pueden cambiar en un instante. Y por eso, toda tu perspectiva puede cambiar igual de r\u00e1pido.<\/p>\n<p>\u00bfNunca te has sentido triste o deprimido y entonces, s\u00fabitamente, te encontraste con una sorpresa hermosa, positiva? As\u00ed como as\u00ed, el mundo que te rodeaba se transform\u00f3 de t\u00e9trico y deprimente en hermoso.<\/p>\n<p>Lo \u00fanico que realmente cambi\u00f3, sin embargo, fue tu pensamiento. Pero fue m\u00e1s que suficiente para transformar completamente la situaci\u00f3n.<\/p>\n<p>Tienes la capacidad de cambiar tu mundo porque tienes la capacidad de cambiar tus pensamientos. Aunque pueda sentirse complicado, y hasta imposible, tan pronto como concretas un cambio en tu manera de pensar te das cuenta de lo r\u00e1pido y f\u00e1cil y efectivo que puede resultar.<\/p>\n<p>Lo m\u00e1s importante en cualquier situaci\u00f3n es c\u00f3mo decidas pensar acerca de ella. Tus pensamientos pueden transformar cualquier circunstancia en una oportunidad, cualquier experiencia en una realizaci\u00f3n.<\/p>\n<p>En cualquier momento dado, lo que pienses de tu vida determinar\u00e1 lo que vas a hacer de ella. Piensa siempre lo mejor de lo mejor, y v\u00edvelo as\u00ed.<\/p>\n<p>Gabriel Sandler<\/p>\n<p>*\u00b4\u00a8) ? H O \u2018 O P O N O P O N O ?<br \/>\n\u00b8.\u2022\u00b4 \u00b8.\u2022*\u00b4\u00a8) \u00b8.\u2022*\u00a8)\u00b8.\u2022*\u00a8)\u00b8.\u2022*\u00a8)\u00b8.\u2022*\u00a8)<br \/>\n(\u00b8.\u2022\u00b4 +LUZ P-H-A-Z y *A*M*O*R*  (\u00b8.\u2022` &lt;3<\/p>\n<p>N S 1. 26. 5. 8. Dali. Onix. Mantra: OM. Corona (viernes 22-11-2013)<\/p>\n<p>NOCHE PLANETARIA AZUL \u2013 Kin 23<\/p>\n<p>NOCHE: Acci\u00f3n: SO\u00d1AR. Poder: ABUNDANCIA. Esencia: INTUICI\u00d3N.<\/p>\n<p>PLANETARIA: Acci\u00f3n: PRODUCIR. Poder: PERFECCIONAR. Esencia: MANIFESTACI\u00d3N.<\/p>\n<p>C\u00e1mara Planetaria, manifiesta el Desaf\u00edo. La acci\u00f3n y el desaf\u00edo se encuentran.<\/p>\n<p>Sendero de la Heptada 18 blanca: \u201cLa Consciencia evoluciona la Inteligencia\u201d. Al Mago, la Noche le proporciona la posibilidad de conectar con sus habilidades, record\u00e1ndole que la intuici\u00f3n es la clave para avanzar en consciencia. No importa lo que est\u00e9 demostrado previamente, en algunas ocasiones la respuesta vendr\u00e1 dada por aquello que nos llega desde el interior, que no tiene explicaci\u00f3n l\u00f3gica, y que sin embargo sabemos que es cierto. Habr\u00e1 momentos en los cuales no podamos distinguir entre sue\u00f1o y realidad. La vida es un sue\u00f1o, es maya, ilusi\u00f3n\u2026 la verdadera vida es la que vivimos cuando no tenemos cuerpo f\u00edsico y permanecemos en otros planos de luz. Estas son ense\u00f1anzas orientales que cada vez m\u00e1s resuenan en muchas personas de cualquier lugar del planeta. Pero lo que importa es T\u00fa propio sue\u00f1o, Tu vida, tu manera de resolver las situaciones, como vives la abundancia, la lucidez tanto en vigilia cono en los sue\u00f1os y en el momento de trascender al otro plano\u2026 Estamos en la Tierra para perfeccionarnos. Es el per\u00edodo de aprender a movernos produciendo paz y armon\u00eda por todos los lugares por los que pasamos.<\/p>\n<p>SE ACAB\u00d3 EL VIVIR DEJ\u00c1NDONOS MANEJAR POR LAS CIRCUNSTANCIAS, MOVI\u00c9NDONOS SEG\u00daN OTROS ORGANICEN. EN ESTOS MOMENTOS DE LA HISTORIA HAY QUE TOMAR EL PODER, DECIDIR CON CONSCIENCIA. LA INTUICI\u00d3N  EST\u00c1 ACOMPA\u00d1ADA DE LA RECEPTIVIDAD DEL MAGO, Y JUNTAS ACTUAN EN EL AQU\u00cd Y AHORA APOYANDO EN LA TOMA DE DECISIONES. LA VIDA ES MARAVILLOSA, AS\u00cd QUE CUANDO CIERRAS UNA PUERTA TRASERA EN TU VIDA, TEN PACIENCIA QUE PRONTO VER\u00c1S QUE POR EL RESQUICIO DE UNA VENTANA COMIENZA A PENETRAR LA LUZ DE NUEVO. \u00a1CON FE TODO SE LOGRA! \u00a1SUE\u00d1A Y VIVE LO SO\u00d1ADO!<\/p>\n<p>*\u00b4\u00a8) ? H O \u2018 O P O N O P O N O ?<br \/>\n\u00b8.\u2022\u00b4 \u00b8.\u2022*\u00b4\u00a8) \u00b8.\u2022*\u00a8)\u00b8.\u2022*\u00a8)\u00b8.\u2022*\u00a8)\u00b8.\u2022*\u00a8)<br \/>\n(\u00b8.\u2022\u00b4 +LUZ P-H-A-Z y *A*M*O*R*  (\u00b8.\u2022` &lt;3<\/p>\n<p>Un Curso De Milagros Lecci\u00f3n Del Dia<br \/>\nLECCI\u00d3N 326 \u2013 He de ser por siempre un Efecto de Dios.<\/p>\n<p>Padre, fui creado en Tu Mente, como un Pensamiento santo que nunca abandon\u00f3 su hogar. He de ser por siempre Tu Efecto, y T\u00fa por siempre y para siempre, mi Causa. Sigo siendo tal como T\u00fa me creaste. Todav\u00eda me encuentro all\u00ed donde me pusiste. Y todos Tus atributos se encuentran en mi, pues Tu Voluntad es tener un Hijo tan semejante a Tu Causa, que Causa y Efecto fuesen indistinguibles. Que tome conciencia de que soy un Efecto Tuyo y de que, por consiguiente, poseo el mismo poder de crear que T\u00fa. Y as\u00ed como es en el Cielo, sea en la tierra. Sigo Tu plan aqu\u00ed, y s\u00e9 que al final congregar\u00e1s a todos Tus Efectos en el pl\u00e1cido Remanso de Tu Amor, donde la tierra desaparecer\u00e1 y todos los pensamientos separados se unir\u00e1n llenos de gloria como el Hijo de Dios.<\/p>\n<p>Veamos hoy la tierra desaparecer, al principio transformada, y despu\u00e9s, una vez que haya sido perdonada, ve\u00e1mosla desvanecerse completamente en la santa Voluntad de Dios.<\/p>\n<p>*\u00b4\u00a8) ? H O \u2018 O P O N O P O N O ?<br \/>\n\u00b8.\u2022\u00b4 \u00b8.\u2022*\u00b4\u00a8) \u00b8.\u2022*\u00a8)\u00b8.\u2022*\u00a8)\u00b8.\u2022*\u00a8)\u00b8.\u2022*\u00a8)<br \/>\n(\u00b8.\u2022\u00b4 +LUZ P-H-A-Z y *A*M*O*R*  (\u00b8.\u2022` &lt;3<\/p>\n<p>Pensamiento del viernes 22 de noviembre de 2013<\/p>\n<p>C\u00f3mo las ense\u00f1anzas orientales ponen el acento en el desarrollo de los centros espirituales, los chacras, en Occidente cada vez m\u00e1s se oye decir que estas ense\u00f1anzas permiten avanzar mejor en el camino de la luz que si nos quedamos en la tradici\u00f3n judeo-cristiana. Pues no, en absoluto, podemos obtener los mismos resultados en la tradici\u00f3n judeo-cristiana, que cuenta con tantos santos, grandes Maestros, Iniciados. Estudiando el Antiguo y el Nuevo Testamento, meditando en ellos, \u00a1cu\u00e1ntos m\u00edsticos, fil\u00f3sofos, pensadores, artistas, han creado una cultura que puede alimentar a los Occidentales tan bien, e incluso mejor, que otras tradiciones que son ajenas a ellos! Los cristianos pueden encontrar en la Biblia, y en todas las obras que \u00e9sta ha inspirado, lo que necesitan para su desarrollo espiritual. Pero como no las han profundizado, van a buscar a otra parte. Y despu\u00e9s, se vanaglorian de seguir una ense\u00f1anza oriental&#8230; \u00a1que tampoco profundizan mejor! Procurad echar un vistazo a todas las explicaciones que os doy desde hace a\u00f1os sobre los Evangelios. \u00a1Cu\u00e1ntas verdades pod\u00e9is descubrir en las par\u00e1bolas y en los relatos que cuentan lo que Jes\u00fas hizo y las palabras que pronunci\u00f3!<\/p>\n<p>Omraam Mikha\u00ebl A\u00efvanhov<\/p>\n<p>*\u00b4\u00a8) ? H O \u2018 O P O N O P O N O ?<br \/>\n\u00b8.\u2022\u00b4 \u00b8.\u2022*\u00b4\u00a8) \u00b8.\u2022*\u00a8)\u00b8.\u2022*\u00a8)\u00b8.\u2022*\u00a8)\u00b8.\u2022*\u00a8)<br \/>\n(\u00b8.\u2022\u00b4 +LUZ P-H-A-Z y *A*M*O*R*  (\u00b8.\u2022` &lt;3<\/p>\n<p>You did not say, &#8220;Let&#8217;s go forth into this physical experience and take all the ideas that exist and whittle them down to just a few good ideas that we can all agree on and peacefully cohabitate.&#8221; Instead you said, &#8220;Let&#8217;s go forth and take the ideas that exist and expand them to more. Let&#8217;s let the contrast be more so that the desires can be more, so that the Energy will have more avenues to which to flow.&#8221;<\/p>\n<p>&#8212; Abraham<\/p>\n<p>*\u00b4\u00a8) ? H O \u2018 O P O N O P O N O ?<br \/>\n\u00b8.\u2022\u00b4 \u00b8.\u2022*\u00b4\u00a8) \u00b8.\u2022*\u00a8)\u00b8.\u2022*\u00a8)\u00b8.\u2022*\u00a8)\u00b8.\u2022*\u00a8)<br \/>\n(\u00b8.\u2022\u00b4 +LUZ P-H-A-Z y *A*M*O*R*  (\u00b8.\u2022` &lt;3<\/p>\n","protected":false},"excerpt":{"rendered":"<p>Viernes 22 de Noviembre de 2013 La capacidad de transformar tu mundo Tus pensamientos pueden cambiar en un instante. Y por eso, toda tu perspectiva puede cambiar igual de r\u00e1pido.&hellip; <a href=\"https:\/\/www.vivesur.com\/wpblog\/viernes-22-de-noviembre-de-2013\/\" class=\"apace-readmore-link\">Read more<\/a><\/p>\n","protected":false},"author":1,"featured_media":0,"comment_status":"open","ping_status":"open","sticky":false,"template":"","format":"standard","meta":[],"categories":[1,8],"tags":[],"_links":{"self":[{"href":"https:\/\/www.vivesur.com\/wpblog\/wp-json\/wp\/v2\/posts\/7464"}],"collection":[{"href":"https:\/\/www.vivesur.com\/wpblog\/wp-json\/wp\/v2\/posts"}],"about":[{"href":"https:\/\/www.vivesur.com\/wpblog\/wp-json\/wp\/v2\/types\/post"}],"author":[{"embeddable":true,"href":"https:\/\/www.vivesur.com\/wpblog\/wp-json\/wp\/v2\/users\/1"}],"replies":[{"embeddable":true,"href":"https:\/\/www.vivesur.com\/wpblog\/wp-json\/wp\/v2\/comments?post=7464"}],"version-history":[{"count":0,"href":"https:\/\/www.vivesur.com\/wpblog\/wp-json\/wp\/v2\/posts\/7464\/revisions"}],"wp:attachment":[{"href":"https:\/\/www.vivesur.com\/wpblog\/wp-json\/wp\/v2\/media?parent=7464"}],"wp:term":[{"taxonomy":"category","embeddable":true,"href":"https:\/\/www.vivesur.com\/wpblog\/wp-json\/wp\/v2\/categories?post=7464"},{"taxonomy":"post_tag","embeddable":true,"href":"https:\/\/www.vivesur.com\/wpblog\/wp-json\/wp\/v2\/tags?post=7464"}],"curies":[{"name":"wp","href":"https:\/\/api.w.org\/{rel}","templated":true}]}}