{"id":7455,"date":"2013-11-21T08:32:31","date_gmt":"2013-11-21T07:32:31","guid":{"rendered":"http:\/\/vivesur.com\/wpblog\/?p=7455"},"modified":"2013-11-21T08:32:31","modified_gmt":"2013-11-21T07:32:31","slug":"jueves-21-de-noviembre-de-2013","status":"publish","type":"post","link":"https:\/\/www.vivesur.com\/wpblog\/jueves-21-de-noviembre-de-2013\/","title":{"rendered":"Jueves 21 de Noviembre de 2013"},"content":{"rendered":"<p>Jueves 21 de Noviembre de 2013<\/p>\n<p>D\u00e9jalo atr\u00e1s<br \/>\n<span style=\"font-size: 12pt;\"><img loading=\"lazy\" src=\"http:\/\/vivesur.com\/wpblog\/wp-content\/uploads\/2013\/11\/wpid-211113-2013-11-21-08-32.jpg\" alt=\"wpid-211113-2013-11-21-08-32.jpg\" width=\"754\" height=\"754\" \/><\/span><br \/>\nSi hay algo que hacer, algo que no quieres hacer, \u00bfcu\u00e1l ser\u00eda la mejor estrategia? Aunque ciertamente no parezca para nada l\u00f3gico, lo mejor que podr\u00edas hacer ser\u00eda saltar con entusiasmo sobre eso que haya que hacer, y hacerlo de una vez.<\/p>\n<p>Concentrarte en cu\u00e1nto detestas la tarea no servir\u00eda de nada. Eso solo demorar\u00eda su concreci\u00f3n y te har\u00eda sentir peor a\u00fan.<\/p>\n<p>As\u00ed que s\u00f3lo por un ratito, y por tu propio beneficio, haz como que est\u00e1s disfrut\u00e1ndolo a pleno. Recu\u00e9rdate que cuanto m\u00e1s lo disfrutes, m\u00e1s r\u00e1pida y efectivamente lo terminar\u00e1s.<\/p>\n<p>De hecho, a medida que vayas progresando cada vez m\u00e1s r\u00e1pidamente, podr\u00edas llegar a darte cuenta de que realmente lo est\u00e1s disfrutando. Despu\u00e9s de todo, una vez que lo hayas terminado, sin lugar a dudas, te sentir\u00e1s de maravillas.<\/p>\n<p>Opta por no castigarte innecesariamente con resentimiento. Por el contrario, pr\u00e9miate con disciplina, foco y realizaci\u00f3n.<\/p>\n<p>Elige adoptar una actitud positiva, fuerte y decidida respecto de eso que tienes entre manos. Antes de que te des cuenta, lo habr\u00e1s dejado atr\u00e1s.<\/p>\n<p>Gabriel Sandler<\/p>\n<p>*\u00b4\u00a8) ? H O \u2018 O P O N O P O N O ?<br \/>\n\u00b8.\u2022\u00b4 \u00b8.\u2022*\u00b4\u00a8) \u00b8.\u2022*\u00a8)\u00b8.\u2022*\u00a8)\u00b8.\u2022*\u00a8)\u00b8.\u2022*\u00a8)<br \/>\n(\u00b8.\u2022\u00b4 +LUZ P-H-A-Z y *A*M*O*R*  (\u00b8.\u2022` &lt;3<\/p>\n<p>N S 1. 26. 5. 7. Silio. Oro. Mantra: HRAIM. Coraz\u00f3n (jueves 21-11-2013)<\/p>\n<p>VIENTO SOLAR BLANCO \u2013 Kin 22 \u2013 PORTAL DE ACTIVACI\u00d3N GAL\u00c1CTICA<\/p>\n<p>VIENTO: Acci\u00f3n: COMUNICAR. Poder: ESP\u00cdRITU. Esencia: ALIENTO.<\/p>\n<p>SOLAR: Acci\u00f3n: REALIZAR. Poder: PULSAR. Esencia: INTENCI\u00d3N.<\/p>\n<p>Torre Solar, formaliza la Acci\u00f3n. La acci\u00f3n se pone en movimiento.<\/p>\n<p>El Viento Solar trae las informaciones que el Sol, como intermediario entre el centro de la Galaxia y nosotros, nos transmite para la evoluci\u00f3n en consciencia. Comunica directamente a nuestro esp\u00edritu las buenas nuevas, el aliento para seguir adelante, la esperanza de llegar alguna vez a pulsar desde lo m\u00e1s alto. Los d\u00edas de Viento atmosf\u00e9rico, estate alerta, hay muchos mensajes que llegan desde la Galaxia para que en alg\u00fan momento podamos recibirlos y descifrarlos. El Viento tiene la intenci\u00f3n de ayudarnos a convertirnos en Magos. Recibimos las comunicaciones desde las esferas superiores de luz, y nos activan las cualidades ps\u00edquicas para convertirnos en verdaderos Jaguares.<\/p>\n<p>LA COMUNICACI\u00d3N ES MUY IMPORTANTE EN NUESTRO TIEMPO. TENEMOS INTERNET, SIN  EMBARGO ES UNA INFORMACI\u00d3N VIRTUAL. LA COMUNICACI\u00d3N REAL, VIENE DE LA CONEXI\u00d3N CON LA NOOSFERA QUE GUARDA LOS PAQUETES DE INFORMACI\u00d3N QUE EN LA TIERRA NECESITAMOS EN ESTOS MOMENTOS. TODO LO OCURRIDO AQU\u00cd DURANTE MILES Y MILLONES DE A\u00d1OS, EST\u00c1 GUARDADO EN LOS ARCHIVOS DEL BANCO PSI. DE ALL\u00cd PODEMOS RECUPERAR LA INFORMACI\u00d3N ALMACENADA PRECISAMENTE PARA QUE JAM\u00c1S SE PERDIERA Y SIEMPRE ESTUVIERA DISPONIBLE. \u00a1LA NOSOFERA NOS ESPERA! \u00a1ELLA COMUNICA TODO LO NECESARIO PARA EVOLUCIONAR LA TIERRA Y NOSOTROS!<\/p>\n<p>HASTA QU\u00cd LA AMPLIACI\u00d3N SOLAR DEL RITMO DE LA ACCI\u00d3N<\/p>\n<p>*\u00b4\u00a8) ? H O \u2018 O P O N O P O N O ?<br \/>\n\u00b8.\u2022\u00b4 \u00b8.\u2022*\u00b4\u00a8) \u00b8.\u2022*\u00a8)\u00b8.\u2022*\u00a8)\u00b8.\u2022*\u00a8)\u00b8.\u2022*\u00a8)<br \/>\n(\u00b8.\u2022\u00b4 +LUZ P-H-A-Z y *A*M*O*R*  (\u00b8.\u2022` &lt;3<\/p>\n<p>Un Curso De Milagros Lecci\u00f3n Del Dia<br \/>\nLECCI\u00d3N 325 \u2013 Todas las cosas que creo ver son reflejos de ideas.<\/p>\n<p>\u00c9sta es la clave de la salvaci\u00f3n: lo que veo es el reflejo de un proceso mental que comienza con una idea de lo que quiero. A partir de ah\u00ed, la mente forja una imagen de eso que desea, lo juzga valioso y, por lo tanto, procura encontrarlo. Estas im\u00e1genes se proyectan luego al exterior, donde se contemplan, se consideran reales y se defienden como algo propio de uno. De deseos dementes nace un mundo demente. y de juicios, un mundo condenado. De pensamientos de perd\u00f3n, en cambio, surge un mundo apacible y misericordioso para con el santo Hijo de Dios, cuyo prop\u00f3sito es ofrecerle un dulce hogar en el que descansar por un tiempo antes de proseguir su jornada, y donde \u00e9l puede ayudar a sus hermanos a seguir adelante con \u00e9l y a encontrar el camino que conduce al Cielo y a Dios.<\/p>\n<p>Padre nuestro, Tus ideas reflejan la verdad, mientras que las m\u00edas separadas de las Tuyas, tan s\u00f3lo dan lugar a sue\u00f1os. D\u00e9jame contemplar lo que s\u00f3lo las Tuyas reflejan, pues son ellas las \u00fanicas que establecen la verdad.<\/p>\n<p>*\u00b4\u00a8) ? H O \u2018 O P O N O P O N O ?<br \/>\n\u00b8.\u2022\u00b4 \u00b8.\u2022*\u00b4\u00a8) \u00b8.\u2022*\u00a8)\u00b8.\u2022*\u00a8)\u00b8.\u2022*\u00a8)\u00b8.\u2022*\u00a8)<br \/>\n(\u00b8.\u2022\u00b4 +LUZ P-H-A-Z y *A*M*O*R*  (\u00b8.\u2022` &lt;3<\/p>\n<p>Pensamiento del jueves 21 de noviembre de 2013<\/p>\n<p>Si sab\u00e9is c\u00f3mo aplicarla, la Ense\u00f1anza de la Fraternidad Blanca Universal os har\u00e1 descubrir unas verdades de un valor inestimable. \u00bfPor qu\u00e9? Porque, cualesquiera que sean los cambios que se produzcan en el mundo, estas verdades son v\u00e1lidas para toda la eternidad: c\u00f3mo adquirir el dominio de s\u00ed, c\u00f3mo recibir la luz, c\u00f3mo entrar en armon\u00eda con todas las fuerzas ben\u00e9ficas y vivificantes del universo&#8230; todo eso permanecer\u00e1 para siempre. Haya guerra o paz, se\u00e1is pobres o ricos, teng\u00e1is familia y amigos o est\u00e9is solos y abandonados por todos, vuestras necesidades profundas seguir\u00e1n siendo las mismas: siempre tendr\u00e9is un cuerpo f\u00edsico, un coraz\u00f3n, un intelecto, un alma y un esp\u00edritu que deber\u00e9is alimentar para acercaros, cada vez m\u00e1s, a vuestro Padre celestial que os ha creado a su imagen. As\u00ed pues, tratad de no descuidar ninguna de estas verdades que hab\u00e9is recibido.<\/p>\n<p>Omraam Mikha\u00ebl A\u00efvanhov<\/p>\n<p>*\u00b4\u00a8) ? H O \u2018 O P O N O P O N O ?<br \/>\n\u00b8.\u2022\u00b4 \u00b8.\u2022*\u00b4\u00a8) \u00b8.\u2022*\u00a8)\u00b8.\u2022*\u00a8)\u00b8.\u2022*\u00a8)\u00b8.\u2022*\u00a8)<br \/>\n(\u00b8.\u2022\u00b4 +LUZ P-H-A-Z y *A*M*O*R*  (\u00b8.\u2022` &lt;3<\/p>\n<p>We would focus on everything that mattered to us. It is so satisfying to hold a thought and to find the feeling place and then see the Universe conspire to help you receive it. Oh, co-creation at its best.<\/p>\n<p>&#8212; Abraham<\/p>\n<p>*\u00b4\u00a8) ? H O \u2018 O P O N O P O N O ?<br \/>\n\u00b8.\u2022\u00b4 \u00b8.\u2022*\u00b4\u00a8) \u00b8.\u2022*\u00a8)\u00b8.\u2022*\u00a8)\u00b8.\u2022*\u00a8)\u00b8.\u2022*\u00a8)<br \/>\n(\u00b8.\u2022\u00b4 +LUZ P-H-A-Z y *A*M*O*R*  (\u00b8.\u2022` &lt;3<\/p>\n","protected":false},"excerpt":{"rendered":"<p>Jueves 21 de Noviembre de 2013 D\u00e9jalo atr\u00e1s Si hay algo que hacer, algo que no quieres hacer, \u00bfcu\u00e1l ser\u00eda la mejor estrategia? Aunque ciertamente no parezca para nada l\u00f3gico,&hellip; <a href=\"https:\/\/www.vivesur.com\/wpblog\/jueves-21-de-noviembre-de-2013\/\" class=\"apace-readmore-link\">Read more<\/a><\/p>\n","protected":false},"author":1,"featured_media":0,"comment_status":"open","ping_status":"open","sticky":false,"template":"","format":"standard","meta":[],"categories":[1,8],"tags":[],"_links":{"self":[{"href":"https:\/\/www.vivesur.com\/wpblog\/wp-json\/wp\/v2\/posts\/7455"}],"collection":[{"href":"https:\/\/www.vivesur.com\/wpblog\/wp-json\/wp\/v2\/posts"}],"about":[{"href":"https:\/\/www.vivesur.com\/wpblog\/wp-json\/wp\/v2\/types\/post"}],"author":[{"embeddable":true,"href":"https:\/\/www.vivesur.com\/wpblog\/wp-json\/wp\/v2\/users\/1"}],"replies":[{"embeddable":true,"href":"https:\/\/www.vivesur.com\/wpblog\/wp-json\/wp\/v2\/comments?post=7455"}],"version-history":[{"count":0,"href":"https:\/\/www.vivesur.com\/wpblog\/wp-json\/wp\/v2\/posts\/7455\/revisions"}],"wp:attachment":[{"href":"https:\/\/www.vivesur.com\/wpblog\/wp-json\/wp\/v2\/media?parent=7455"}],"wp:term":[{"taxonomy":"category","embeddable":true,"href":"https:\/\/www.vivesur.com\/wpblog\/wp-json\/wp\/v2\/categories?post=7455"},{"taxonomy":"post_tag","embeddable":true,"href":"https:\/\/www.vivesur.com\/wpblog\/wp-json\/wp\/v2\/tags?post=7455"}],"curies":[{"name":"wp","href":"https:\/\/api.w.org\/{rel}","templated":true}]}}