{"id":7353,"date":"2013-11-16T10:58:26","date_gmt":"2013-11-16T09:58:26","guid":{"rendered":"http:\/\/vivesur.com\/wpblog\/?p=7353"},"modified":"2013-11-16T10:58:26","modified_gmt":"2013-11-16T09:58:26","slug":"sabado-16-de-noviembre-de-2013","status":"publish","type":"post","link":"https:\/\/www.vivesur.com\/wpblog\/sabado-16-de-noviembre-de-2013\/","title":{"rendered":"S\u00e1bado 16 de Noviembre de 2013"},"content":{"rendered":"<p>S\u00e1bado 16 de Noviembre de 2013<\/p>\n<p>Saber que puedes<br \/>\n<span style=\"font-size: 12pt;\"><img loading=\"lazy\" src=\"http:\/\/vivesur.com\/wpblog\/wp-content\/uploads\/2013\/11\/wpid-s161113-2013-11-16-10-58.jpg\" alt=\"wpid-s161113-2013-11-16-10-58.jpg\" width=\"754\" height=\"503\" \/><\/span><br \/>\nCreer que puedes conseguir algo es maravilloso. Mucho m\u00e1s fuerte es, sin embargo, saber que puedes.<\/p>\n<p>Si tan s\u00f3lo lo crees queda a\u00fan espacio para la duda. Cuando lo sabes no quedan ya dudas, ninguna en absoluto.<\/p>\n<p>\u00bfC\u00f3mo pasas de creer a saber? Poniendo esa creencia en acci\u00f3n.<\/p>\n<p>Ponte en marcha y da ese primer peque\u00f1o paso en direcci\u00f3n a tu meta. Siente c\u00f3mo se siente y date cuenta c\u00f3mo es realmente alcanzar eso que has decidido alcanzar.<\/p>\n<p>Pensando y planificando y dise\u00f1ando la estrategia, est\u00e1s creyendo. Experimentando, lo sabes.<\/p>\n<p>Hazte de un poco de verdadera experiencia real y concreta en cuanto a lo que significa avanzar hacia tu meta. Una vez que sepas que puedes, lo har\u00e1s.<\/p>\n<p>Gabriel Sandler<\/p>\n<p>*\u00b4\u00a8) ? H O \u2018 O P O N O P O N O ?<br \/>\n\u00b8.\u2022\u00b4 \u00b8.\u2022*\u00b4\u00a8) \u00b8.\u2022*\u00a8)\u00b8.\u2022*\u00a8)\u00b8.\u2022*\u00a8)\u00b8.\u2022*\u00a8)<br \/>\n(\u00b8.\u2022\u00b4 +LUZ P-H-A-Z y *A*M*O*R*  (\u00b8.\u2022` &lt;3<\/p>\n<p>N S 1. 26. 5. 2. Seli. Obsidiana. Mantra: HRAM. Ra\u00edz (s\u00e1bado 16-11-2013)<\/p>\n<p>TIERRA AUTOEXISTENTE ROJA \u2013 Kin 17<\/p>\n<p>TIERRA: Acci\u00f3n: EVOLUCIONAR. Poder: NAVEGACI\u00d3N. Esencia: SINCRONICIDAD.<\/p>\n<p>AUTOEXISTENTE: Acci\u00f3n: MEDIR. Poder: DEFINIR. Esencia: FORMA.<\/p>\n<p>C\u00e1mara Autoexistente, identifica la Forma. \u00bfCu\u00e1l es la forma de la acci\u00f3n?<\/p>\n<p>El Mago vive en la Tierra evolucionando y navegando al mismo tiempo por el espacio infinito viviendo las sincronicidades. Al experimentarlas, observamos que \u201ctodo ocurre por alguna raz\u00f3n concreta\u201d nos demos cuenta o no de ello. En este d\u00eda, decidimos la forma y manera de movernos para captar la vida ps\u00edquica que es el prop\u00f3sito de estos 13 d\u00edas. Nos afianzamos en la Tierra, pero buscamos horizontes gal\u00e1cticos y c\u00f3smicos, pues vamos en busca de Dios, de la divinidad, de la Madre Divina\u2026<\/p>\n<p>EL CAMINO SE HACE AL ANDAR, CREO FIRMEMENTE QUE NO EST\u00c1 TRAZADO DE ANTEMANO. ESO S\u00cd, DE CADA DECISI\u00d3N EN EL AQU\u00cd Y AHORA, DEPENDE EL RESTO DE LA VIDA EN LA TIERRA Y TAMBI\u00c9N LA DE DESPU\u00c9S DE DESENCARNAR E IR AL OTRO PLANO ESPIRITUAL. LA TIERRA, GAIA COMO SER VIVO, NOS DA LO NECESARIO PARA VIVIR Y EVOLUCIONAR. DE ELLA RECIBIMOS: LOS ALIMENTOS, LAS PLANTAS MEDICINALES, LOS CRISTALES PARA LA SANACI\u00d3N, LA ENERG\u00cdA DE LOS \u00c1RBOLES, LA CONEXI\u00d3N CON LOS ELEMENTALES\u2026<\/p>\n<p>*\u00b4\u00a8) ? H O \u2018 O P O N O P O N O ?<br \/>\n\u00b8.\u2022\u00b4 \u00b8.\u2022*\u00b4\u00a8) \u00b8.\u2022*\u00a8)\u00b8.\u2022*\u00a8)\u00b8.\u2022*\u00a8)\u00b8.\u2022*\u00a8)<br \/>\n(\u00b8.\u2022\u00b4 +LUZ P-H-A-Z y *A*M*O*R*  (\u00b8.\u2022` &lt;3<\/p>\n<p>Un Curso De Milagros Lecci\u00f3n Del Dia<br \/>\nLECCI\u00d3N 320 \u2013 Mi Padre me da todo poder.<\/p>\n<p>El Hijo de Dios no tiene limites. Su fuerza es ilimitada, as\u00ed como su paz, su j\u00fabilo, y todos los atributos con los que su Padre lo dot\u00f3 en su creaci\u00f3n. Lo que dispone con su Creador y Redentor se hace. Lo que su santa voluntad dispone jam\u00e1s puede ser negado porque su Padre refulge en su mente, y deposita ante ella toda la fuerza y amor de la tierra y del Cielo. Yo soy aquel a quien todo esto se le da. Yo soy aquel en quien reside el poder de la Voluntad del Padre.<\/p>\n<p>Tu Voluntad puede hacer cualquier cosa en mi y luego extenderse a todo el mundo a trav\u00e9s de Mi. Tu Voluntad no tiene limites. Por lo tanto, a Tu Hijo se le ha dado todo poder.<\/p>\n<p>*\u00b4\u00a8) ? H O \u2018 O P O N O P O N O ?<br \/>\n\u00b8.\u2022\u00b4 \u00b8.\u2022*\u00b4\u00a8) \u00b8.\u2022*\u00a8)\u00b8.\u2022*\u00a8)\u00b8.\u2022*\u00a8)\u00b8.\u2022*\u00a8)<br \/>\n(\u00b8.\u2022\u00b4 +LUZ P-H-A-Z y *A*M*O*R*  (\u00b8.\u2022` &lt;3<\/p>\n<p>Pensamiento del S\u00e1bado 16 de noviembre de 2013<\/p>\n<p>Aunque las hay\u00e1is olvidado, todas las palabras de verdad que hay\u00e1is le\u00eddo u o\u00eddo, remontar\u00e1n un d\u00eda a vuestra conciencia. Porque estas palabras que poseen una fuerza, la fuerza que da la luz, se han grabado en vosotros, sin saberlo, en vuestro subconsciente, en donde hacen su camino, y tarde o temprano, en el momento en que menos lo esper\u00e9is, con ocasi\u00f3n de un encuentro, de un acontecimiento, no podr\u00e9is escapar a ellas. Dir\u00e9is: \u00abPero, entonces, \u00a1la verdad no nos deja nunca en paz!\u00bb Depende de lo que llam\u00e9is paz. Si llam\u00e1is paz a la posibilidad de, sin discernimiento, dar libre curso a vuestros pensamientos, a vuestros sentimientos, a vuestros deseos, a vuestros caprichos, no os extra\u00f1e si algunas verdades que hab\u00e9is o\u00eddo junto a un sabio o a un Iniciado, vengan a preveniros de que os est\u00e1is extraviando. Y estas verdades os incomodar\u00e1n un poco, os morder\u00e1n, os tirar\u00e1n de los pelos. Y es verdad, no os dejar\u00e1n tranquilos. Pero si las hab\u00e9is aceptado, y si hab\u00e9is tomado la buena direcci\u00f3n, entonces, \u00a1qu\u00e9 paz vais a saborear!<\/p>\n<p>Omraam Mikha\u00ebl A\u00efvanhov<\/p>\n<p>*\u00b4\u00a8) ? H O \u2018 O P O N O P O N O ?<br \/>\n\u00b8.\u2022\u00b4 \u00b8.\u2022*\u00b4\u00a8) \u00b8.\u2022*\u00a8)\u00b8.\u2022*\u00a8)\u00b8.\u2022*\u00a8)\u00b8.\u2022*\u00a8)<br \/>\n(\u00b8.\u2022\u00b4 +LUZ P-H-A-Z y *A*M*O*R*  (\u00b8.\u2022` &lt;3<\/p>\n<p>You could stand here sick with ten illnesses today, and tomorrow have no evidence of any of them. Your body has the ability to replenish itself that fast. But most of you do not have the ability to change your thoughts that fast. So the amount of time that it takes between sickness and wellness is only the amount of time that it takes for me to figure out how to let it in \u2014 for me to figure out how to feel good, when I&#8217;m looking at something that makes me feel bad<\/p>\n<p>&#8212; Abraham<\/p>\n<p>*\u00b4\u00a8) ? H O \u2018 O P O N O P O N O ?<br \/>\n\u00b8.\u2022\u00b4 \u00b8.\u2022*\u00b4\u00a8) \u00b8.\u2022*\u00a8)\u00b8.\u2022*\u00a8)\u00b8.\u2022*\u00a8)\u00b8.\u2022*\u00a8)<br \/>\n(\u00b8.\u2022\u00b4 +LUZ P-H-A-Z y *A*M*O*R*  (\u00b8.\u2022` &lt;3<\/p>\n","protected":false},"excerpt":{"rendered":"<p>S\u00e1bado 16 de Noviembre de 2013 Saber que puedes Creer que puedes conseguir algo es maravilloso. Mucho m\u00e1s fuerte es, sin embargo, saber que puedes. Si tan s\u00f3lo lo crees&hellip; <a href=\"https:\/\/www.vivesur.com\/wpblog\/sabado-16-de-noviembre-de-2013\/\" class=\"apace-readmore-link\">Read more<\/a><\/p>\n","protected":false},"author":1,"featured_media":0,"comment_status":"open","ping_status":"open","sticky":false,"template":"","format":"standard","meta":[],"categories":[1,8],"tags":[],"_links":{"self":[{"href":"https:\/\/www.vivesur.com\/wpblog\/wp-json\/wp\/v2\/posts\/7353"}],"collection":[{"href":"https:\/\/www.vivesur.com\/wpblog\/wp-json\/wp\/v2\/posts"}],"about":[{"href":"https:\/\/www.vivesur.com\/wpblog\/wp-json\/wp\/v2\/types\/post"}],"author":[{"embeddable":true,"href":"https:\/\/www.vivesur.com\/wpblog\/wp-json\/wp\/v2\/users\/1"}],"replies":[{"embeddable":true,"href":"https:\/\/www.vivesur.com\/wpblog\/wp-json\/wp\/v2\/comments?post=7353"}],"version-history":[{"count":0,"href":"https:\/\/www.vivesur.com\/wpblog\/wp-json\/wp\/v2\/posts\/7353\/revisions"}],"wp:attachment":[{"href":"https:\/\/www.vivesur.com\/wpblog\/wp-json\/wp\/v2\/media?parent=7353"}],"wp:term":[{"taxonomy":"category","embeddable":true,"href":"https:\/\/www.vivesur.com\/wpblog\/wp-json\/wp\/v2\/categories?post=7353"},{"taxonomy":"post_tag","embeddable":true,"href":"https:\/\/www.vivesur.com\/wpblog\/wp-json\/wp\/v2\/tags?post=7353"}],"curies":[{"name":"wp","href":"https:\/\/api.w.org\/{rel}","templated":true}]}}