{"id":7275,"date":"2013-11-08T14:34:40","date_gmt":"2013-11-08T13:34:40","guid":{"rendered":"http:\/\/vivesur.com\/wpblog\/?p=7275"},"modified":"2013-11-08T14:34:40","modified_gmt":"2013-11-08T13:34:40","slug":"las-tensiones-del-tejido-fascial","status":"publish","type":"post","link":"https:\/\/www.vivesur.com\/wpblog\/las-tensiones-del-tejido-fascial\/","title":{"rendered":"Las tensiones del tejido fascial"},"content":{"rendered":"<p>Las tensiones del tejido fascial<br \/>\n<span style=\"font-size: 12pt;\"><img loading=\"lazy\" src=\"http:\/\/vivesur.com\/wpblog\/wp-content\/uploads\/2013\/11\/wpid-Capturadepantalla2013-11-08alas15.17.41-2013-11-8-14-34.png\" alt=\"wpid-Capturadepantalla2013-11-08alas15.17.41-2013-11-8-14-34.png\" width=\"754\" height=\"553\" \/><\/span><br \/>\n tienen su correspondencia con l\u00edneas de energ\u00eda perturbadas en el aura de la persona. El tejido fascial es el eslab\u00f3n entre lo f\u00edsico y lo energ\u00e9tico del ser humano, est\u00e1n \u00edntimamente relacionados y ligados. Por eso si t\u00fa sanas tu campo energ\u00e9tico humano, mejoras tu tejido fascial y relajas este sistema tan importante para la salud f\u00edsico, mental y espiritual.La verdadera medicina tendr\u00eda que ser basada en este principio, relajar las tensiones del tejido fascial y permitir al impulso r\u00edtmico craneal y a la energ\u00eda humana que circule libremente por todo el organismo.Toda enfermedad tiene un nudo de energ\u00eda retorcido alrededor del aura del paciente, y por tanto sanar el campo energ\u00e9tico humano y disolver estos nudos de energ\u00eda es la verdadera salud integral del ser humano. Los chakras se estropean, se colapsan se desgarran y se enganchan y va directamente al tejido fascial que produce verdaderas molestias y problemas que la medicina no controla ni entiende.Todos tenemos chakras d\u00e9biles y o desviados por culpa del tejido fascial que lleva nuestras tensiones f\u00edsicas o emocional-mental. Tan solo cada uno tendr\u00eda que repolarizar, recargar de energ\u00eda cada l\u00ednea de su cuerpo que observara con tensi\u00f3n. Es un trabajo muy interesante de interiorizaci\u00f3n, meditaci\u00f3n, colocar tus manos en los extremos de una l\u00ednea de tensi\u00f3n y dejar que circule tu energ\u00eda, repolarizando el\u00e9ctricamente, energ\u00e9ticamente cada zona de tu cuerpo con dolor tensi\u00f3n.El tejido fascial es muy ionizable y, con tu voluntad y energ\u00eda humana, tu solo puedes reorganizar tu campo de energ\u00eda o campo de informaci\u00f3n. Todos tenemos una sabidur\u00eda y un potencial interno a desarrollar. Recuerda todo es luz y energ\u00eda y esta es muy f\u00e1cil de dirigir y redireccionar a voluntad.<br \/>\nCon esto consigues que tu energ\u00eda humana aumente y fluya libremente, lo cual te vas convirtiendo en un ser humano autentico en todos los niveles, f\u00edsico, emocional, mental y espiritual. Despiertas tu verdadera naturaleza de luz, de energ\u00eda y tus poderes innatos se van desarrollando, estas conectado con tu esencia, materializas lo que deseas y eres inmensamente feliz.Profesi\u00f3n del futura, hazte terap\u00e9uta.Todo ello se aprende en los diversos CURSOS, TALLERES, PROCESOS y FORMACIONES que configuran los diferentes M\u00e9todos del \u201cSistema ANTAKARANA\u201d .<br \/>\nSuscr\u00edbete en esta web y en cursos on line, hay unos audios muy buenos de Ricard<br \/>\n<a href=\"http:\/\/www.concienciayespiritu.com\">www.concienciayespiritu.com<\/a><\/p>\n<!--[if lt IE 9]><script>document.createElement('audio');<\/script><![endif]-->\n<audio class=\"wp-audio-shortcode\" id=\"audio-7275-1\" preload=\"none\" style=\"width: 100%;\" controls=\"controls\"><source type=\"audio\/mpeg\" src=\"http:\/\/www.miriamsubirana.com\/wp-content\/uploads\/2011\/02\/05-Soberania-Interior.mp3?_=1\" \/><a href=\"http:\/\/www.miriamsubirana.com\/wp-content\/uploads\/2011\/02\/05-Soberania-Interior.mp3\">http:\/\/www.miriamsubirana.com\/wp-content\/uploads\/2011\/02\/05-Soberania-Interior.mp3<\/a><\/audio>\n","protected":false},"excerpt":{"rendered":"<p>Las tensiones del tejido fascial tienen su correspondencia con l\u00edneas de energ\u00eda perturbadas en el aura de la persona. El tejido fascial es el eslab\u00f3n entre lo f\u00edsico y lo&hellip; <a href=\"https:\/\/www.vivesur.com\/wpblog\/las-tensiones-del-tejido-fascial\/\" class=\"apace-readmore-link\">Read more<\/a><\/p>\n","protected":false},"author":1,"featured_media":0,"comment_status":"open","ping_status":"open","sticky":false,"template":"","format":"standard","meta":[],"categories":[1,8],"tags":[],"_links":{"self":[{"href":"https:\/\/www.vivesur.com\/wpblog\/wp-json\/wp\/v2\/posts\/7275"}],"collection":[{"href":"https:\/\/www.vivesur.com\/wpblog\/wp-json\/wp\/v2\/posts"}],"about":[{"href":"https:\/\/www.vivesur.com\/wpblog\/wp-json\/wp\/v2\/types\/post"}],"author":[{"embeddable":true,"href":"https:\/\/www.vivesur.com\/wpblog\/wp-json\/wp\/v2\/users\/1"}],"replies":[{"embeddable":true,"href":"https:\/\/www.vivesur.com\/wpblog\/wp-json\/wp\/v2\/comments?post=7275"}],"version-history":[{"count":0,"href":"https:\/\/www.vivesur.com\/wpblog\/wp-json\/wp\/v2\/posts\/7275\/revisions"}],"wp:attachment":[{"href":"https:\/\/www.vivesur.com\/wpblog\/wp-json\/wp\/v2\/media?parent=7275"}],"wp:term":[{"taxonomy":"category","embeddable":true,"href":"https:\/\/www.vivesur.com\/wpblog\/wp-json\/wp\/v2\/categories?post=7275"},{"taxonomy":"post_tag","embeddable":true,"href":"https:\/\/www.vivesur.com\/wpblog\/wp-json\/wp\/v2\/tags?post=7275"}],"curies":[{"name":"wp","href":"https:\/\/api.w.org\/{rel}","templated":true}]}}