{"id":7002,"date":"2013-10-24T10:42:31","date_gmt":"2013-10-24T08:42:31","guid":{"rendered":"http:\/\/vivesur.com\/wpblog\/?p=7002"},"modified":"2013-10-24T10:42:31","modified_gmt":"2013-10-24T08:42:31","slug":"jueves-24-de-octubre-de-2013","status":"publish","type":"post","link":"https:\/\/www.vivesur.com\/wpblog\/jueves-24-de-octubre-de-2013\/","title":{"rendered":"Jueves 24 de Octubre de 2013"},"content":{"rendered":"<p>Jueves 24 de Octubre de 2013<\/p>\n<p>Prep\u00e1rate para comenzar<br \/>\n<span style=\"font-size: 12pt;\"><img loading=\"lazy\" src=\"http:\/\/vivesur.com\/wpblog\/wp-content\/uploads\/2013\/10\/wpid-241013-2013-10-24-10-42.jpg\" alt=\"wpid-241013-2013-10-24-10-42.jpg\" width=\"754\" height=\"566\" \/><\/span><br \/>\nAll\u00ed donde est\u00e1s, es un excelente lugar para comenzar. De hecho, all\u00ed donde est\u00e9s siempre ser\u00e1 el \u00fanico lugar desde el cual podr\u00edas encarar algo.<\/p>\n<p>El camino que lleva a tus m\u00e1s preciados sue\u00f1os, tambi\u00e9n lleva hacia donde ahora mismo est\u00e1s. F\u00edjate qu\u00e9 bien se siente dar el primer paso de ese camino.<\/p>\n<p>Este es el momento correcto. Todo lo que necesitas para ponerte en marcha es lo que ya tienes contigo.<\/p>\n<p>Esa alegr\u00eda tan especial que genera concretar algo comienza en el preciso instante en que te pones en marcha. Esa alegr\u00eda est\u00e1 tan cerca de ti como el aire que respiras.<\/p>\n<p>Comenzando con lo que sea que tengas, podr\u00e1s alcanzar cualquier cosa que te atrevas a imaginar. Desde este mism\u00edsimo lugar, tu camino est\u00e1 listo para ser encarado.<\/p>\n<p>Abre tus ojos a las oportunidades. Saborea la dulce plenitud que ahora est\u00e1 en tus manos esperando ser concretada.<\/p>\n<p>Gabriel Sandler<\/p>\n<p>*\u00b4\u00a8) ? H O \u2018 O P O N O P O N O ?<br \/>\n\u00b8.\u2022\u00b4 \u00b8.\u2022*\u00b4\u00a8) \u00b8.\u2022*\u00a8)\u00b8.\u2022*\u00a8)\u00b8.\u2022*\u00a8)\u00b8.\u2022*\u00a8)<br \/>\n(\u00b8.\u2022\u00b4 +LUZ P-H-A-Z y *A*M*O*R*  (\u00b8.\u2022` &lt;3<\/p>\n<p>N S 1. 26. 4. 7. Silio. Oro. Mantra: HRAIM. Coraz\u00f3n (jueves 24-10-2013)<\/p>\n<p>MAGO RESONANTE  BLANCO \u2013 Kin 254<\/p>\n<p>MAGO: Acci\u00f3n: ENCANTAR. Poder: ATEMPORALIDAD. Esencia: RECEPTIVIDAD.<\/p>\n<p>RESONANTE: Acci\u00f3n: INSPIRAR. Poder: CANALIZAR. Esencia: SINTONIZACI\u00d3N.<\/p>\n<p>La C\u00e1mara Resonante, manda la armonizaci\u00f3n. Sintonizar el servicio con la acci\u00f3n.<\/p>\n<p>El Mago ayuda a la Estrella a canalizar y a inspirarse en las esferas superiores de luz para recibir los mensajes de armon\u00eda y paz. Si nos agobia el pensar en el tiempo, como este no tiene ni principio ni fin, entonces podemos danzar con \u00e9l y aprender a movernos con sutileza y calma. Cuando preguntamos y pedimos ayuda desde la voz interior, aparece el Mago que nos ense\u00f1a a recibir, a abrir los sentidos internos\u2026<\/p>\n<p>TODO PUEDE LLEGAR A SER POSIBLE CUANDO TENEMOS FE EN CONSEGUIRLO. LLEGAR\u00c1 EN ALG\u00daN MOMENTO DE ESTA U OTRAS VIDAS, PERO LO ALCANZAREMOS. PARA ELLO, ES NECESARIO MOVILIZAR Y REALIZAR CAMBIOS, QUITAR Y PONER ENCANTAMIENTOS EN NUESTRAS VIDAS. \u00a1CUANTO M\u00c1S DECIDIMOS POR NOSOTROS MISMOS, M\u00c1S FELICES Y RECEPTIVOS NOS ENCONTRAMOS ANTE NUEVAS ENERG\u00cdAS! \u00bfLO HAS EXPERIMENTADO?<\/p>\n<p>*\u00b4\u00a8) ? H O \u2018 O P O N O P O N O ?<br \/>\n\u00b8.\u2022\u00b4 \u00b8.\u2022*\u00b4\u00a8) \u00b8.\u2022*\u00a8)\u00b8.\u2022*\u00a8)\u00b8.\u2022*\u00a8)\u00b8.\u2022*\u00a8)<br \/>\n(\u00b8.\u2022\u00b4 +LUZ P-H-A-Z y *A*M*O*R*  (\u00b8.\u2022` &lt;3<\/p>\n<p>Un Curso De Milagros Lecci\u00f3n Del Dia<br \/>\nLECCI\u00d3N 297 \u2013 El perd\u00f3n es el \u00fanico regalo que doy.<\/p>\n<p>El perd\u00f3n es el \u00fanico regalo que doy, ya que es el \u00fanico regalo que deseo. y todo lo que doy, es a mi mismo a quien se lo doy Esta es la sencilla f\u00f3rmula de la salvaci\u00f3n. Y yo, que quiero salvarme, la adoptar\u00e9, para regir mi vida por ella en un mundo que tiene necesidad de salvaci\u00f3n y que se salvar\u00e1 al aceptar yo la Expiaci\u00f3n para mi mismo.<\/p>\n<p>Padre, \u00a1cu\u00e1n certeros son Tus caminos; cu\u00e1n seguro su desenlace final y cu\u00e1n fielmente se ha trazado y logrado cada paso de mi salvaci\u00f3n mediante Tu Gracia! Gracias a Ti por Tus eternos regalos, y gracias a Ti tambi\u00e9n por mi Identidad.<\/p>\n<p>*\u00b4\u00a8) ? H O \u2018 O P O N O P O N O ?<br \/>\n\u00b8.\u2022\u00b4 \u00b8.\u2022*\u00b4\u00a8) \u00b8.\u2022*\u00a8)\u00b8.\u2022*\u00a8)\u00b8.\u2022*\u00a8)\u00b8.\u2022*\u00a8)<br \/>\n(\u00b8.\u2022\u00b4 +LUZ P-H-A-Z y *A*M*O*R*  (\u00b8.\u2022` &lt;3<\/p>\n<p>Pensamiento del jueves 24 de Octubre de 2013<\/p>\n<p>Veis que hay tantas cosas por mejorar en vuestra vida y en vosotros mismos, y rez\u00e1is: \u00abSe\u00f1or, haz que&#8230; Se\u00f1or, dame&#8230;\u00bb Para que vuestras oraciones sean escuchadas, deb\u00e9is sostenerlas con una fe incondicional y con esfuerzos continuos. El Cielo s\u00f3lo quiere escucharos, pero si os content\u00e1is con expresar un deseo, de vez en cuando, \u00e9ste se diluye y acaba por perderse en el espacio. Si no obten\u00e9is lo que ped\u00eds, deb\u00e9is buscar la causa en vosotros mismos: os ha faltado, sin duda, la estabilidad y la perseverancia en el esfuerzo. Si se comportaran en su vida profesional como lo hacen en su vida espiritual, mucha gente no conservar\u00edan durante mucho tiempo su puesto de trabajo. Con el pretexto de que las realidades del mundo espiritual son invisibles, los hombres se imaginan que basta con proyectar, de vez en cuando, algunos deseos flotantes. Pero no, m\u00e1s a\u00fan que en el plano f\u00edsico, los \u00e9xitos que se obtienen en el plano espiritual exigen una pr\u00e1ctica y esfuerzos continuos.<\/p>\n<p>Omraam Mikha\u00ebl A\u00efvanhov<\/p>\n<p>*\u00b4\u00a8) ? H O \u2018 O P O N O P O N O ?<br \/>\n\u00b8.\u2022\u00b4 \u00b8.\u2022*\u00b4\u00a8) \u00b8.\u2022*\u00a8)\u00b8.\u2022*\u00a8)\u00b8.\u2022*\u00a8)\u00b8.\u2022*\u00a8)<br \/>\n(\u00b8.\u2022\u00b4 +LUZ P-H-A-Z y *A*M*O*R*  (\u00b8.\u2022` &lt;3<\/p>\n<p>People will say, &#8220;Well, I have to work on my goals,&#8221; or, &#8220;I have to work on my visualization.&#8221; And we want you to think more about holding the vision because it is pleasurable to hold the vision, not because you&#8217;re trying to make the vision work in order to get to some place that you&#8217;re not now standing. &#8220;How much should I work?&#8221; We would say, work in the sense of joyously moving forward<\/p>\n<p>&#8212; Abraham<\/p>\n<p>*\u00b4\u00a8) ? H O \u2018 O P O N O P O N O ?<br \/>\n\u00b8.\u2022\u00b4 \u00b8.\u2022*\u00b4\u00a8) \u00b8.\u2022*\u00a8)\u00b8.\u2022*\u00a8)\u00b8.\u2022*\u00a8)\u00b8.\u2022*\u00a8)<br \/>\n(\u00b8.\u2022\u00b4 +LUZ P-H-A-Z y *A*M*O*R*  (\u00b8.\u2022` &lt;3<\/p>\n","protected":false},"excerpt":{"rendered":"<p>Jueves 24 de Octubre de 2013 Prep\u00e1rate para comenzar All\u00ed donde est\u00e1s, es un excelente lugar para comenzar. De hecho, all\u00ed donde est\u00e9s siempre ser\u00e1 el \u00fanico lugar desde el&hellip; <a href=\"https:\/\/www.vivesur.com\/wpblog\/jueves-24-de-octubre-de-2013\/\" class=\"apace-readmore-link\">Read more<\/a><\/p>\n","protected":false},"author":1,"featured_media":0,"comment_status":"open","ping_status":"open","sticky":false,"template":"","format":"standard","meta":[],"categories":[1,8],"tags":[],"_links":{"self":[{"href":"https:\/\/www.vivesur.com\/wpblog\/wp-json\/wp\/v2\/posts\/7002"}],"collection":[{"href":"https:\/\/www.vivesur.com\/wpblog\/wp-json\/wp\/v2\/posts"}],"about":[{"href":"https:\/\/www.vivesur.com\/wpblog\/wp-json\/wp\/v2\/types\/post"}],"author":[{"embeddable":true,"href":"https:\/\/www.vivesur.com\/wpblog\/wp-json\/wp\/v2\/users\/1"}],"replies":[{"embeddable":true,"href":"https:\/\/www.vivesur.com\/wpblog\/wp-json\/wp\/v2\/comments?post=7002"}],"version-history":[{"count":0,"href":"https:\/\/www.vivesur.com\/wpblog\/wp-json\/wp\/v2\/posts\/7002\/revisions"}],"wp:attachment":[{"href":"https:\/\/www.vivesur.com\/wpblog\/wp-json\/wp\/v2\/media?parent=7002"}],"wp:term":[{"taxonomy":"category","embeddable":true,"href":"https:\/\/www.vivesur.com\/wpblog\/wp-json\/wp\/v2\/categories?post=7002"},{"taxonomy":"post_tag","embeddable":true,"href":"https:\/\/www.vivesur.com\/wpblog\/wp-json\/wp\/v2\/tags?post=7002"}],"curies":[{"name":"wp","href":"https:\/\/api.w.org\/{rel}","templated":true}]}}