{"id":6858,"date":"2013-10-05T10:33:45","date_gmt":"2013-10-05T08:33:45","guid":{"rendered":"http:\/\/vivesur.com\/wpblog\/?p=6858"},"modified":"2013-10-05T10:33:45","modified_gmt":"2013-10-05T08:33:45","slug":"sabado-5-de-octubre-de-2013","status":"publish","type":"post","link":"https:\/\/www.vivesur.com\/wpblog\/sabado-5-de-octubre-de-2013\/","title":{"rendered":"S\u00e1bado 5 de Octubre de 2013"},"content":{"rendered":"<p>S\u00e1bado 5 de Octubre de 2013<\/p>\n<p>Hacer m\u00e1s<br \/>\n<span style=\"font-size: 12pt;\"><img loading=\"lazy\" src=\"http:\/\/vivesur.com\/wpblog\/wp-content\/uploads\/2013\/10\/wpid-510013-2013-10-5-10-33.jpg\" alt=\"wpid-510013-2013-10-5-10-33.jpg\" width=\"754\" height=\"566\" \/><\/span><br \/>\nVe m\u00e1s all\u00e1 de lo que debes hacer, y haz un poco m\u00e1s. Es all\u00ed donde empezar\u00e1s a descubrir la riqueza de la vida.<\/p>\n<p>No te conformes con tan s\u00f3lo cumplir. Porque es tanto m\u00e1s lo que tienes para dar, y para vivir.<\/p>\n<p>Haber alcanzado la l\u00ednea de llegada no implica que tengas que detenerte. Date una o dos vueltas de honor y paladea a pleno, disfrut\u00e1ndolo, el dulce sabor de todas las cosas buenas que puedes hacer.<\/p>\n<p>Luego pon la mira en otra meta, m\u00e1s valiosa y ambiciosa a\u00fan. Ve m\u00e1s all\u00e1 de lo c\u00f3modo y necesario, adentr\u00e1ndote en el reino de lo mejor posible.<\/p>\n<p>Tan s\u00f3lo un peque\u00f1o esfuerzo adicional puede generar resultados mucho mejores, convirti\u00e9ndolos de algo ordinario en algo extraordinario. Apalanca tus esfuerzos yendo m\u00e1s all\u00e1 y m\u00e1s alto a\u00fan.<\/p>\n<p>Cuando la tarea haya sido completada, aprovecha la oportunidad de hacer m\u00e1s. Y r\u00e1pidamente tomar\u00e1s, por lejos, la delantera.<\/p>\n<p>Gabriel Sandler<\/p>\n<p>*\u00b4\u00a8) ? H O \u2018 O P O N O P O N O ?<br \/>\n\u00b8.\u2022\u00b4 \u00b8.\u2022*\u00b4\u00a8) \u00b8.\u2022*\u00a8)\u00b8.\u2022*\u00a8)\u00b8.\u2022*\u00a8)\u00b8.\u2022*\u00a8)<br \/>\n(\u00b8.\u2022\u00b4 +LUZ P-H-A-Z y *A*M*O*R*  (\u00b8.\u2022` &lt;3<\/p>\n<p>N S 1. 26. 3. 16. Seli. Obsidiana. Mantra: RAM. Ra\u00edz (s\u00e1bado 5-10-2013)<\/p>\n<p>\u00c1GUILA MAGN\u00c9TICA AZUL \u2013 Kin 235<\/p>\n<p>\u00c1GUILA: Acci\u00f3n: CREAR. Poder: VISI\u00d3N. Esencia: MENTE.<\/p>\n<p>MAGN\u00c9TICA: Acci\u00f3n: ATRAER. Poder: UNIFICAR. Esencia: PROP\u00d3SITO.<\/p>\n<p>P\u00f3rtico  Magn\u00e9tico, identifica el Prop\u00f3sito. \u00bfCu\u00e1l es mi meta?<\/p>\n<p>Seguimos durante estos 13 d\u00edas en la Luna El\u00e9ctrica del Venado del Servicio, que acaba con la Mano 13 de esta onda. Ayer comenz\u00f3 la Heptada 11 azul:\u201dEl Esp\u00edritu evoluciona la Magia\u201d. La Onda Encantada del \u00c1guila Azul, de transformaci\u00f3n, es la tercera del Castillo Verde Central del Encantar y la 19\u00aa del Tzolkin. En los Arquetipos Gal\u00e1cticos el \u00c1guila es conocida como el Vidente, (ver los Arquetipos Gal\u00e1cticos <a href=\"http:\/\/ondaencantada.com\/wp-content\/uploads\/2012\/11\/21-Arquetipos-Gal\u00e1cticos.pdf\">http:\/\/ondaencantada.com\/wp-content\/uploads\/2012\/11\/21-Arquetipos-Gal%C3%A1cticos.pdf<\/a> ).<\/p>\n<p>Hemos llegado a la pen\u00faltima onda encantada del Tzolkin, del \u00c1guila Azul y nos recuerda que somos creadores de la vida, que poseemos una visi\u00f3n m\u00e1s all\u00e1 de la que estamos acostumbrados a experimentar y que la mente es la mayor posesi\u00f3n que disponemos.<\/p>\n<p>Al igual que el \u00c1guila vuela muy alto, en c\u00edrculos oteando el horizonte, el ser humano tambi\u00e9n puede experimentar el conocimiento superior cuando desde su interior es capaz de llegar a altas cotas de conexi\u00f3n y de visi\u00f3n, m\u00e1s all\u00e1 de conceptos  y vivencias anteriores.<\/p>\n<p>Pero, \u00bfqu\u00e9 entendemos por mente? \u00bfD\u00f3nde se encuentra en nuestro cuerpo? \u00bfPodemos funcionar sin ella? \u00bfLe reconocemos el valor que tiene? Ubicamos el cerebro en el cuerpo, con sus neuronas y los neurotransmisores; sin embargo no hay ning\u00fan lugar f\u00edsico donde podemos colocar la mente, los cient\u00edficos no lo han encontrado todav\u00eda. \u00bfEso quiere decir que no existe? En absoluto, lo \u00fanico es que no est\u00e1 en el cuerpo f\u00edsico, pertenece al cuerpo mental, uno de los cuerpos que rodean al f\u00edsico y forman parte del proceso de evoluci\u00f3n del ser.<\/p>\n<p>Un asunto de suma importancia es acordarnos continuamente que somos grandes creadores y tenemos la capacidad de crear lo que nos propongamos. Los inconvenientes y problemas son en parte localizados en la propia mente. Aquello de lo que estamos convencidos es en realidad lo que vivimos porque es lo que se nos manifiesta en la vida cotidiana.<\/p>\n<p>En las Cr\u00f3nicas de la Historia C\u00f3smica, VV&#038;RR, llevan a cabo un profundo estudio sobre la mente, haciendo  \u00e9nfasis en el advenimiento de la mente gal\u00e1ctica a la Tierra. Una frase preferida de VV era: \u201cQuien posee tu tiempo posee tu mente; posee tu propio tiempo y poseer\u00e1s tu propia mente\u201d. Y en verdad es as\u00ed. En las acciones, pensamientos, lecturas\u2026 que emplees tu tiempo, en eso estar\u00e1s introduciendo tu mente. Como consecuencia, permaneceremos muy atentos a nuestros actos y sus prop\u00f3sitos m\u00e1s o menos conscientes. En el Volumen VI de las Cr\u00f3nicas de la Historia C\u00f3smica, cap\u00edtulo 3, \u201cLa mente y las esferas mentales\u201d, podemos leer: \u201cLa mente es, ante todo, un medio para canalizar los diferentes tipos y niveles de energ\u00eda y consciencia; es un v\u00ednculo que conecta la cuarta dimensi\u00f3n (4D) con el mundo manifiesto de la tercera dimensi\u00f3n (3D). Para aprovechar las energ\u00edas de la mente y conectarlas con el mundo f\u00edsico (cerebro) es \u00fatil contar con un sistema de trabajo\u201d.<\/p>\n<p>\u00bfQu\u00e9 visi\u00f3n nos presenta el \u00c1guila? \u00bfEs como mirar por el ojo de una cerradura o por el contrario observar desde lo alto de la monta\u00f1a? \u00bfCu\u00e1l es la diferencia? Al mirar por el ojo de la cerradura, o desde el interior de la \u201ccaverna de Plat\u00f3n\u201d, la realidad que se presenta es parcial, sesgada, incompleta\u2026 y por tanto induce a errores de conclusi\u00f3n por la visi\u00f3n acotada que se muestra. Si lo llevamos a una situaci\u00f3n real, quiere decir que un problema lo visualizamos s\u00f3lo desde lo que nosotros creemos que es la soluci\u00f3n \u00fanica, sin posibilidad de que otros nos muestran su parte de la experiencia. Es decir, no seremos objetivos. Si observamos desde lo alto, vi\u00e9ndolo todo, nada se nos puede escapar y el resultado ser\u00e1 m\u00e1s completo y real. Si una situaci\u00f3n la analizamos con la visi\u00f3n elevada, podremos ver todas las implicaciones nuestras y de los dem\u00e1s, y ser\u00e1 m\u00e1s f\u00e1cil analizarla objetivamente sin culpabilidades. Veremos los hechos como una pel\u00edcula y seremos un protagonista m\u00e1s tratando de entender los hechos sin juicios previos.<\/p>\n<p>\u00bfQu\u00e9 puede ver el \u00c1guila? \u00bfQu\u00e9 nos ense\u00f1a a mirar para ver? El \u00c1guila muestra la visi\u00f3n desde un punto m\u00e1s alto del que desde nuestra monoton\u00eda diaria alcanzamos a discernir. Forma parte de la interiorizaci\u00f3n del ser, del ver m\u00e1s all\u00e1 de lo que el sentido de la vista hasta ahora nos ha permitido. Es visi\u00f3n exterior e interior. Tiene relaci\u00f3n con la apertura del Tercer Ojo que los humanos estamos comenzando a recuperar.<\/p>\n<p>La Noosfera est\u00e1 relacionada con la mente, pues es la esfera de la mente de la Tierra, es decir de los pensamientos que todos tenemos y que est\u00e1n alrededor del planeta en el Banco Psi, (ver <a href=\"http:\/\/ondaencantada.com\/wp-content\/uploads\/2013\/09\/El-Banco-Psi-es-la-frecuencia-13-20.pdf\">http:\/\/ondaencantada.com\/wp-content\/uploads\/2013\/09\/El-Banco-Psi-es-la-frecuencia-13-20.pdf<\/a> ) con la informaci\u00f3n disponible para todos los terr\u00edcolas.<\/p>\n<p>VAMOS A VIVIR 13 D\u00cdAS PARA CONCECTAR CON NUESTRA MENTE Y RECONOCER QUE PODEMOS CONTAR CON ELLA PARA ELEVAR LA VIBRACI\u00d3N. NO NOS DOMINA ELLA, SINO QUE POR EL CONTRARIO DEBEMOS APRENDER A TRATAR QUE LOS PENSAMIENTOS VAYAN POR EL CAMINO QUE LE TRAZAMOS NOSOTROS. TODOS LOS HUMANOS PODEMOS CAMBIAR EL RUMBO DE LA VIDA, TAN S\u00d3LO HAY QUE PONER MANOS A LA OBRA. \u00a1CUIDA TU MENTE! \u00a1PROCURA QUE NO SE ENREDE EN PENSAMIENTOS REPETITIVOS Y ABSURDOS!<\/p>\n<p>*\u00b4\u00a8) ? H O \u2018 O P O N O P O N O ?<br \/>\n\u00b8.\u2022\u00b4 \u00b8.\u2022*\u00b4\u00a8) \u00b8.\u2022*\u00a8)\u00b8.\u2022*\u00a8)\u00b8.\u2022*\u00a8)\u00b8.\u2022*\u00a8)<br \/>\n(\u00b8.\u2022\u00b4 +LUZ P-H-A-Z y *A*M*O*R*  (\u00b8.\u2022` &lt;3<\/p>\n<p>Un Curso De Milagros Lecci\u00f3n Del Dia<br \/>\nLECCI\u00d3N 278 \u2013 Si estoy aprisionado, mi Padre no es libre.<\/p>\n<p>Si acepto que estoy aprisionado dentro de un cuerpo, en un mundo en el que todo lo que aparentemente vive parece morir, entonces mi Padre est\u00e1 aprisionado al igual que yo. Y esto es lo que creo cuando afirmo que tengo que obedecer las leyes que el mundo obedece, y que las flaquezas y los pecados que percibo son reales e ineludibles. Si de alg\u00fan modo estoy aprisionado, ello significa que no conozco ni a mi Padre ni a mi Ser. y significa as\u00ed mismo que no formo parte de la realidad en absoluto pues la verdad es libre, y lo que est\u00e1 aprisionado no forma parte de la verdad.<\/p>\n<p>Padre, lo \u00fanico que pido es la verdad. He tenido muchos pensamientos descabellados acerca de mi mismo y de mi creaci\u00f3n, y he introducido en mi mente un sue\u00f1o de miedo. Hoy no quiero so\u00f1ar. Elijo el camino que conduce a Ti en lugar de la locura y el miedo. Pues la verdad est\u00e1 a salvo, y s\u00f3lo el amor es seguro.<\/p>\n<p>*\u00b4\u00a8) ? H O \u2018 O P O N O P O N O ?<br \/>\n\u00b8.\u2022\u00b4 \u00b8.\u2022*\u00b4\u00a8) \u00b8.\u2022*\u00a8)\u00b8.\u2022*\u00a8)\u00b8.\u2022*\u00a8)\u00b8.\u2022*\u00a8)<br \/>\n(\u00b8.\u2022\u00b4 +LUZ P-H-A-Z y *A*M*O*R*  (\u00b8.\u2022` &lt;3<\/p>\n<p>Pensamiento del S\u00e1bado 5 de Octubre de 2013<\/p>\n<p>A veces es imposible no sentirnos exasperados ante el comportamiento de ciertas personas, sobre todo si tenemos que frecuentarlas a menudo. Pero en vez de explotar o de mortificarse, es mejor tratar de comprender por qu\u00e9 act\u00faan c\u00f3mo lo hacen, y hasta tratar de ayudarlas. Probadlo: entonces descubrir\u00e9is que ten\u00e9is muchos m\u00e1s recursos de lo que os imaginabais. En cuanto nos esforzamos en reflexionar, en pensar, nos vemos obligados a calmarnos. Y aqu\u00ed ten\u00e9is otro m\u00e9todo: concentraos en la imagen de un ser al que am\u00e1is, y abandonaos al gozo y a la maravilla que esta imagen suscita en vosotros. Impregnaos de ella, y pronto podr\u00e9is mirar a aqu\u00e9l o a aqu\u00e9lla que os exaspera sin sentir irritaci\u00f3n alguna. \u00bfNo hab\u00e9is observado que los que se enamoran tienen tendencia a amar a todo el mundo? Cuando amamos verdaderamente, envolvemos al universo entero con la luz y el calor de este amor.<\/p>\n<p>Omraam Mikha\u00ebl A\u00efvanhov<\/p>\n<p>*\u00b4\u00a8) ? H O \u2018 O P O N O P O N O ?<br \/>\n\u00b8.\u2022\u00b4 \u00b8.\u2022*\u00b4\u00a8) \u00b8.\u2022*\u00a8)\u00b8.\u2022*\u00a8)\u00b8.\u2022*\u00a8)\u00b8.\u2022*\u00a8)<br \/>\n(\u00b8.\u2022\u00b4 +LUZ P-H-A-Z y *A*M*O*R*  (\u00b8.\u2022` &lt;3<\/p>\n<p>Rather than wanting to hold to the past longer and slow things down and stop the aging process \u2014 just revel in the power of now! You can&#8217;t stop time, and you won&#8217;t stop the recycling process that is taking place upon this planet, nor would you want to \u2014 but you do not have to suffer the moving through time. Every moment can be more wonderful than the moment before.<\/p>\n<p>&#8212; Abraham<\/p>\n<p>*\u00b4\u00a8) ? H O \u2018 O P O N O P O N O ?<br \/>\n\u00b8.\u2022\u00b4 \u00b8.\u2022*\u00b4\u00a8) \u00b8.\u2022*\u00a8)\u00b8.\u2022*\u00a8)\u00b8.\u2022*\u00a8)\u00b8.\u2022*\u00a8)<br \/>\n(\u00b8.\u2022\u00b4 +LUZ P-H-A-Z y *A*M*O*R*  (\u00b8.\u2022` &lt;3<\/p>\n","protected":false},"excerpt":{"rendered":"<p>S\u00e1bado 5 de Octubre de 2013 Hacer m\u00e1s Ve m\u00e1s all\u00e1 de lo que debes hacer, y haz un poco m\u00e1s. Es all\u00ed donde empezar\u00e1s a descubrir la riqueza de&hellip; <a href=\"https:\/\/www.vivesur.com\/wpblog\/sabado-5-de-octubre-de-2013\/\" class=\"apace-readmore-link\">Read more<\/a><\/p>\n","protected":false},"author":1,"featured_media":0,"comment_status":"open","ping_status":"open","sticky":false,"template":"","format":"standard","meta":[],"categories":[1,8],"tags":[],"_links":{"self":[{"href":"https:\/\/www.vivesur.com\/wpblog\/wp-json\/wp\/v2\/posts\/6858"}],"collection":[{"href":"https:\/\/www.vivesur.com\/wpblog\/wp-json\/wp\/v2\/posts"}],"about":[{"href":"https:\/\/www.vivesur.com\/wpblog\/wp-json\/wp\/v2\/types\/post"}],"author":[{"embeddable":true,"href":"https:\/\/www.vivesur.com\/wpblog\/wp-json\/wp\/v2\/users\/1"}],"replies":[{"embeddable":true,"href":"https:\/\/www.vivesur.com\/wpblog\/wp-json\/wp\/v2\/comments?post=6858"}],"version-history":[{"count":0,"href":"https:\/\/www.vivesur.com\/wpblog\/wp-json\/wp\/v2\/posts\/6858\/revisions"}],"wp:attachment":[{"href":"https:\/\/www.vivesur.com\/wpblog\/wp-json\/wp\/v2\/media?parent=6858"}],"wp:term":[{"taxonomy":"category","embeddable":true,"href":"https:\/\/www.vivesur.com\/wpblog\/wp-json\/wp\/v2\/categories?post=6858"},{"taxonomy":"post_tag","embeddable":true,"href":"https:\/\/www.vivesur.com\/wpblog\/wp-json\/wp\/v2\/tags?post=6858"}],"curies":[{"name":"wp","href":"https:\/\/api.w.org\/{rel}","templated":true}]}}