{"id":6494,"date":"2013-08-14T10:41:46","date_gmt":"2013-08-14T08:41:46","guid":{"rendered":"http:\/\/vivesur.com\/wpblog\/?p=6494"},"modified":"2013-08-14T10:41:46","modified_gmt":"2013-08-14T08:41:46","slug":"miercoles-14-de-agosto-de-2013","status":"publish","type":"post","link":"https:\/\/www.vivesur.com\/wpblog\/miercoles-14-de-agosto-de-2013\/","title":{"rendered":"Mi\u00e9rcoles 14 de Agosto de 2013"},"content":{"rendered":"<p>Mi\u00e9rcoles 14 de Agosto de 2013<\/p>\n<p>Maravillas<br \/>\n<span style=\"font-size: 12pt;\"><img loading=\"lazy\" src=\"http:\/\/vivesur.com\/wpblog\/wp-content\/uploads\/2013\/08\/wpid-14813-2013-08-14-10-41.jpg\" alt=\"wpid-14813-2013-08-14-10-41.jpg\" width=\"707\" height=\"530\" \/><\/span><br \/>\nHay en la vida m\u00e1s valor del que nadie podr\u00eda llegar a imaginar. As\u00ed que nunca dejes de imaginar.<\/p>\n<p>Todo lo que imaginas planta una semilla. Cuanto m\u00e1s bello y convincente sea, m\u00e1s de la milagrosa energ\u00eda de la vida le aportar\u00e1s.<\/p>\n<p>Y eso que alguna vez fuese tan solo imaginario, se vuelve real. Lo que ahora ves a tu alrededor, primero tuvo que ser imaginado.<\/p>\n<p>Cuando te encuentras en dificultades, imaginar lo peor podr\u00eda ser f\u00e1cil. Pero eso s\u00f3lo aumentar\u00eda y magnificar\u00eda tus problemas.<\/p>\n<p>Por el contrario, imagina lo mejor. Imagina la m\u00e1s brillante, sensacionalmente hermosa versi\u00f3n de la vida, y el solo hecho de imaginarlo comienza a tironearte firmemente hacia ello.<\/p>\n<p>Lo que resulta posible s\u00f3lo est\u00e1 limitado por lo que t\u00fa sinceramente imaginas como posible. Observa la maravilla del mundo que te rodea, observa su belleza y dale vida con m\u00e1s plenitud a\u00fan.<\/p>\n<p>Gabriel Sandler<\/p>\n<p>*\u00b4\u00a8) ? H O \u2018 O P O N O P O N O ?<br \/>\n\u00b8.\u2022\u00b4 \u00b8.\u2022*\u00b4\u00a8) \u00b8.\u2022*\u00a8)\u00b8.\u2022*\u00a8)\u00b8.\u2022*\u00a8)\u00b8.\u2022*\u00a8)<br \/>\n(\u00b8.\u2022\u00b4 +LUZ P-H-A-Z y *A*M*O*R*  (\u00b8.\u2022` &lt;3<\/p>\n<p>N S 1. 26. 1. 20. Limi. Jade. Mantra: HRUM. Plexo Solar (mi\u00e9rcoles 14-8-2013)<\/p>\n<p>NOCHE MAGN\u00c9TICA AZUL \u2013 Kin 183<\/p>\n<p>NOCHE: Acci\u00f3n. SO\u00d1AR. Poder: ABUNDANCIA. Esencia: INTUICI\u00d3N.<\/p>\n<p>MAGN\u00c9TICA: Acci\u00f3n: ATRAER. Poder: UNIFICAR. Esencia: PROP\u00d3SITO.<\/p>\n<p>P\u00f3rtico  Magn\u00e9tico, identifica el Prop\u00f3sito. \u00bfCu\u00e1l es mi meta?<\/p>\n<p>Siempre que llega la onda de la Noche, mi coraz\u00f3n se alegra. Es tan maravilloso so\u00f1ar con la abundancia de dones y percibir la intuici\u00f3n que guardamos en el interior\u2026<\/p>\n<p>Cuando vivimos experiencias de falta de energ\u00eda, vitalidad, alegr\u00eda\u2026 tan s\u00f3lo uno mismo, creyendo en la abundancia, puede cambiar el defecto de esa cualidad y conseguir la cantidad necesaria para vivirla en armon\u00eda con nosotros y el universo. Al creer en que una cualidad existe, es nuestra y nos la merecemos, todo  alrededor se impregna de esa decisi\u00f3n y las situaciones de la vida comienzan a dar un giro significativo.<\/p>\n<p>Entonces, la intuici\u00f3n de la Noche da sus peque\u00f1os pasos, comienza a salir a flote y nosotros nos atrevemos a creer en ella y a utilizarla. No conocemos las respuestas con certeza, pero intuimos que va hacia determinado punto y seguimos la idea que nos lleg\u00f3 por su medio. No hace falta que nos digan aquello que tenemos que hacer o decir, sencillamente escuch\u00e1ndonos conectamos con la sabidur\u00eda interior y la respuesta comienza a salir de manera adecuada y con las soluciones intuitivas perfectas.<\/p>\n<p>\u00bfQu\u00e9 ser\u00eda de la vida sin los sue\u00f1os que nos mantienen con la ilusi\u00f3n? \u00bfCrees en su magia? \u00bfSue\u00f1as despierto o dormido? \u00bfQu\u00e9 parte del dormir y so\u00f1ar utilizas para tu crecimiento personal? \u00bfCrees en los caminos espirituales que pueden estar relacionados con los sue\u00f1os? \u00bfSabes conseguir sue\u00f1os l\u00facidos? \u00bfSon los sue\u00f1os importantes para ti en tu vida diaria?<\/p>\n<p>Con relaci\u00f3n al mundo on\u00edrico hay muchos datos que desconocemos, y sin embargo los sue\u00f1os nos ayudan a saber qu\u00e9 tenemos atascado en el mundo de vigilia. No es por la interpretaci\u00f3n, sino por el tipo de sue\u00f1o que  vivimos cada noche. Ver Sue\u00f1os L\u00facidos <a href=\"http:\/\/es.wikipedia.org\/wiki\/Sue\u00f1o_l\u00facido\">http:\/\/es.wikipedia.org\/wiki\/Sue%C3%B1o_l%C3%BAcido<\/a> .<\/p>\n<p>Uno de los objetivos con los que trabajamos en grupo es para recordar los sue\u00f1os, tomar nota de ellos en los cuadernos o diarios especiales, y finalmente llegar a hacer las t\u00e9cnicas necesarias para alcanzar los sue\u00f1os l\u00facidos, saber en sue\u00f1os que estas so\u00f1ando y vivir conectados a otras realidades. Todos los Kines, con la pr\u00e1ctica necesaria lo podemos lograr, s\u00f3lo se necesita, paciencia, experiencia y fe.<\/p>\n<p>Como hemos entrado en el Nuevo Tiempo, las cualidades comienzan a manifestarse con m\u00e1s claridad. Las  ps\u00edquicas fruto del trabajo personal, van a mostrarnos que los sentidos incrementan sus percepciones y se vuelven m\u00e1s sutiles. Podremos ver lo que ahora no vemos, escuchar lo que nuestros o\u00eddos en estos momentos no oyen\u2026 en consecuencia, la vida ante nosotros se tornar\u00e1 diferente, m\u00e1s luminosa y armoniosa. La abundancia comenzar\u00e1 a percibirse y a palparse en momentos determinados. Las sincronicidades ser\u00e1n continuas y evidentes.<\/p>\n<p>\u00a1Esto es un sue\u00f1o hecho realidad!  \u00a1Viene de la mano de la Noche! Y depende de cada uno de nosotros. No importa el pasado, tan s\u00f3lo el aqu\u00ed y ahora. Lo que decidimos hacer y vivir hoy equilibrar\u00e1 las acciones de otro tiempo. El ser que habita en nuestro interior, no tiene las limitaciones que el cuerpo conoce, por ello le cuesta menos olvidar y mirar solamente hacia adelante con esperanza y decisi\u00f3n.<\/p>\n<p>Despu\u00e9s del Gran Sextil, la puerta intergal\u00e1ctica estelar permanece abierta en la Noche y en el d\u00eda. Utilicemos la Noche para esas conexiones en sue\u00f1os y experiencias astrales para recibir y traer la informaci\u00f3n desde la Noosfera. Recuerda hacer la Invocaci\u00f3n al Ser Estelar. Ver\u2026 <a href=\"http:\/\/ondaencantada.com\/wp-content\/uploads\/2013\/06\/Invocaci\u00f3n-al-Ser-Estelar-Randy-Bruner.pdf\">http:\/\/ondaencantada.com\/wp-content\/uploads\/2013\/06\/Invocaci%C3%B3n-al-Ser-Estelar-Randy-Bruner.pdf<\/a><\/p>\n<p>Somos grandes so\u00f1adores intuitivos y vamos a experimentar la abundancia de la Noche en la vida diaria. \u00bfCreemos en nuestro propio poder? \u00bfDe qu\u00e9 o qui\u00e9n dependen nuestras decisiones? \u00bfPedimos ayuda a los sue\u00f1os para solucionar los problemas? \u00bfSabemos que se pueden lograr con m\u00e9todos adecuados? \u00bfQu\u00e9 significa la Noche? \u00bfEl momento en el que podemos contemplar el cielo con las estrellas titilando su luz? \u00bfUtilizamos la intuici\u00f3n que poseemos? \u00bfCreemos en la abundancia de todo aquello que la vida nos puede conceder?<\/p>\n<p>SO\u00d1EMOS EL SUE\u00d1O M\u00c1S ELEVADO PARA TODA LA HUMANIDAD: LA VIDA EN ARMON\u00cdA Y EL PUENTE ARCO IRIS SOBRE LA TIERRA IRRADIANDO. LA NOCHE NOS INVITA A RECOGERNOS Y PERMANECER EN MEDITACI\u00d3N RECLAMANDO LA PAZ INTERIOR Y LA CONEXI\u00d3N ESTELAR. LOS SERES ESTELARES ESTAN ESPERANDO QUE LES LLAMEMOS Y LES ESCUCHEMOS. SOLO AFINANDO NUESTRA VIBRACI\u00d3N CON LA DE ELLOS ES POSIBLE ESA CONEXI\u00d3N Y RECIBIR LA INFORMACI\u00d3N ADECUADA. \u00a1NOS ENCHUFAMOS AL DIAL CORRECTO INTERGAL\u00c1CTICO! \u00a1\u00a1AQU\u00cd UN KIN PLANETARIO A LA ESCUCHA EN LA TIERRA, \u00bfQUI\u00c9N HAY AL OTRO LADO?!!<\/p>\n<p>*\u00b4\u00a8) ? H O \u2018 O P O N O P O N O ?<br \/>\n\u00b8.\u2022\u00b4 \u00b8.\u2022*\u00b4\u00a8) \u00b8.\u2022*\u00a8)\u00b8.\u2022*\u00a8)\u00b8.\u2022*\u00a8)\u00b8.\u2022*\u00a8)<br \/>\n(\u00b8.\u2022\u00b4 +LUZ P-H-A-Z y *A*M*O*R*  (\u00b8.\u2022` &lt;3<\/p>\n<p>Un Curso De Milagros Lecci\u00f3n Del Dia<br \/>\nLECCI\u00d3N 226 \u2013 Mi hogar me aguarda. Me apresurar\u00e9 a llegar a \u00e9l.<\/p>\n<p>Puedo abandonar este mundo completamente, si as\u00ed lo decido. No mediante la muerte, sino mediante un cambio de parecer con respecto al prop\u00f3sito del mundo. Si creo que tal como lo veo ahora tiene valor, as\u00ed seguir\u00e1 siendo para mi. Mas si tal como lo contemplo no veo nada de valor en \u00e9l, ni nada que desee poseer, ni ninguna meta que anhele alcanzar, entonces ese mundo se alejar\u00e1 de mi. Pues no habr\u00e9 intentado reemplazar la verdad con ilusiones.<\/p>\n<p>Padre, mi hogar aguarda mi feliz retorno. Tus Brazos est\u00e1n abiertos y oigo Tu Voz.\u00bfQu\u00e9 necesidad tengo de prolongar mi estad\u00eda en un lugar de vanos deseos y de sue\u00f1os frustrados cuando con tanta facilidad puedo alcanzar el Cielo?<\/p>\n<p>*\u00b4\u00a8) ? H O \u2018 O P O N O P O N O ?<br \/>\n\u00b8.\u2022\u00b4 \u00b8.\u2022*\u00b4\u00a8) \u00b8.\u2022*\u00a8)\u00b8.\u2022*\u00a8)\u00b8.\u2022*\u00a8)\u00b8.\u2022*\u00a8)<br \/>\n(\u00b8.\u2022\u00b4 +LUZ P-H-A-Z y *A*M*O*R*  (\u00b8.\u2022` &lt;3<\/p>\n<p>Pensamiento del mi\u00e9rcoles 14 de agosto de 2013<\/p>\n<p>La justicia humana juzga solamente los actos, pero la Justicia divina juzga tambi\u00e9n los pensamientos, los sentimientos y las intenciones. Si hab\u00e9is dado conscientemente malos consejos a alguien, si le hab\u00e9is empujado a la rebeli\u00f3n, a la desesperaci\u00f3n, \u00bfqu\u00e9 tribunal en la tierra puede condenar semejante conducta? Ninguno, porque, materialmente, objetivamente, no pueden reprocharos nada. Si esta persona va al juez diciendo: \u00abMire en qu\u00e9 desesperaci\u00f3n me ha sumido este individuo\u00bb, el juez le responder\u00e1 que este caso no est\u00e1 previsto por el c\u00f3digo y que no puede hacer nada por ella. \u00a1Cu\u00e1ntos hombres, sabiendo que no hay ning\u00fan tribunal que pueda castigar los malos pensamientos, los malos sentimientos, las malas intenciones y las palabras enga\u00f1osas, son lo bastante astutos para ser impecables en el dominio de los actos y evitar as\u00ed que les detengan! Hay miles de formas de actuar mal sin caer bajo el peso de la justicia humana. Pero nadie escapa a la Justicia divina.<\/p>\n<p>Omraam Mikha\u00ebl A\u00efvanhov<\/p>\n<p>*\u00b4\u00a8) ? H O \u2018 O P O N O P O N O ?<br \/>\n\u00b8.\u2022\u00b4 \u00b8.\u2022*\u00b4\u00a8) \u00b8.\u2022*\u00a8)\u00b8.\u2022*\u00a8)\u00b8.\u2022*\u00a8)\u00b8.\u2022*\u00a8)<br \/>\n(\u00b8.\u2022\u00b4 +LUZ P-H-A-Z y *A*M*O*R*  (\u00b8.\u2022` &lt;3<\/p>\n<p>Get so fixated on what you want, that you drown out any vibration or reverberation that has anything to do with what you do not want.<\/p>\n<p>&#8212; Abraham<\/p>\n<p>*\u00b4\u00a8) ? H O \u2018 O P O N O P O N O ?<br \/>\n\u00b8.\u2022\u00b4 \u00b8.\u2022*\u00b4\u00a8) \u00b8.\u2022*\u00a8)\u00b8.\u2022*\u00a8)\u00b8.\u2022*\u00a8)\u00b8.\u2022*\u00a8)<br \/>\n(\u00b8.\u2022\u00b4 +LUZ P-H-A-Z y *A*M*O*R*  (\u00b8.\u2022` &lt;3<\/p>\n","protected":false},"excerpt":{"rendered":"<p>Mi\u00e9rcoles 14 de Agosto de 2013 Maravillas Hay en la vida m\u00e1s valor del que nadie podr\u00eda llegar a imaginar. As\u00ed que nunca dejes de imaginar. Todo lo que imaginas&hellip; <a href=\"https:\/\/www.vivesur.com\/wpblog\/miercoles-14-de-agosto-de-2013\/\" class=\"apace-readmore-link\">Read more<\/a><\/p>\n","protected":false},"author":1,"featured_media":0,"comment_status":"open","ping_status":"open","sticky":false,"template":"","format":"standard","meta":[],"categories":[1,8],"tags":[],"_links":{"self":[{"href":"https:\/\/www.vivesur.com\/wpblog\/wp-json\/wp\/v2\/posts\/6494"}],"collection":[{"href":"https:\/\/www.vivesur.com\/wpblog\/wp-json\/wp\/v2\/posts"}],"about":[{"href":"https:\/\/www.vivesur.com\/wpblog\/wp-json\/wp\/v2\/types\/post"}],"author":[{"embeddable":true,"href":"https:\/\/www.vivesur.com\/wpblog\/wp-json\/wp\/v2\/users\/1"}],"replies":[{"embeddable":true,"href":"https:\/\/www.vivesur.com\/wpblog\/wp-json\/wp\/v2\/comments?post=6494"}],"version-history":[{"count":0,"href":"https:\/\/www.vivesur.com\/wpblog\/wp-json\/wp\/v2\/posts\/6494\/revisions"}],"wp:attachment":[{"href":"https:\/\/www.vivesur.com\/wpblog\/wp-json\/wp\/v2\/media?parent=6494"}],"wp:term":[{"taxonomy":"category","embeddable":true,"href":"https:\/\/www.vivesur.com\/wpblog\/wp-json\/wp\/v2\/categories?post=6494"},{"taxonomy":"post_tag","embeddable":true,"href":"https:\/\/www.vivesur.com\/wpblog\/wp-json\/wp\/v2\/tags?post=6494"}],"curies":[{"name":"wp","href":"https:\/\/api.w.org\/{rel}","templated":true}]}}