{"id":6339,"date":"2013-07-08T13:04:28","date_gmt":"2013-07-08T11:04:28","guid":{"rendered":"http:\/\/vivesur.com\/wpblog\/?p=6339"},"modified":"2013-07-08T13:04:28","modified_gmt":"2013-07-08T11:04:28","slug":"lunes-8-de-julio-de-2013","status":"publish","type":"post","link":"https:\/\/www.vivesur.com\/wpblog\/lunes-8-de-julio-de-2013\/","title":{"rendered":"Lunes 8 de Julio de 2013"},"content":{"rendered":"<p>Lunes 8 de Julio de 2013<\/p>\n<p>Comprender<br \/>\n<span style=\"font-size: 12pt;\"><img loading=\"lazy\" src=\"http:\/\/vivesur.com\/wpblog\/wp-content\/uploads\/2013\/07\/wpid-8713-2013-07-8-13-04.jpg\" alt=\"wpid-8713-2013-07-8-13-04.jpg\" width=\"707\" height=\"729\" \/><\/span><br \/>\nNo te concentres tan s\u00f3lo en saber, sino tambi\u00e9n en comprender. En un mundo inundado de informaci\u00f3n, una verdadera comprensi\u00f3n sigue siendo un raro y preciado tesoro.<\/p>\n<p>El conocimiento y la informaci\u00f3n que recoges es algo realmente valioso. La comprensi\u00f3n que obtengas a partir de ese conocimiento puede resultar invalorable.<\/p>\n<p>La informaci\u00f3n te dice qu\u00e9 ha sucedido. Comprender te permite saber qu\u00e9 ocurrir\u00e1 como resultado de ello.<\/p>\n<p>La comprensi\u00f3n te ofrece una clara imagen de oportunidades que los dem\u00e1s podr\u00edan ni siquiera llegar a vislumbrar. El esfuerzo que dediques a comprender aportar\u00e1 un valor enorme a tu vida y a tu mundo.<\/p>\n<p>Escucha, aprende, cuestiona, experimenta, piensa y comprende. Lleva a cabo la tarea que transforme hechos comunes y corrientes en preciada sabidur\u00eda.<\/p>\n<p>Ten el coraje y la disciplina de pensar por ti mismo. Y la informaci\u00f3n cruda y concreta se convertir\u00e1 en verdadera comprensi\u00f3n.<\/p>\n<p>Gabriel Sandler<\/p>\n<p>*\u00b4\u00a8) ? H O \u2018 O P O N O P O N O ?<br \/>\n\u00b8.\u2022\u00b4 \u00b8.\u2022*\u00b4\u00a8) \u00b8.\u2022*\u00a8)\u00b8.\u2022*\u00a8)\u00b8.\u2022*\u00a8)\u00b8.\u2022*\u00a8)<br \/>\n(\u00b8.\u2022\u00b4 +LUZ P-H-A-Z y *A*M*O*R*  (\u00b8.\u2022` &lt;3<\/p>\n<p>N S 1. 25. 13. 12. Alfa. Turquesa. Mantra: HRAUM. Garganta (lunes 8-7-2013)<\/p>\n<p>ENLAZADOR DE MUNDOS EL\u00c9CTRICO BLANCO \u2013 Kin 146 \u2013 Portal de Activaci\u00f3n Gal\u00e1ctica<\/p>\n<p>ENLAZADOR DE MUNDOS: Acci\u00f3n: IGUALAR. Poder: MUERTE. Esencia: OPORTUNIDAD.<\/p>\n<p>EL\u00c9CTRICA: Acci\u00f3n: VINCULAR. Poder: ACTIVAR.  Esencia: SERVICIO.<\/p>\n<p>La C\u00e1mara El\u00e9ctrica, identifica el servicio. \u00bfC\u00f3mo alcanzar la meta?<\/p>\n<p>Faltan 18 d\u00edas. Hoy dan comienzo los 10 Portales de Activaci\u00f3n Gal\u00e1ctica que se viven en la onda de la Semilla, desde el Kin 146 hasta el 155. Recordamos que sus kines ocultos perfectos en el or\u00e1culo, son los kines P. A. G. de la onda de la Serpiente, ser\u00e1n d\u00edas de energ\u00eda intensa, experim\u00e9ntala.  Es el momento de activar el servicio con el Enlazador de Mundos para obtener el prop\u00f3sito de la Semilla. Es d\u00eda de no enredarse en situaciones ca\u00f3ticas y volver un poco a la uni\u00f3n entre las almas. El momento oportuno para dejar atr\u00e1s lo que no queremos en nuestras vidas. La conexi\u00f3n con los seres superiores de otros mundos, se activa para generar un v\u00ednculo entre los humanos. Se trata de ir de la unidad a la totalidad, para volver a formar una unidad esta vez total. Leer Invocaci\u00f3n al Ser Estelar: <a href=\"http:\/\/ondaencantada.com\/2013\/06\/invocacion-al-ser-estelar\/\">http:\/\/ondaencantada.com\/2013\/06\/invocacion-al-ser-estelar\/<\/a> . AL ENLAZAR LOS MUNDOS, TODO ES POSIBLE. LOS SERES DEL OTRO LADO PUEDEN ACERCARSE A ESTE. LAS PALABRAS E IM\u00c1GENES DE LOS MAESTROS, GU\u00cdAS, \u00c1NGELES\u2026 Y DEL MISMO DIOS, SE MANIFIESTAN A LOS QUE C\u00d3SMICAMENTE SE ENCUENTRAN PREPARADOS. \u00a1NADA ES CASUAL! \u00a1TODO PERTENECE AL ORDEN DIVINO!<\/p>\n<p>*\u00b4\u00a8) ? H O \u2018 O P O N O P O N O ?<br \/>\n\u00b8.\u2022\u00b4 \u00b8.\u2022*\u00b4\u00a8) \u00b8.\u2022*\u00a8)\u00b8.\u2022*\u00a8)\u00b8.\u2022*\u00a8)\u00b8.\u2022*\u00a8)<br \/>\n(\u00b8.\u2022\u00b4 +LUZ P-H-A-Z y *A*M*O*R*  (\u00b8.\u2022` &lt;3<\/p>\n<p>Un Curso De Milagros Lecci\u00f3n Del Dia<br \/>\nLECCI\u00d3N 189 \u2013 Siento el Amor de Dios dentro de mi ahora.<\/p>\n<p>Hay una luz en ti que el mundo no puede percibir. Y con sus ojos no la podr\u00e1s ver, pues est\u00e1s cegado por \u00e9l. No obstante, tienes ojos con los que poder verla. Est\u00e1 ah\u00ed para que la contemples. No se puso en ti para que se mantuviese oculta de tu vista. Esta luz es un reflejo del pensamiento con el que practicamos ahora. Sentir el Amor de Dios dentro de ti es ver el mundo renovado, radiante de inocencia, lleno de esperanza y bendecido con perfecta caridad y amor.<\/p>\n<p>\u00bfQui\u00e9n podr\u00eda sentir temor en un mundo as\u00ed? Dicho mundo te da la bienvenida, se regocija de que hayas venido y te canta alabanzas mientras te mantiene a salvo de cualquier peligro o dolor. Te ofrece un hogar c\u00e1lido y tranquilo en el que permanecer por un tiempo. Te bendice a lo largo del d\u00eda, y te cuida durante la noche, cual silencioso guardi\u00e1n de tu sue\u00f1o santo. Ve en ti la salvaci\u00f3n, y protege la luz que mora en ti, en la que ve la suya propia. Te ofrece sus flores y su nieve como muestra de agradecimiento por tu benevolencia.<\/p>\n<p>Este es el mundo que el Amor de Dios revela. Es tan diferente del mundo que ves a trav\u00e9s de los enturbiados ojos de la malicia y del miedo, que uno desmiente al otro. S\u00f3lo uno de ellos puede percibirse en absoluto. El otro no tiene ning\u00fan significado. A aquellos que ven surgir del ataque un mundo de odio listo para vengarse, asesinar y destruir, les resulta inconcebible la idea de un mundo en el que el perd\u00f3n resplandece sobre todas las cosas y la paz ofrece su dulce luz a todo el mundo.<\/p>\n<p>Sin embargo, el mundo del odio es igualmente invisible e inconcebible para aquellos que sienten dentro de si el Amor de Dios. Su mundo refleja la quietud y la paz que refulge en ellos; la tranquilidad y la inocencia que ven a su alrededor; la dicha con la que miran hacia afuera desde los inagotables manantiales de dicha en su interior. Contemplan lo que han sentido dentro de si, y ven su inequ\u00edvoco reflejo por todas partes.<\/p>\n<p>\u00bfCu\u00e1l de ellos quieres ver? Eres libre de elegir. Mas debes conocer la ley que rige toda visi\u00f3n y no dejar que tu mente se olvide de ella: contemplar\u00e1s aquello que sientas en tu interior. Si el odio encuentra acogida en tu coraz\u00f3n, percibir\u00e1s un mundo temible, atenazado cruelmente por las huesudas y afiladas garras de la muerte. Mas si sientes el Amor de Dios dentro de ti, contemplar\u00e1s un mundo de misericordia y de amor.<\/p>\n<p>Hoy pasamos de largo las ilusiones, seg\u00fan intentamos llegar hasta lo que es verdad en nosotros y sentir su infinita ternura, su Amor que sabe que somos tan perfectos como \u00e9l mismo, y su visi\u00f3n, el don que su Amor nos ofrece. Hoy aprenderemos el camino, el cual es tan seguro como el Amor mismo, al que nos conduce. Pues su sencillez nos protege de las trampas que las descabelladas complicaciones del aparente razonar del mundo tienen como prop\u00f3sito ocultar.<\/p>\n<p>Haz simplemente esto: permanece muy quedo y deja a un lado todos los pensamientos acerca de lo que t\u00fa eres y de lo que Dios es; todos los conceptos que hayas aprendido acerca del mundo; todas las im\u00e1genes que tienes acerca de ti mismo. Vac\u00eda tu mente de todo lo que ella piensa que es verdadero o falso, bueno o malo; de todo pensamiento que considere digno, as\u00ed como de todas las ideas de las que se siente avergonzada. No conserves nada. No traigas contigo ni un solo pensamiento que el pasado te haya ense\u00f1ado, ni ninguna creencia que, sea cual sea su procedencia, hayas aprendido con anterioridad. Olv\u00eddate de este mundo, olv\u00eddate de este curso, y con las manos completamente vac\u00edas, ve a tu Dios.<\/p>\n<p>\u00bfNo es acaso \u00c9l Quien sabe como llegar a ti? T\u00fa no necesitas saber c\u00f3mo llegar a \u00c9l. Tu papel consiste simplemente en permitir que todos los obst\u00e1culos que has interpuesto entre el Hijo y Dios el Padre sean eliminados silenciosamente para siempre. Dios har\u00e1 lo que le corresponde hacer en gozosa e inmediata respuesta. Pide y recibir\u00e1s. Mas no vengas con exigencias, ni le se\u00f1ales el camino por donde \u00c9l debe aparecer ante ti. La manera de llegar a \u00c9l es simplemente dejando que \u00c9l sea lo que es. pues de esa forma se proclama tambi\u00e9n tu realidad.<\/p>\n<p>As\u00ed pues, hoy no elegiremos el camino por el que vamos a \u00c9l. Pero si elegimos dejar que \u00c9l venga a nosotros. Y con esta decisi\u00f3n descansamos. Su Amor se abrir\u00e1 paso por su cuenta en nuestros corazones serenos y en nuestras mentes abiertas. Es indudable que lo que no ha sido negado se encuentra ah\u00ed, si es que es verdad y puede alcanzarse. Dios conoce a Su Hijo y sabe c\u00f3mo llegar a \u00e9l. No necesita que Su Hijo le muestre el camino. A trav\u00e9s de cada puerta abierta Su Amor refulge hacia afuera desde su hogar interno e ilumina al mundo con inocencia.<\/p>\n<p>Padre, no sabemos c\u00f3mo llegar a Ti. Pero te hemos llamado y T\u00fa nos has contestado. No interferiremos. Los caminos de la salvaci\u00f3n no son nuestros, pues te pertenecen a Ti. Y es a Ti a donde vamos para encontrarlos. Nuestras manos est\u00e1n abiertas para recibir Tus dones.<\/p>\n<p>No tenemos ning\u00fan pensamiento que no pensemos contigo, ni abrigamos creencia alguna con respecto a lo que somos o a Qui\u00e9n nos cre\u00f3. Tuyo es el camino que queremos hallar y seguir. Y s\u00f3lo pedimos que Tu Voluntad, que tambi\u00e9n es la nuestra, se haga en nosotros y en el mundo, para que \u00e9ste pase a formar parte del Cielo. Amen.<\/p>\n<p>*\u00b4\u00a8) ? H O \u2018 O P O N O P O N O ?<br \/>\n\u00b8.\u2022\u00b4 \u00b8.\u2022*\u00b4\u00a8) \u00b8.\u2022*\u00a8)\u00b8.\u2022*\u00a8)\u00b8.\u2022*\u00a8)\u00b8.\u2022*\u00a8)<br \/>\n(\u00b8.\u2022\u00b4 +LUZ P-H-A-Z y *A*M*O*R*  (\u00b8.\u2022` &lt;3<\/p>\n<p>Pensamiento del lunes 8 de julio de 2013<\/p>\n<p>Cada uno de vosotros tiende de una manera natural a acercarse o a alejarse de ciertas personas, de ciertos objetos, de ciertos asuntos. Es una cuesti\u00f3n de disposici\u00f3n interior, de temperamento, est\u00e1is as\u00ed hechos y es in\u00fatil pediros que cambi\u00e9is de temperamento, no podr\u00e9is. Pero lo que s\u00ed est\u00e1 en vuestro poder, es hacer el esfuerzo de elevaros a las regiones del alma y del esp\u00edritu, de dejaros impregnar de los efluvios, de las corrientes de esas regiones que son los efluvios y las corrientes del amor divino. Una vez que este amor se instala en vosotros, que no os abandona, ya no os dejar\u00e9is guiar por vuestras atracciones y vuestras repulsiones, mirar\u00e9is de otra manera la existencia y, cualesquiera que sean vuestros sentimientos por los seres, se beneficiar\u00e1n de la luz que hab\u00e9is adquirido de esta manera all\u00ed arriba, muy arriba.<\/p>\n<p>Omraam Mikha\u00ebl A\u00efvanhov<\/p>\n<p>*\u00b4\u00a8) ? H O \u2018 O P O N O P O N O ?<br \/>\n\u00b8.\u2022\u00b4 \u00b8.\u2022*\u00b4\u00a8) \u00b8.\u2022*\u00a8)\u00b8.\u2022*\u00a8)\u00b8.\u2022*\u00a8)\u00b8.\u2022*\u00a8)<br \/>\n(\u00b8.\u2022\u00b4 +LUZ P-H-A-Z y *A*M*O*R*  (\u00b8.\u2022` &lt;3<\/p>\n<p>You, on the leading edge of thought, are here enormously, creatively involved. There&#8217;s something so satisfying about asking and deliberately aligning your Energy and deliberately finding the familiar feeling of that, and then seeing it manifest.<\/p>\n<p>&#8212; Abraham<\/p>\n<p>*\u00b4\u00a8) ? H O \u2018 O P O N O P O N O ?<br \/>\n\u00b8.\u2022\u00b4 \u00b8.\u2022*\u00b4\u00a8) \u00b8.\u2022*\u00a8)\u00b8.\u2022*\u00a8)\u00b8.\u2022*\u00a8)\u00b8.\u2022*\u00a8)<br \/>\n(\u00b8.\u2022\u00b4 +LUZ P-H-A-Z y *A*M*O*R*  (\u00b8.\u2022` &lt;3<\/p>\n","protected":false},"excerpt":{"rendered":"<p>Lunes 8 de Julio de 2013 Comprender No te concentres tan s\u00f3lo en saber, sino tambi\u00e9n en comprender. En un mundo inundado de informaci\u00f3n, una verdadera comprensi\u00f3n sigue siendo un&hellip; <a href=\"https:\/\/www.vivesur.com\/wpblog\/lunes-8-de-julio-de-2013\/\" class=\"apace-readmore-link\">Read more<\/a><\/p>\n","protected":false},"author":1,"featured_media":0,"comment_status":"open","ping_status":"open","sticky":false,"template":"","format":"standard","meta":[],"categories":[1,8],"tags":[],"_links":{"self":[{"href":"https:\/\/www.vivesur.com\/wpblog\/wp-json\/wp\/v2\/posts\/6339"}],"collection":[{"href":"https:\/\/www.vivesur.com\/wpblog\/wp-json\/wp\/v2\/posts"}],"about":[{"href":"https:\/\/www.vivesur.com\/wpblog\/wp-json\/wp\/v2\/types\/post"}],"author":[{"embeddable":true,"href":"https:\/\/www.vivesur.com\/wpblog\/wp-json\/wp\/v2\/users\/1"}],"replies":[{"embeddable":true,"href":"https:\/\/www.vivesur.com\/wpblog\/wp-json\/wp\/v2\/comments?post=6339"}],"version-history":[{"count":0,"href":"https:\/\/www.vivesur.com\/wpblog\/wp-json\/wp\/v2\/posts\/6339\/revisions"}],"wp:attachment":[{"href":"https:\/\/www.vivesur.com\/wpblog\/wp-json\/wp\/v2\/media?parent=6339"}],"wp:term":[{"taxonomy":"category","embeddable":true,"href":"https:\/\/www.vivesur.com\/wpblog\/wp-json\/wp\/v2\/categories?post=6339"},{"taxonomy":"post_tag","embeddable":true,"href":"https:\/\/www.vivesur.com\/wpblog\/wp-json\/wp\/v2\/tags?post=6339"}],"curies":[{"name":"wp","href":"https:\/\/api.w.org\/{rel}","templated":true}]}}