{"id":6199,"date":"2013-06-28T12:00:46","date_gmt":"2013-06-28T10:00:46","guid":{"rendered":"http:\/\/vivesur.com\/wpblog\/?p=6199"},"modified":"2013-06-28T12:00:46","modified_gmt":"2013-06-28T10:00:46","slug":"viernes-28-de-junio-de-2013","status":"publish","type":"post","link":"https:\/\/www.vivesur.com\/wpblog\/viernes-28-de-junio-de-2013\/","title":{"rendered":"Viernes 28 de Junio de 2013"},"content":{"rendered":"<p>Viernes 28 de Junio de 2013<\/p>\n<p><strong>El valor que ya es tuyo <\/strong><br \/>\n<span style=\"font-size: 12pt;\"><img loading=\"lazy\" src=\"http:\/\/vivesur.com\/wpblog\/wp-content\/uploads\/2013\/06\/wpid-28613-2013-06-28-12-00.jpg\" alt=\"wpid-28613-2013-06-28-12-00.jpg\" width=\"707\" height=\"706\" \/><\/span><br \/>\nDando algo por sentado podr\u00edas llegar a olvidar, muy r\u00e1pidamente, que estaba all\u00ed. Si lo das por sentado durante un tiempo suficientemente largo, la pr\u00f3xima vez que lo busques podr\u00eda haberse ido.<\/p>\n<p>\u00bfPor qu\u00e9 tiene tanta fuerza la gratitud? Porque te mantiene conectado a todas las cosas buenas de tu vida.<\/p>\n<p>No permitas que el inmenso valor que ya es tuyo se pierda por descuido. T\u00f3mate tiempo para recordar, tiempo para celebrar y para valorar, y t\u00f3mate el tiempo para decir gracias.<\/p>\n<p>En lugar de estar anhelando constantemente m\u00e1s, echa una mirada amorosa y agradecida a todo lo que ya tienes. Valorando sinceramente lo que ya es tuyo podr\u00e1s construir a partir de ello para alcanzar cualquier sue\u00f1o que pudieras llegar a imaginar.<\/p>\n<p>Haz que reflexionar cada d\u00eda sobre lo verdaderamente afortunado que eres, se convierta en un h\u00e1bito. Es tu conciencia la que hace que tus m\u00e1s enriquecedoras bendiciones sigan despleg\u00e1ndose y expandi\u00e9ndose a lo largo y a lo ancho de tu mundo.<\/p>\n<p>Observa y reconoce la belleza que ya est\u00e1 all\u00ed, y el valor que ya es tuyo. Es m\u00e1s que suficiente para impulsarte decididamente hacia adelante y pleno de sentido.<\/p>\n<p>Gabriel Sandler<\/p>\n<p>*\u00b4\u00a8) ? H O \u2018 O P O N O P O N O ?<br \/>\n\u00b8.\u2022\u00b4 \u00b8.\u2022*\u00b4\u00a8) \u00b8.\u2022*\u00a8)\u00b8.\u2022*\u00a8)\u00b8.\u2022*\u00a8)\u00b8.\u2022*\u00a8)<br \/>\n(\u00b8.\u2022\u00b4 +LUZ P-H-A-Z y *A*M*O*R*  (\u00b8.\u2022` &lt;3<\/p>\n<p>N S 1. 25. 13. 2. Seli. Obsidiana. Mantra: HRAM. Ra\u00edz (viernes 28-6-2013)<\/p>\n<p>GUERRERO R\u00cdTMICO AMARILLO \u2013 Kin 136 \u2013 Columna M\u00edstica<\/p>\n<p>GUERRERO: Acci\u00f3n: CUESTIONAR. Poder: INTELIGENCIA. Esencia: INTREPIDEZ.<\/p>\n<p>RITMICO: Acci\u00f3n: EQUILIBRAR. Poder: ORGANIZAR. Esencia: IGUALDAD.<\/p>\n<p>C\u00e1mara R\u00edtmica, manda la  Igualdad. Administra el desaf\u00edo.<\/p>\n<p>Faltan 28 d\u00edas. El equilibrio nos llega con el Guerrero, enfrent\u00e1ndonos por las causas justas, evitando las luchas obsoletas que en otras \u00e9pocas fueron importantes, pero no en esta. Si utilizamos la inteligencia divina en nosotros, las estrategias del juego del Mono ser\u00e1n las adecuadas y ganaremos la partida avanzando en consciencia. Lo que queremos es organizarnos la vida de manera que sepamos utilizar el tiempo adecuadamente, poniendo por delante las prioridades del esp\u00edritu para avanzar y evolucionar. CUESTIONAMOS LO QUE CONSIDERAMOS QUE NOS APARTA DEL CAMINO DE LUZ ELEGIDO. POSEEMOS LA INTELIGENCIA SUFICIENTE PARA RECONOCER POR DONDE VAMOS Y HACIA DONDE NOS DIRIJIMOS. \u00bfVAMOS JUNTOS UNOS CON OTROS? \u00bfSOMO CABALLEROS INTR\u00c9PIDOS Y GUERREROS DE LUZ? \u00bfFORMAMOS EL EJ\u00c9RCITO 13 LUNAS CAMINANDO HACIA EL NUEVO CICLO DE 7 BAKTUNES M\u00c1S HASTA EL A\u00d1O 4772?<\/p>\n<p>*\u00b4\u00a8) ? H O \u2018 O P O N O P O N O ?<br \/>\n\u00b8.\u2022\u00b4 \u00b8.\u2022*\u00b4\u00a8) \u00b8.\u2022*\u00a8)\u00b8.\u2022*\u00a8)\u00b8.\u2022*\u00a8)\u00b8.\u2022*\u00a8)<br \/>\n(\u00b8.\u2022\u00b4 +LUZ P-H-A-Z y *A*M*O*R*  (\u00b8.\u2022` &lt;3<\/p>\n<p>Un Curso De Milagros Lecci\u00f3n Del Dia<br \/>\nLECCI\u00d3N 179 \u2013 Dios es s\u00f3lo Amor y, por ende, eso es lo que soy yo.<\/p>\n<p>(167) S\u00f3lo hay una vida, y \u00e9sa es la vida que comparto con Dios.<\/p>\n<p>Dios es s\u00f3lo Amor y, por ende, eso es lo que soy yo.<\/p>\n<p>(168) Tu gracia me es dada.<\/p>\n<p>Dios es s\u00f3lo Amor y, por ende, eso es lo que soy yo.<\/p>\n<p>*\u00b4\u00a8) ? H O \u2018 O P O N O P O N O ?<br \/>\n\u00b8.\u2022\u00b4 \u00b8.\u2022*\u00b4\u00a8) \u00b8.\u2022*\u00a8)\u00b8.\u2022*\u00a8)\u00b8.\u2022*\u00a8)\u00b8.\u2022*\u00a8)<br \/>\n(\u00b8.\u2022\u00b4 +LUZ P-H-A-Z y *A*M*O*R*  (\u00b8.\u2022` &lt;3<\/p>\n<p>Pensamiento del viernes 28 de junio de 2013<\/p>\n<p>\u00bfC\u00f3mo se forma un ni\u00f1o en el seno de una madre? El padre ha puesto la semilla y, durante nueve meses, ella lo envuelve de materia y le da un cuerpo. En el plano espiritual sucede lo mismo, un Maestro, un Iniciado, puede aportar una semilla, una idea sublime y, para que esta idea tome cuerpo, necesita que las mujeres le aporten la materia. Esta materia, son las part\u00edculas et\u00e9reas, los fluidos que emanan de ellas. Un cuerpo de estas caracter\u00edsticas existe primero en lo invisible, pero si nos concentramos en \u00e9l, si lo alimentamos, si trabajamos sobre \u00e9l, desciende progresivamente hasta convertirse en una realidad visible y tangible. Dir\u00e9is que nunca hab\u00e9is o\u00eddo una teor\u00eda tan inveros\u00edmil. Os parece poco cre\u00edble pero es verdadera. El d\u00eda en que, como entidad colectiva, las mujeres acepten ser fertilizadas por la idea del Reino de Dios sobre la tierra c\u00f3mo anunciaba Jes\u00fas, aportar\u00e1n la materia necesaria para su realizaci\u00f3n.<\/p>\n<p>Omraam Mikha\u00ebl A\u00efvanhov<\/p>\n<p>*\u00b4\u00a8) ? H O \u2018 O P O N O P O N O ?<br \/>\n\u00b8.\u2022\u00b4 \u00b8.\u2022*\u00b4\u00a8) \u00b8.\u2022*\u00a8)\u00b8.\u2022*\u00a8)\u00b8.\u2022*\u00a8)\u00b8.\u2022*\u00a8)<br \/>\n(\u00b8.\u2022\u00b4 +LUZ P-H-A-Z y *A*M*O*R*  (\u00b8.\u2022` &lt;3<\/p>\n<p>You cannot worry about someone and love them at the same time. Most people mistake the emotion of worry for the emotion of love. They think that worrying about somebody means that you love them.<\/p>\n<p>&#8212; Abraham<\/p>\n<p>*\u00b4\u00a8) ? H O \u2018 O P O N O P O N O ?<br \/>\n\u00b8.\u2022\u00b4 \u00b8.\u2022*\u00b4\u00a8) \u00b8.\u2022*\u00a8)\u00b8.\u2022*\u00a8)\u00b8.\u2022*\u00a8)\u00b8.\u2022*\u00a8)<br \/>\n(\u00b8.\u2022\u00b4 +LUZ P-H-A-Z y *A*M*O*R*  (\u00b8.\u2022` &lt;3<\/p>\n","protected":false},"excerpt":{"rendered":"<p>Viernes 28 de Junio de 2013 El valor que ya es tuyo Dando algo por sentado podr\u00edas llegar a olvidar, muy r\u00e1pidamente, que estaba all\u00ed. Si lo das por sentado&hellip; <a href=\"https:\/\/www.vivesur.com\/wpblog\/viernes-28-de-junio-de-2013\/\" class=\"apace-readmore-link\">Read more<\/a><\/p>\n","protected":false},"author":1,"featured_media":0,"comment_status":"open","ping_status":"open","sticky":false,"template":"","format":"standard","meta":[],"categories":[1,8],"tags":[],"_links":{"self":[{"href":"https:\/\/www.vivesur.com\/wpblog\/wp-json\/wp\/v2\/posts\/6199"}],"collection":[{"href":"https:\/\/www.vivesur.com\/wpblog\/wp-json\/wp\/v2\/posts"}],"about":[{"href":"https:\/\/www.vivesur.com\/wpblog\/wp-json\/wp\/v2\/types\/post"}],"author":[{"embeddable":true,"href":"https:\/\/www.vivesur.com\/wpblog\/wp-json\/wp\/v2\/users\/1"}],"replies":[{"embeddable":true,"href":"https:\/\/www.vivesur.com\/wpblog\/wp-json\/wp\/v2\/comments?post=6199"}],"version-history":[{"count":0,"href":"https:\/\/www.vivesur.com\/wpblog\/wp-json\/wp\/v2\/posts\/6199\/revisions"}],"wp:attachment":[{"href":"https:\/\/www.vivesur.com\/wpblog\/wp-json\/wp\/v2\/media?parent=6199"}],"wp:term":[{"taxonomy":"category","embeddable":true,"href":"https:\/\/www.vivesur.com\/wpblog\/wp-json\/wp\/v2\/categories?post=6199"},{"taxonomy":"post_tag","embeddable":true,"href":"https:\/\/www.vivesur.com\/wpblog\/wp-json\/wp\/v2\/tags?post=6199"}],"curies":[{"name":"wp","href":"https:\/\/api.w.org\/{rel}","templated":true}]}}