{"id":6003,"date":"2013-04-04T16:25:28","date_gmt":"2013-04-04T14:25:28","guid":{"rendered":"http:\/\/vivesur.com\/wpblog\/?p=6003"},"modified":"2013-04-04T16:25:28","modified_gmt":"2013-04-04T14:25:28","slug":"jesus-quintero-entrevista-a-antonio-gala","status":"publish","type":"post","link":"https:\/\/www.vivesur.com\/wpblog\/jesus-quintero-entrevista-a-antonio-gala\/","title":{"rendered":"Jes\u00fas Quintero entrevista a Antonio Gala"},"content":{"rendered":"<p>Jes\u00fas Quintero entrevista una vez m\u00e1s a Antonio Gala. Anteriormente ya lo hab\u00eda entrevistado -al menos, una vez- en todos y cada uno de sus programas. Incluso le dedic\u00f3 una serie completa, \u201cTrece noches\u201d, en la que el \u00fanico invitado era el maestro cordob\u00e9s.<br \/>\n<span style=\"font-size: 12pt;\"><img loading=\"lazy\" src=\"http:\/\/vivesur.com\/wpblog\/wp-content\/uploads\/2013\/04\/wpid-quingalatero_gala734_n-2013-04-4-16-25.jpg\" alt=\"wpid-quingalatero_gala734_n-2013-04-4-16-25.jpg\" width=\"814\" height=\"458\" \/><\/span><br \/>\nLa diferencia de esta entrevista que emite Canal Sur Televisi\u00f3n el mi\u00e9rcoles 3 de abril (22:50 horas) con todas las dem\u00e1s estriba en que, en esta ocasi\u00f3n, Antonio Gala habla desde la enfermedad \u2013est\u00e1 gravemente enfermo- por lo que sus palabras, en tono de despedida, suenan m\u00e1s rotundas y m\u00e1s verdaderas. Quiz\u00e1 porque intuimos que estamos en la hora de las verdades del barquero.<\/p>\n<p>El mismo t\u00edtulo del programa, \u201cNo os molest\u00e9is, conozco la salida\u201d \u2013t\u00edtulo elegido finalmente por Gala para su muy esperada y poco probable autobiograf\u00eda- da idea del car\u00e1cter testamentario de estas declaraciones. El Gala m\u00e1s rebelde, m\u00e1s iconoclasta, m\u00e1s desenga\u00f1ado, m\u00e1s duro y m\u00e1s aut\u00e9ntico, el que sin ret\u00f3rica llama a los sinverg\u00fcenzas sinverg\u00fcenzas y abomina de esta Espa\u00f1a en que la gente se suicida porque la echan de sus casas, se ofrece \u201ccasi desnudo, como los hijos de la mar\u201d, en esta entrevista, que sin duda supone un documento y un testimonio de indudable valor.<\/p>\n<p>El programa se enriquece con divertidos, ingeniosos, po\u00e9ticos y profundos fragmentos de otras entrevistas anteriores hechas por Jes\u00fas Quintero a Antonio Gala. En definitiva, una charla de dos viejos amigos en la hora de la verdad, donde el mejor Antonio Gala brilla esta vez por su cruda sinceridad y su valent\u00eda.<\/p>\n<p>Fuente: www.canalsur.es<\/p>\n","protected":false},"excerpt":{"rendered":"<p>Jes\u00fas Quintero entrevista una vez m\u00e1s a Antonio Gala. Anteriormente ya lo hab\u00eda entrevistado -al menos, una vez- en todos y cada uno de sus programas. Incluso le dedic\u00f3 una&hellip; <a href=\"https:\/\/www.vivesur.com\/wpblog\/jesus-quintero-entrevista-a-antonio-gala\/\" class=\"apace-readmore-link\">Read more<\/a><\/p>\n","protected":false},"author":1,"featured_media":0,"comment_status":"open","ping_status":"open","sticky":false,"template":"","format":"standard","meta":[],"categories":[1,8],"tags":[],"_links":{"self":[{"href":"https:\/\/www.vivesur.com\/wpblog\/wp-json\/wp\/v2\/posts\/6003"}],"collection":[{"href":"https:\/\/www.vivesur.com\/wpblog\/wp-json\/wp\/v2\/posts"}],"about":[{"href":"https:\/\/www.vivesur.com\/wpblog\/wp-json\/wp\/v2\/types\/post"}],"author":[{"embeddable":true,"href":"https:\/\/www.vivesur.com\/wpblog\/wp-json\/wp\/v2\/users\/1"}],"replies":[{"embeddable":true,"href":"https:\/\/www.vivesur.com\/wpblog\/wp-json\/wp\/v2\/comments?post=6003"}],"version-history":[{"count":0,"href":"https:\/\/www.vivesur.com\/wpblog\/wp-json\/wp\/v2\/posts\/6003\/revisions"}],"wp:attachment":[{"href":"https:\/\/www.vivesur.com\/wpblog\/wp-json\/wp\/v2\/media?parent=6003"}],"wp:term":[{"taxonomy":"category","embeddable":true,"href":"https:\/\/www.vivesur.com\/wpblog\/wp-json\/wp\/v2\/categories?post=6003"},{"taxonomy":"post_tag","embeddable":true,"href":"https:\/\/www.vivesur.com\/wpblog\/wp-json\/wp\/v2\/tags?post=6003"}],"curies":[{"name":"wp","href":"https:\/\/api.w.org\/{rel}","templated":true}]}}