{"id":5999,"date":"2013-03-24T12:12:44","date_gmt":"2013-03-24T10:12:44","guid":{"rendered":"http:\/\/vivesur.com\/wpblog\/?p=5999"},"modified":"2013-03-24T12:12:44","modified_gmt":"2013-03-24T10:12:44","slug":"pensamiento-del-domingo-24-de-marzo-de-2013","status":"publish","type":"post","link":"https:\/\/www.vivesur.com\/wpblog\/pensamiento-del-domingo-24-de-marzo-de-2013\/","title":{"rendered":"Pensamiento del domingo 24 de marzo de 2013"},"content":{"rendered":"<p>&lt;3 Pensamiento del domingo 24 de marzo de 2013<br \/>\n<span style=\"font-size: 12pt;\"><img loading=\"lazy\" src=\"http:\/\/vivesur.com\/wpblog\/wp-content\/uploads\/2013\/04\/wpid-2DSC00298-2013-03-24-11-12.jpg\" alt=\"wpid-2DSC00298-2013-03-24-11-12.jpg\" width=\"814\" height=\"610\" \/><\/span><br \/>\n\u00bfQu\u00e9 hace la tierra girando alrededor del sol? Baila. Cada d\u00eda baila sin descanso. El d\u00eda que no baile, morir\u00e1. Tambi\u00e9n nosotros, para no morir, para vivir la verdadera vida, aprendemos a bailar cada ma\u00f1ana ante el sol. Bailar ante el sol significa esforzarse para vibrar al un\u00edsono con esta luz que fluye e invade el espacio. La aurora es ese momento sagrado para el que debemos ya prepararnos durante la v\u00edspera a fin de recibir los rayos del sol con plena conciencia y \u00e9sta es tambi\u00e9n la verdadera comuni\u00f3n. No se trata de menospreciar la comuni\u00f3n de los cristianos con el pan y el vino: \u00e9sta alimenta el alma de los que comprenden estos s\u00edmbolos. Pero antes de estar en el pan y el vino, el cuerpo y la sangre de Cristo est\u00e1n en el universo, y comulgamos con ellos a trav\u00e9s de la luz y del calor del sol.<\/p>\n<p>Omraam Mikha\u00ebl A\u00efvanhov<\/p>\n<p> <span style=\"color: rgb(173,75,253);\">*\u00b4\u00a8) <\/span> <span style=\"color: rgb(253,33,15);\">?<\/span> <span style=\"color: rgb(255,62,228);\"><strong>H O &#8216; O P O N O P O N O<\/strong><\/span> <span style=\"color: rgb(253,33,15);\">?<\/span><br \/>\n <span style=\"color: rgb(173,75,253);\">\u00b8.\u2022\u00b4 \u00b8.\u2022*\u00b4\u00a8) \u00b8.\u2022*\u00a8)\u00b8.\u2022*\u00a8)\u00b8.\u2022*\u00a8)\u00b8.\u2022*\u00a8)<br \/>\n(\u00b8.\u2022\u00b4 <\/span> <span style=\"color: rgb(253,208,16);\">+LUZ<\/span>   <span style=\"color: rgb(41,255,86);\">P+A+Z  <\/span><span style=\"color: rgb(173,75,253);\">y<\/span>  <span style=\"color: rgb(237,108,255);\">A*M*O*R <\/span>  <span style=\"color: rgb(173,75,253);\">(\u00b8.\u2022`<\/span><\/p>\n<p>N S 1. 25. 9. 18. Kali. Plata. Mantra: HRIM. Centro Secreto (domingo 24-3-2013)<br \/>\n<strong>SOL MAGN\u00c9TICO AMARILLO \u2013 Kin 40 \u2013 Pacal Votan<br \/>\n<\/strong>SOL: Acci\u00f3n: ILUMINAR. Poder: FUEGO UNIVERSAL. Esencia: VIDA.<br \/>\nMAGN\u00c9TICO: Acci\u00f3n: ATRAER. Poder: UNIFICAR. Esencia: PROP\u00d3SITO.<br \/>\nP\u00f3rtico  Magn\u00e9tico, identifica el Prop\u00f3sito. \u00bfCu\u00e1l es mi meta?<br \/>\nFaltan 124 d\u00edas para el inicio del Nuevo Ciclo el 26-7-2013. Seguimos en la Luna Solar del Jaguar de la Intenci\u00f3n. Iniciamos la Onda Encantada del Sol Amarillo, de refinar, la 4\u00aa del Tzolkin y la \u00faltima del Castillo Rojo del Este, Corte del Nacimiento. El Sol es el sello n\u00ba 20 y \u00faltimo, pero a la vez el 0 y el primero. Es el origen y final de la vida. Durante toda esta onda, seguimos cubicando la Tierra y proyectando el color AMARILLO a la izquierda. Recordamos que ya tenemos colocado el rojo en la base y el naranja en el lado derecho. El Arquetipo gal\u00e1ctico del Sol es el Iluminado, el 20 (ver los 13 Arquetipos gal\u00e1cticos de esta onda en <a href=\"http:\/\/ondaencantada.com\/wp-content\/uploads\/2012\/11\/21-Arquetipos-Gal\u00e1cticos.pdf\">http:\/\/ondaencantada.com\/wp-content\/uploads\/2012\/11\/21-Arquetipos-Gal%C3%A1cticos.pdf<\/a> ).<br \/>\nTodo en la Tierra tiene un origen solar, puesto que no existir\u00edamos sin el Sol. Nos ilumina y permite que la vida sea. \u00a1Qu\u00e9 maravilla percibir los rayos de Sol! \u00a1La luz que de ellos emana, es tan perfecta y n\u00edtida! Ninguna otra fuente de iluminaci\u00f3n artificial se puede parecer a ella. Nos acompa\u00f1a durante toda nuestra vida, desde que nacemos hasta el d\u00eda en que acaban nuestras respiraciones y nos marchamos.  La vida como la conocemos no podr\u00eda existir sin su luminosa presencia.<br \/>\nAhora vamos al interior del ser. All\u00ed mora nuestro peque\u00f1o Sol interior, con las mismas potencialidades que el exterior, pero para el crecimiento individual espiritual. Nos acompa\u00f1a en el camino de vuelta a casa, al cielo, a Dios\u2026 Y all\u00ed, en el otro lado, seguimos el curso de la evoluci\u00f3n del esp\u00edritu. Nos ense\u00f1an lo que hemos hecho durante esta vida, y a partir de ah\u00ed analizamos si lo pod\u00edamos haber hecho de otra forma y manera. Y, si todav\u00eda nos quedan flecos sueltos por atar, volvemos a nacer para solucionarlos y seguir ascendiendo hasta la ILIMINACI\u00d3N COMPLETA.<br \/>\n  La vida es lo m\u00e1s importante que tenemos como humanos. La consciencia con la que nos manejamos por ella es el resultado de las experiencias vividas del pasado. La evoluci\u00f3n es personal, s\u00f3lo uno puede hacer por \u00e9l mismo. Los dem\u00e1s est\u00e1n a nuestro alrededor mostr\u00e1ndonos y ense\u00f1\u00e1ndonos el resultado de nuestras decisiones. Lo que nos importa es tener la certeza de que nos movemos por nuestra propia decisi\u00f3n, sin que nos obligue nada ni nadie. Es el \u00fanico modo en que nos sentiremos verdaderos responsables de las acciones que realizamos y las decisiones que tomamos.<br \/>\n El Sol, es qui\u00e9n nos muestra el camino de luz, cuando desde la oscuridad de una encrucijada no sabemos por donde seguir. Nos dice que, con calma, se pueden ver muchas m\u00e1s soluciones a cualquier problema, s\u00f3lo observando desde el Sol interior. Podemos pedir ayudas externas a terapeutas, amigos o familiares, pero en realidad la respuesta se encuentra dentro de nosotros, ya que tiene relaci\u00f3n con lo que hemos sido y somos. Cada ser humano es diferente a otro. No hay dos iguales aunque sean gemelos. Por esta raz\u00f3n, las experiencias tienen que ser totalmente personales.<br \/>\n Cuando llegamos al Sol, hemos recorrido los 19 pasos previos de los otros sellos, entonces podemos tener la facultad de abarcar y generar el ciclo completo, con conocimiento y sabidur\u00eda; se trata de conseguir la mente solar. \u00bfTenemos la capacidad de considerar al Sol como algo m\u00e1s que una bola de fuego incandescente? \u00bfNos consideramos seres solares? \u00bfSabemos iluminar con nuestro Sol interior nuestra propia vida? \u00bfHemos podido tambi\u00e9n dar esa luz a otras personas para que puedan ver con claridad? \u00bfDialogo con el Sol, reconociendo que tiene inteligencia superior? \u00bfPuedo darme cuenta que lo que identifico como mi Sol interior, podr\u00eda ser la presencia de Dios en m\u00ed?<br \/>\n El Sol exterioriza sus tormentas solares, en donde env\u00eda a los planetas que le circundan, masa solar conteniendo informaci\u00f3n que necesitan para evolucionar en consciencia. Cuando llega a la Tierra, trae nuevas maneras de ver y vivir que los seres vivos tienen que decodificar y aplicar.<br \/>\n EL SOL MERECE EL AMOR Y RESPETO NUESTRO. LA LUZ Y EL CALOR QUE EMANA, ES PARA QUE PODAMOS VIVIR AQU\u00cd. NOSOTROS DEBEMOS HACER LO MISMO EN NUESTRO ENTORNO: ILUMINAR ALL\u00c1 A DONDE VAMOS. QUE LOS QUE NOS CONOZCAN PUEDAN DECIR: ALLI VIENE UN KIN PLANETARIO A TRAER LA LUZ QUE ES PARA QUE NOS AYUDE A LOS DEM\u00c1S A LOGRARLA. QUIZ\u00c1S NO LO DIGAN CONSCIENTEMENTE, PERO S\u00cd DESDE SU SER INTERIOR RECONOZCAN ESA ENERG\u00cdA. \u00a1SOY COMO EL SOL QUE ILUMINA EL AMANECER DE UN NUEVO D\u00cdA!<br \/>\n  <span style=\"color: rgb(173,75,253);\">*\u00b4\u00a8) <\/span> <span style=\"color: rgb(253,33,15);\">?<\/span> <span style=\"color: rgb(255,62,228);\"><strong>H O &#8216; O P O N O P O N O<\/strong><\/span> <span style=\"color: rgb(253,33,15);\">?<\/span><br \/>\n <span style=\"color: rgb(173,75,253);\">\u00b8.\u2022\u00b4 \u00b8.\u2022*\u00b4\u00a8) \u00b8.\u2022*\u00a8)\u00b8.\u2022*\u00a8)\u00b8.\u2022*\u00a8)\u00b8.\u2022*\u00a8)<br \/>\n(\u00b8.\u2022\u00b4 <\/span> <span style=\"color: rgb(253,208,16);\">+LUZ<\/span>   <span style=\"color: rgb(41,255,86);\">P+A+Z  <\/span><span style=\"color: rgb(173,75,253);\">y<\/span>  <span style=\"color: rgb(237,108,255);\">A*M*O*R <\/span>  <span style=\"color: rgb(173,75,253);\">(\u00b8.\u2022`<\/span><\/p>\n<p>Un Curso De Milagros Lecci\u00f3n Del Dia<br \/>\nLECCI\u00d3N 83<\/p>\n<p>Hoy repasamos estas ideas:<\/p>\n<p>(65) Mi \u00fanica funci\u00f3n es la que Dios me dio.<\/p>\n<p>No tengo otra funci\u00f3n salvo la que Dios me dio. Este reconocimiento me libera de todo conflicto porque significa que no puedo tener metas conflictivas. Al tener un solo prop\u00f3sito, siempre estoy seguro de lo que debo hacer, de lo que debo decir y de lo que debo pensar. toda duda no puede sino desaparecer cuando reconozco que mi \u00fanica funci\u00f3n es la que Dios me dio.<\/p>\n<p>Las aplicaciones m\u00e1s concretas de esta idea podr\u00edan hacerse con las siguientes variaciones:<\/p>\n<p>Mi percepci\u00f3n de esto no altera mi funci\u00f3n.<br \/>\nEsto no me confiere una funci\u00f3n distinta de la que Dios me dio.<br \/>\nNo me valdr\u00e9 de esto para justificar una funci\u00f3n que Dios no me dio.<\/p>\n<p>(66) Mi funci\u00f3n y mi felicidad son una.<\/p>\n<p>Todas las cosas que proceden de Dios son una. Proceden de la Unicidad y tienen que ser recibidas cual una sola. Desempe\u00f1ar mi funci\u00f3n es mi felicidad porque ambas cosas proceden de la misma Fuente. Y debo aprender a reconocer lo que me hace feliz, si es que he de encontrar la felicidad.<br \/>\nAlgunas variaciones \u00fatiles para aplicar concretamente esta idea podr\u00edan ser:<\/p>\n<p>Esto no puede separar mi felicidad de mi funci\u00f3n.<br \/>\nLa unidad que existe entre mi felicidad y mi funci\u00f3n no se ve afectada en modo alguno por esto.<br \/>\nNada, incluido esto, puede justificar la ilusi\u00f3n de que Puedo ser feliz si dejo de cumplir mi funci\u00f3n.<\/p>\n<p> <span style=\"color: rgb(173,75,253);\">*\u00b4\u00a8) <\/span> <span style=\"color: rgb(253,33,15);\">?<\/span> <span style=\"color: rgb(255,62,228);\"><strong>H O &#8216; O P O N O P O N O<\/strong><\/span> <span style=\"color: rgb(253,33,15);\">?<\/span><br \/>\n <span style=\"color: rgb(173,75,253);\">\u00b8.\u2022\u00b4 \u00b8.\u2022*\u00b4\u00a8) \u00b8.\u2022*\u00a8)\u00b8.\u2022*\u00a8)\u00b8.\u2022*\u00a8)\u00b8.\u2022*\u00a8)<br \/>\n(\u00b8.\u2022\u00b4 <\/span> <span style=\"color: rgb(253,208,16);\">+LUZ<\/span>   <span style=\"color: rgb(41,255,86);\">P+A+Z  <\/span><span style=\"color: rgb(173,75,253);\">y<\/span>  <span style=\"color: rgb(237,108,255);\">A*M*O*R <\/span>  <span style=\"color: rgb(173,75,253);\">(\u00b8.\u2022`<\/span><\/p>\n<p>When you take the problems of the world on your shoulders, your body doesn&#8217;t feel good. It&#8217;s just that simple. Leave the problems of the world to the individual problem-makers of the world, and you be the joy-seeker that you are. Abraham<br \/>\n <span style=\"color: rgb(173,75,253);\">*\u00b4\u00a8) <\/span> <span style=\"color: rgb(253,33,15);\">?<\/span> <span style=\"color: rgb(255,62,228);\"><strong>H O &#8216; O P O N O P O N O<\/strong><\/span> <span style=\"color: rgb(253,33,15);\">?<\/span><br \/>\n <span style=\"color: rgb(173,75,253);\">\u00b8.\u2022\u00b4 \u00b8.\u2022*\u00b4\u00a8) \u00b8.\u2022*\u00a8)\u00b8.\u2022*\u00a8)\u00b8.\u2022*\u00a8)\u00b8.\u2022*\u00a8)<br \/>\n(\u00b8.\u2022\u00b4 <\/span> <span style=\"color: rgb(253,208,16);\">+LUZ<\/span>   <span style=\"color: rgb(41,255,86);\">P+A+Z  <\/span><span style=\"color: rgb(173,75,253);\">y<\/span>  <span style=\"color: rgb(237,108,255);\">A*M*O*R <\/span>  <span style=\"color: rgb(173,75,253);\">(\u00b8.\u2022`<\/span> &lt;3<\/p>\n","protected":false},"excerpt":{"rendered":"<p>&lt;3 Pensamiento del domingo 24 de marzo de 2013 \u00bfQu\u00e9 hace la tierra girando alrededor del sol? Baila. Cada d\u00eda baila sin descanso. El d\u00eda que no baile, morir\u00e1. Tambi\u00e9n&hellip; <a href=\"https:\/\/www.vivesur.com\/wpblog\/pensamiento-del-domingo-24-de-marzo-de-2013\/\" class=\"apace-readmore-link\">Read more<\/a><\/p>\n","protected":false},"author":1,"featured_media":0,"comment_status":"open","ping_status":"open","sticky":false,"template":"","format":"standard","meta":[],"categories":[1,8],"tags":[],"_links":{"self":[{"href":"https:\/\/www.vivesur.com\/wpblog\/wp-json\/wp\/v2\/posts\/5999"}],"collection":[{"href":"https:\/\/www.vivesur.com\/wpblog\/wp-json\/wp\/v2\/posts"}],"about":[{"href":"https:\/\/www.vivesur.com\/wpblog\/wp-json\/wp\/v2\/types\/post"}],"author":[{"embeddable":true,"href":"https:\/\/www.vivesur.com\/wpblog\/wp-json\/wp\/v2\/users\/1"}],"replies":[{"embeddable":true,"href":"https:\/\/www.vivesur.com\/wpblog\/wp-json\/wp\/v2\/comments?post=5999"}],"version-history":[{"count":0,"href":"https:\/\/www.vivesur.com\/wpblog\/wp-json\/wp\/v2\/posts\/5999\/revisions"}],"wp:attachment":[{"href":"https:\/\/www.vivesur.com\/wpblog\/wp-json\/wp\/v2\/media?parent=5999"}],"wp:term":[{"taxonomy":"category","embeddable":true,"href":"https:\/\/www.vivesur.com\/wpblog\/wp-json\/wp\/v2\/categories?post=5999"},{"taxonomy":"post_tag","embeddable":true,"href":"https:\/\/www.vivesur.com\/wpblog\/wp-json\/wp\/v2\/tags?post=5999"}],"curies":[{"name":"wp","href":"https:\/\/api.w.org\/{rel}","templated":true}]}}