{"id":5953,"date":"2013-03-23T12:14:02","date_gmt":"2013-03-23T11:14:02","guid":{"rendered":"http:\/\/vivesur.com\/wpblog\/?p=5953"},"modified":"2013-03-23T12:14:02","modified_gmt":"2013-03-23T11:14:02","slug":"sabado-23-de-marzo-de-2013","status":"publish","type":"post","link":"https:\/\/www.vivesur.com\/wpblog\/sabado-23-de-marzo-de-2013\/","title":{"rendered":"S\u00e1bado 23 de Marzo de 2013"},"content":{"rendered":"<p>S\u00e1bado 23 de Marzo de 2013<br \/>\n<strong>Usa lo que tienes<br \/>\n<\/strong><span style=\"font-size: 12pt;\"><img loading=\"lazy\" src=\"http:\/\/vivesur.com\/wpblog\/wp-content\/uploads\/2013\/03\/wpid-23313-2013-03-23-12-14.jpg\" alt=\"wpid-23313-2013-03-23-12-14.jpg\" width=\"814\" height=\"816\" \/><\/span><br \/>\nNo pierdas mucho tiempo juzgando cu\u00e1nto tienes. En cambio, aprov\u00e9chalo.<br \/>\nDeja de quejarte porque no es suficiente o porque no es justo. Tan s\u00f3lo ponte a trabajar y aprovecha al m\u00e1ximo lo que si tienes.<br \/>\nLuchar contra lo que ya es como es, s\u00f3lo te har\u00e1 ir m\u00e1s despacio. En cambio, aprovecha bien y productivamente lo que ya tienes, sea lo que fuere que pudiera ser, y descubrir\u00e1s muchas maneras de avanzar.<br \/>\nSi esperas hasta que las cosas sean perfectas para poner manos a la obra, ese d\u00eda nunca llegar\u00e1. Aprovecha lo que tienes, as\u00ed de imperfecto y deficiente como pueda parecer, y muy pronto estar\u00e1s haci\u00e9ndole mejoras incre\u00edbles.<br \/>\nNo te preocupes por comparar lo que t\u00fa tienes con lo que otros pudieran tener o dejar de tener. Tan s\u00f3lo enc\u00e1rgate de hacer lo mejor que puedas hacer.<br \/>\nEmpieza all\u00ed donde te encuentras, con lo que sea que tengas, y lleva cabo con perseverancia, eso que t\u00fa sabes que debes hacer. No existir\u00e1n l\u00edmites en cuanto a d\u00f3nde podr\u00e1s llegar. Gabriel S.<br \/>\n <span style=\"color: rgb(173,75,253);\">*\u00b4\u00a8) <\/span> <span style=\"color: rgb(253,33,15);\">?<\/span> <span style=\"color: rgb(255,62,228);\"><strong>H O &#8216; O P O N O P O N O<\/strong><\/span> <span style=\"color: rgb(253,33,15);\">?<\/span><br \/>\n <span style=\"color: rgb(173,75,253);\">\u00b8.\u2022\u00b4 \u00b8.\u2022*\u00b4\u00a8) \u00b8.\u2022*\u00a8)\u00b8.\u2022*\u00a8)\u00b8.\u2022*\u00a8)\u00b8.\u2022*\u00a8)<br \/>\n(\u00b8.\u2022\u00b4 <\/span> <span style=\"color: rgb(253,208,16);\">+LUZ<\/span>   <span style=\"color: rgb(41,255,86);\">P+A+Z  <\/span><span style=\"color: rgb(173,75,253);\">y<\/span>  <span style=\"color: rgb(237,108,255);\">A*M*O*R <\/span>  <span style=\"color: rgb(173,75,253);\">(\u00b8.\u2022`<\/span><\/p>\n<p>N S 1. 25. 9. 17. Gama. Cristal. Mantra: HRAHA. Tercer Ojo (s\u00e1bado 23-3-2013)<\/p>\n<p><strong>TORMENTA C\u00d3SMICA AZUL \u2013  Kin 39 \u2013 Portal de Activaci\u00f3n Gal\u00e1ctica<br \/>\n<\/strong><br \/>\nTORMENTA: Acci\u00f3n: CATALIZAR. Poder: AUTO GENERACI\u00d3N. Esencia: ENERG\u00cdA.<\/p>\n<p>C\u00d3SMICO: Acci\u00f3n: TRASCENDER. Poder: PERDURAR. Esencia: PRESENCIA.<\/p>\n<p>El P\u00f3rtico C\u00f3smico, toma el vuelo m\u00e1gico. Retorno magn\u00e9tico.<\/p>\n<p>Faltan 125 d\u00edas. Vinal 13 MAC, \u201cCerrando el lugar equivocado y entrando en trance\u201d. Hoy, con la Tormenta en el tono 13, terminamos la onda de la Mano. Para trascender necesitamos autogenerarnos, cambiar, ascender en consciencia. Todo el proceso del humano en la Tierra es para evolucionar. Se trata de dejar atr\u00e1s las emociones, recuerdos, acciones y pensamientos que han supuesto una carga k\u00e1rmica, y que hemos tenido que ir eliminando vida tras vida. La luz, va llegando a nosotros cada vez con m\u00e1s nitidez. Lo que aprendemos nos acompa\u00f1a, es un tema ya solucionado, y de esa manera  ayuda a resolver otros temas todav\u00eda  pendientes. El manejo de la energ\u00eda es fundamental, siendo la clave de la evoluci\u00f3n. \u00bfQu\u00e9 entendemos por energ\u00eda? Todo es energ\u00eda: la palabra, los gestos, las acciones, lo que nos cuentan los sentidos, lo que pensamos y creemos que no afecta a nadie\u2026 Nuestro comportamientos a lo largo de la historia ha ido cambiando, y la Tormenta ha sido el catalizador de esos cambios. En estos momentos, el hombre cree que lo controla todo. Ha creado muchas m\u00e1quinas y piensa que con ellas puede dominar el mundo\u2026, pero no es as\u00ed\u2026, la naturaleza sigue siendo la que manda en el planeta. Por mucho que cambiemos un lugar concreto, viene ella con su poder de autogeneraci\u00f3n, y vuelve a dejarlo todo como estaba anteriormente. La creaci\u00f3n del hombre, se desvanece ante su poder\u00edo. Para terminar, recordemos que la utilizaci\u00f3n de las Manos ha proporcionado a la humanidad la posibilidad de dar grandes avances, y en estos momentos no va a ser menos.  En los 20 Poderes del 13 de Quetzalc\u00f3atl,  hoy en la 2\u00aa etapa, se Alcanza el Poder de la Muerte C\u00f3smica, ver:  <a href=\"http:\/\/ondaencantada.com\/wp-content\/uploads\/2012\/05\/Los-20-Poderes-del-13-de-Quetzalc\u00f3atl.pdf\">http:\/\/ondaencantada.com\/wp-content\/uploads\/2012\/05\/Los-20-Poderes-del-13-de-Quetzalc%C3%B3atl.pdf<\/a> . PODEMOS ACEPTAR QUE UNA TORMENTA SE ACERCA A NUESTRO ENTORNO Y NOS SACUDE. LA MIRAMOS CON RECELO, QUEREMOS ESCAPAR, PERO EN EL FONDO DEL CORAZ\u00d3N, RECONOCEMOS QUE LA NECESITAMOS. NOS HEMOS ANCLADO Y PRECISAMOS SALIR DE ESE ESTADO DE APAT\u00cdA. \u00a1SACAMOS EL CONOCIMIENTO INTERIOR, NOS PREPARAMOS PARA ENFRENTARNOS A LA TORMENTA! \u00a1YA HA PASADO, AHORA VIENE LA CALMA! \u00a1DIOS AY\u00daDAME A LIMPIAR MI CASA!<\/p>\n<p>Y DESDE AQU\u00cd NOS TRASLADAMOS C\u00d3SMICAMENTE A LA ONDA ENCANTADA DEL SOL AMARILLO Y HACEMOS EL RETORNO MAGN\u00c9TICO<\/p>\n<p> <span style=\"color: rgb(173,75,253);\">*\u00b4\u00a8) <\/span> <span style=\"color: rgb(253,33,15);\">?<\/span> <span style=\"color: rgb(255,62,228);\"><strong>H O &#8216; O P O N O P O N O<\/strong><\/span> <span style=\"color: rgb(253,33,15);\">?<\/span><br \/>\n <span style=\"color: rgb(173,75,253);\">\u00b8.\u2022\u00b4 \u00b8.\u2022*\u00b4\u00a8) \u00b8.\u2022*\u00a8)\u00b8.\u2022*\u00a8)\u00b8.\u2022*\u00a8)\u00b8.\u2022*\u00a8)<br \/>\n(\u00b8.\u2022\u00b4 <\/span> <span style=\"color: rgb(253,208,16);\">+LUZ<\/span>   <span style=\"color: rgb(41,255,86);\">P+A+Z  <\/span><span style=\"color: rgb(173,75,253);\">y<\/span>  <span style=\"color: rgb(237,108,255);\">A*M*O*R <\/span>  <span style=\"color: rgb(173,75,253);\">(\u00b8.\u2022`<\/span> &lt;3<\/p>\n<p>Un Curso De Milagros Lecci\u00f3n Del Dia<br \/>\nLECCI\u00d3N 82<\/p>\n<p>Hoy repasaremos estas ideas<\/p>\n<p>(63) La luz del mundo le brinda paz a todas las mentes a trav\u00e9s de mi perd\u00f3n.<\/p>\n<p>Mi perd\u00f3n es el medio por el que la luz del mundo se expresa a trav\u00e9s de Mi. Mi perd\u00f3n es el medio por el que cobro conciencia de la luz del mundo en Mi. Mi perd\u00f3n es el medio por el que el mundo sana, junto conmigo. Perm\u00edtaseme, entonces, perdonar al mundo para que \u00e9ste pueda sanar junto conmigo.<\/p>\n<p>Algunas sugerencias para las aplicaciones concretas de esta idea son:<\/p>\n<p>Que la paz se extienda desde mi mente hasta la tuya, [nombre].<\/p>\n<p>Comparto la luz del mundo contigo, [nombre].<\/p>\n<p>Mediante mi perd\u00f3n puedo ver esto tal como es.<\/p>\n<p>(64) No dejes que me olvide de mi funci\u00f3n.<\/p>\n<p>No me olvidar\u00e9 de mi funci\u00f3n porque quiero recordar mi Ser. No puedo desempe\u00f1ar mi funci\u00f3n si la olvido. Y a menos que desempe\u00f1e mi funci\u00f3n, no experimentar\u00e9 la dicha que Dios dispone que yo tenga.<br \/>\nAlgunas variaciones especificas de esta idea son:<\/p>\n<p>No me valdr\u00e9 de esto para ocultarme a mi mismo mi funci\u00f3n.<\/p>\n<p>Me valdr\u00e9 de esto como una oportunidad para desempe\u00f1ar mi funci\u00f3n.<\/p>\n<p>Esto podr\u00e1 ser una amenaza para mi ego, pero no puede alterar mi funci\u00f3n en modo alguno.<\/p>\n<p> <span style=\"color: rgb(173,75,253);\">*\u00b4\u00a8) <\/span> <span style=\"color: rgb(253,33,15);\">?<\/span> <span style=\"color: rgb(255,62,228);\"><strong>H O &#8216; O P O N O P O N O<\/strong><\/span> <span style=\"color: rgb(253,33,15);\">?<\/span><br \/>\n <span style=\"color: rgb(173,75,253);\">\u00b8.\u2022\u00b4 \u00b8.\u2022*\u00b4\u00a8) \u00b8.\u2022*\u00a8)\u00b8.\u2022*\u00a8)\u00b8.\u2022*\u00a8)\u00b8.\u2022*\u00a8)<br \/>\n(\u00b8.\u2022\u00b4 <\/span> <span style=\"color: rgb(253,208,16);\">+LUZ<\/span>   <span style=\"color: rgb(41,255,86);\">P+A+Z  <\/span><span style=\"color: rgb(173,75,253);\">y<\/span>  <span style=\"color: rgb(237,108,255);\">A*M*O*R <\/span>  <span style=\"color: rgb(173,75,253);\">(\u00b8.\u2022`<\/span><\/p>\n<p>Pensamiento del S\u00e1bado 23 de marzo de 2013<\/p>\n<p>El ser humano ha sido preparado por el Creador para vivir en diferentes planos. Primero vive en el plano f\u00edsico (su cuerpo), en los planos astral (el coraz\u00f3n), mental (el intelecto) y, mediante sus cuerpos sutiles (los cuerpos causal, b\u00fadico y \u00e1tmico), vive en el plano espiritual, participa de la vida divina. Todas las corrientes que circulan en el mundo espiritual llegan hasta \u00e9l, pero como ha dejado acumularse en estos cuerpos ps\u00edquicos toda clase de impurezas, \u00e9stas han acabado por formar capas opacas que son un obst\u00e1culo para la luz y est\u00e1 m\u00e1s expuesto a las corrientes negativas que recorren la atm\u00f3sfera ps\u00edquica. En el transcurso de un d\u00eda, puede suceder que, de repente, pas\u00e9is por diferentes estados y no comprend\u00e1is siempre la causa. Estabais tranquilos, serenos y de pronto os sent\u00eds perturbados, angustiados. \u00bfPor qu\u00e9? Porque sin saberlo, hab\u00e9is sido atravesados por una corriente negativa. Para no sentiros as\u00ed, sacudidos seg\u00fan el grado de las corrientes que atraviesan la atm\u00f3sfera ps\u00edquica, deb\u00e9is concentraros en vuestros cuerpos espirituales que las neutralizar\u00e1n.<\/p>\n<p>Omraam Mikha\u00ebl A\u00efvanhov<\/p>\n<p> <span style=\"color: rgb(173,75,253);\">*\u00b4\u00a8) <\/span> <span style=\"color: rgb(253,33,15);\">?<\/span> <span style=\"color: rgb(255,62,228);\"><strong>H O &#8216; O P O N O P O N O<\/strong><\/span> <span style=\"color: rgb(253,33,15);\">?<\/span><br \/>\n <span style=\"color: rgb(173,75,253);\">\u00b8.\u2022\u00b4 \u00b8.\u2022*\u00b4\u00a8) \u00b8.\u2022*\u00a8)\u00b8.\u2022*\u00a8)\u00b8.\u2022*\u00a8)\u00b8.\u2022*\u00a8)<br \/>\n(\u00b8.\u2022\u00b4 <\/span> <span style=\"color: rgb(253,208,16);\">+LUZ<\/span>   <span style=\"color: rgb(41,255,86);\">P+A+Z  <\/span><span style=\"color: rgb(173,75,253);\">y<\/span>  <span style=\"color: rgb(237,108,255);\">A*M*O*R <\/span>  <span style=\"color: rgb(173,75,253);\">(\u00b8.\u2022`<\/span><\/p>\n<p>Those that are succeeding and are thrilled and joyful in the unfolding will often tell you, &#8220;I&#8217;ve dreamed this since I was little. I imagined it, I pretended it, I used to practice with the hairbrush pretending it was a microphone.&#8221; Purity is the alignment of energy. Doesn&#8217;t matter what anybody else thinks about anything. It only matters what you think about it.<\/p>\n<p>&#8212; Abraham<\/p>\n<p> <span style=\"color: rgb(173,75,253);\">*\u00b4\u00a8) <\/span> <span style=\"color: rgb(253,33,15);\">?<\/span> <span style=\"color: rgb(255,62,228);\"><strong>H O &#8216; O P O N O P O N O<\/strong><\/span> <span style=\"color: rgb(253,33,15);\">?<\/span><br \/>\n <span style=\"color: rgb(173,75,253);\">\u00b8.\u2022\u00b4 \u00b8.\u2022*\u00b4\u00a8) \u00b8.\u2022*\u00a8)\u00b8.\u2022*\u00a8)\u00b8.\u2022*\u00a8)\u00b8.\u2022*\u00a8)<br \/>\n(\u00b8.\u2022\u00b4 <\/span> <span style=\"color: rgb(253,208,16);\">+LUZ<\/span>   <span style=\"color: rgb(41,255,86);\">P+A+Z  <\/span><span style=\"color: rgb(173,75,253);\">y<\/span>  <span style=\"color: rgb(237,108,255);\">A*M*O*R <\/span>  <span style=\"color: rgb(173,75,253);\">(\u00b8.\u2022`<\/span><\/p>\n","protected":false},"excerpt":{"rendered":"<p>S\u00e1bado 23 de Marzo de 2013 Usa lo que tienes No pierdas mucho tiempo juzgando cu\u00e1nto tienes. En cambio, aprov\u00e9chalo. Deja de quejarte porque no es suficiente o porque no&hellip; <a href=\"https:\/\/www.vivesur.com\/wpblog\/sabado-23-de-marzo-de-2013\/\" class=\"apace-readmore-link\">Read more<\/a><\/p>\n","protected":false},"author":1,"featured_media":0,"comment_status":"open","ping_status":"open","sticky":false,"template":"","format":"standard","meta":[],"categories":[1,8],"tags":[],"_links":{"self":[{"href":"https:\/\/www.vivesur.com\/wpblog\/wp-json\/wp\/v2\/posts\/5953"}],"collection":[{"href":"https:\/\/www.vivesur.com\/wpblog\/wp-json\/wp\/v2\/posts"}],"about":[{"href":"https:\/\/www.vivesur.com\/wpblog\/wp-json\/wp\/v2\/types\/post"}],"author":[{"embeddable":true,"href":"https:\/\/www.vivesur.com\/wpblog\/wp-json\/wp\/v2\/users\/1"}],"replies":[{"embeddable":true,"href":"https:\/\/www.vivesur.com\/wpblog\/wp-json\/wp\/v2\/comments?post=5953"}],"version-history":[{"count":0,"href":"https:\/\/www.vivesur.com\/wpblog\/wp-json\/wp\/v2\/posts\/5953\/revisions"}],"wp:attachment":[{"href":"https:\/\/www.vivesur.com\/wpblog\/wp-json\/wp\/v2\/media?parent=5953"}],"wp:term":[{"taxonomy":"category","embeddable":true,"href":"https:\/\/www.vivesur.com\/wpblog\/wp-json\/wp\/v2\/categories?post=5953"},{"taxonomy":"post_tag","embeddable":true,"href":"https:\/\/www.vivesur.com\/wpblog\/wp-json\/wp\/v2\/tags?post=5953"}],"curies":[{"name":"wp","href":"https:\/\/api.w.org\/{rel}","templated":true}]}}