{"id":5888,"date":"2013-02-26T10:53:49","date_gmt":"2013-02-26T09:53:49","guid":{"rendered":"http:\/\/vivesur.com\/wpblog\/?p=5888"},"modified":"2013-02-26T10:53:49","modified_gmt":"2013-02-26T09:53:49","slug":"martes-26-2-2013","status":"publish","type":"post","link":"https:\/\/www.vivesur.com\/wpblog\/martes-26-2-2013\/","title":{"rendered":"martes 26-2-2013"},"content":{"rendered":"<p><span style=\"font-size: 12pt;\"><img loading=\"lazy\" src=\"http:\/\/vivesur.com\/wpblog\/wp-content\/uploads\/2013\/02\/wpid-ma26213-2013-02-26-10-53.jpg\" alt=\"wpid-ma26213-2013-02-26-10-53.jpg\" width=\"1013\" height=\"760\" \/><\/span><strong>N S 1. 25. 8. 20. Limi. Jade. Mantra: HRUM. Plexo Solar (martes 26-2-2013)<\/strong><br \/>\n<strong>MAGO MAGN\u00c9TICO BLANCO \u2013 Kin 14<\/strong><br \/>\n<strong>MAGO<\/strong>: Acci\u00f3n: <strong>ENCANTAR<\/strong>. Poder: <strong>ATEMPORALIDAD<\/strong>. Esencia: <strong>RECEPTIVIDAD<\/strong>.<br \/>\n<strong>MAGN\u00c9TICO<\/strong>: Acci\u00f3n: <strong>ATRAER<\/strong>. Poder: <strong>UNIFICAR<\/strong>. Esencia: <strong>PROP\u00d3SITO<\/strong>.<br \/>\nP\u00f3rtico\u00a0 Magn\u00e9tico, identifica el Prop\u00f3sito. \u00bfCu\u00e1l es mi meta?<br \/>\nFaltan 150 d\u00edas para el cierre del ciclo 21-12-2012. Seguimos en la Luna Gal\u00e1ctica del Halc\u00f3n de la Integridad, la puedes ver en <span style=\"text-decoration: underline;\"><a href=\"http:\/\/ondaencantada.com\/2013\/02\/noosboletin-de-la-luna-galactica-del-halcon-de-la-integridad-espanol-english\/\">http:\/\/ondaencantada.com\/2013\/02\/noosboletin-de-la-luna-galactica-del-halcon-de-la-integridad-espanol-english\/<\/a><\/span> . La Onda Encantada del Mago Blanco, de refinar, es la segunda onda del Tzolkin y tambi\u00e9n del Castillo Rojo del Este, la Corte del Nacimiento. El Mago es el sello 14, dos veces siete. Seguimos cubicando la Tierra, y estamos proyectando en el lado derecho del cubo el color naranja (recordemos que tenemos colocado ya el rojo en la base). El Mago es el prop\u00f3sito para estos siguientes 13 d\u00edas: encantando la atemporalidad por medio de la receptividad. \u00bfQu\u00e9 tipo de encantamientos hace un Mago? \u00bfCu\u00e1l es su manera de actuar? \u00bfDebemos fiarnos de lo que dice o hace?<br \/>\nLos Magos tienen poder, la manera de utilizarlo es lo que nos permite saber si es recomendable su compa\u00f1\u00eda o no. Por esa raz\u00f3n, el arquetipo del Mago en el Encantamiento del Sue\u00f1o, es siempre blanco, es decir, su manera de ejercitar estas cualidades ps\u00edquicas es para hacer el bien.<br \/>\nEn la antig\u00fcedad los magos, los sacerdotes, chamanes y hechiceros, eran los encargados de conectar con las energ\u00edas superiores de luz, recibiendo orientaci\u00f3n para una tribu o pueblo, e incluso a nivel individual. Pod\u00edan poner y quitar encantamientos para obtener mejor calidad de vida y avanzar en consciencia; y sobre todo, eran los encargados de recibir los mensajes de las entidades superiores. Despu\u00e9s, durante muchos a\u00f1os, estos personajes especiales, fueron desprestigiados y han ido desapareciendo de la vida moderna, del siglo XXI. Sin embargo, nosotros sabemos que siguen existiendo, que en cada uno de los habitantes de la Tierra vive un Mago en su interior, esperando a que le demos permiso para comenzar a activarse.<br \/>\n\u00bfPodemos hacer alg\u00fan tipo de trabajos o acciones para despertarlo?<br \/>\nSeguro que ya lo estamos haciendo. Cada d\u00eda conectamos m\u00e1s con nuestro ser interior que guarda todo lo que somos aqu\u00ed y ahora. No existe ni pasado ni futuro, recuerda, somos atemporales y todo lo que nos ocurre est\u00e1 en un eterno presente. Un poco complicado de entender para nuestras mentes tridimensionales. Sin embargo, como vamos evolucionando en consciencia, las cualidades ps\u00edquicas del Mago van aflorando, y cada vez las podemos vislumbrar con m\u00e1s nitidez como consecuencia de utilizarlas.<br \/>\nCuando actuamos seg\u00fan las leyes divinas y c\u00f3smicas, nuestra energ\u00eda y poder se incrementan, y somos capaces de hacer maravillas con la vida. Recibimos mensajes de los seres de las estrellas, de los gu\u00edas, de los maestros ascendidos, de los seres de Sirio, de la Madre Divina, de los Avatares, de los \u00c1ngeles y Arc\u00e1ngeles, e incluso del mismo Dios. Pero, debemos recordar, que todo siempre depende del nivel de vibraci\u00f3n personal. Cuanto mayor es la vibraci\u00f3n, podemos recibir mensajes de seres m\u00e1s elevados. Es como conectar con las longitudes de onda que emiten los seres superiores, tienes que sintonizar con ese dial para poder recibir el mensaje.<br \/>\nEl Mago, nos invita a estar muy atentos al uso de la palabra: somos grandes creadores, y dependiendo de la fuerza y el campo vibratorio de una persona, cuando habla de otros o de hechos por suceder, debe cuidar la energ\u00eda de su lenguaje, pues sin saberlo, puede decretar y como consecuencia casi manipular los hechos. Se trata de mover las vibraciones energ\u00e9ticas con mucha sutileza. Lo mismo ocurre cuando pensamos aunque no lo verbalicemos. Con los actos conscientes, un Mago, puede quitar encantamientos obsoletos, caducos y deprimentes, para colocar en su lugar otros de actualidad, armon\u00eda y encaminados a la Iluminaci\u00f3n.<br \/>\nUn Mago debe primero ir hacia adentro, meditar lo que quiere lograr, antes de decidir actuar en el mundo exterior; ello le llevar\u00e1 a hacerlo con integridad y sobre todo con amor. El Mago Merl\u00edn, es el prototipo de los Magos, en \u201cLa Sonda de Arcturus\u201d, libro de Jos\u00e9 Arg\u00fcelles-Valum Votan, puedes encontrar mucha informaci\u00f3n sobre \u00e9l <span style=\"text-decoration: underline;\"><a href=\"http:\/\/ondaencantada.com\/wp-content\/uploads\/2011\/12\/La-Sonda-de-Arcturus.pdf\">http:\/\/ondaencantada.com\/wp-content\/uploads\/2011\/12\/La-Sonda-de-Arcturus.pdf<\/a><\/span>.<br \/>\nEs un hecho, que todos nosotros somos MAGOS DE LA TIERRA, con la posibilidad de borrar definitivamente el encantamiento 12:60 de El Tiempo es Dinero, para sustituirlos por el 13:20 en donde El Tiempo es ARTE.<br \/>\nEn estos d\u00edas que precedan al Nuevo Tiempo, la labor personal de cada uno de nosotros, es entrar al interior tratando de recalificar los pensamientos, emociones, costumbres, miedos\u2026, y convertirlos en encantamientos de luz, compasi\u00f3n, comprensi\u00f3n, paz, armon\u00eda y sobre todo de amor. Somos verdaderos Magos Blancos y nuestro comportamiento est\u00e1 dirigido hacia la activaci\u00f3n de la luz y la regeneraci\u00f3n del planeta<strong>.<\/strong><br \/>\n<strong>NOS ESPERAN 13 D\u00cdAS PARA EXPERIMENTAR CON EL MAGO QUE LLEVAMOS EN EL INTERIOR. EL PODER ES PERSONAL Y LO UTILIZAREMOS CON MUCHA CAUTELA SIEMPRE QUE NOS ATREVAMOS A MANEJARLO. AHORA QUE LOS SERES ESTELARES NOS ESPERAN PARA AYUDARNOS, NOSOTROS ESTAREMOS RECEPTIVOS PARA ESCUCHAR SUS MENSAJES. \u00a1SOY UN MAGO BLANCO Y UTILIZO MIS CUALIDADES PS\u00cdQUICAS PARA EL BIEN!<\/strong><\/p>\n<p> <span style=\"color: rgb(173,75,253);\">*\u00b4\u00a8) <\/span> <span style=\"color: rgb(253,33,15);\">?<\/span> <span style=\"color: rgb(255,62,228);\"><strong>H O &#8216; O P O N O P O N O<\/strong><\/span> <span style=\"color: rgb(253,33,15);\">?<\/span><br \/>\n <span style=\"color: rgb(173,75,253);\">\u00b8.\u2022\u00b4 \u00b8.\u2022*\u00b4\u00a8) \u00b8.\u2022*\u00a8)\u00b8.\u2022*\u00a8)\u00b8.\u2022*\u00a8)\u00b8.\u2022*\u00a8)<br \/>\n(\u00b8.\u2022\u00b4 <\/span> <span style=\"color: rgb(253,208,16);\">+LUZ<\/span>   <span style=\"color: rgb(41,255,86);\">P+A+Z  <\/span><span style=\"color: rgb(173,75,253);\">y<\/span>  <span style=\"color: rgb(237,108,255);\">A*M*O*R <\/span>  <span style=\"color: rgb(173,75,253);\">(\u00b8.\u2022`<\/span><\/p>\n<p>Un Curso De Milagros Lecci\u00f3n Del Dia<br \/>\nLECCI\u00d3N 57<\/p>\n<p>Repasemos hoy las siguientes ideas:<\/p>\n<p>(31) No soy v\u00edctima del mundo que veo.<br \/>\n\u00bfC\u00f3mo puedo ser la v\u00edctima de un mundo que podr\u00eda quedar completamente des-hecho si as\u00ed lo erigiese? Mis cadenas est\u00e1n sueltas. Puedo desprenderme de ellas s\u00f3lo con desearlo. La puerta de la prisi\u00f3n est\u00e1 abierta. Puedo marcharme en cualquier momento s\u00f3lo con echar a andar. Nada me retiene en este mundo. S\u00f3lo mi deseo de permanecer aqu\u00ed me mantiene prisionero. Quiero renunciar a mis desquiciados deseos y caminar por fin hacia la luz del sol.<\/p>\n<p>(32) He inventado el mundo que veo.<br \/>\nYo mismo erig\u00ed la prisi\u00f3n en la que creo encontrarme. Basta con que reconozca esto y quedo libre. Me he enga\u00f1ado a mi mismo al creer que era posible aprisionar al Hijo de Dios. He estado terriblemente equivocado al creer esto, y ya no lo quiero seguir creyendo. El Hijo de Dios no puede sino ser libre eternamente. Es tal como Dios lo cre\u00f3 y no lo que yo he querido hacer de \u00e9l. El Hijo de Dios se encuentra donde Dios quiere que est\u00e9 y no donde yo quise mantenerlo prisionero.<\/p>\n<p>(33) Hay otra manera de ver el mundo.<br \/>\nDado que el prop\u00f3sito del mundo no es el que yo le he asignado, tiene que haber otra manera de verlo. Veo todo al rev\u00e9s y mis pensamientos son lo opuesto a la verdad. Veo el mundo como una prisi\u00f3n para el Hijo de Dios. Debe ser, pues, que el mundo es realmente un lugar donde \u00e9l puede ser liberado. Quiero contemplar el mundo tal como es y verlo como un lugar donde el Hijo de Dios encuentra su libertad.<\/p>\n<p>(34) Podr\u00eda ver paz en lugar de esto.<\/p>\n<p>Cuando vea el mundo como un lugar de libertad, me dar\u00e9 cuenta de que refleja las leyes de Dios en lugar de las reglas que yo invent\u00e9 para que \u00e9l obedeciera. Comprender\u00e9 que es la paz, no la guerra, lo que mora en \u00e9l. Y percibir\u00e9 asimismo que la paz mora tambi\u00e9n en los corazones de todos los que comparten este lugar conmigo.<\/p>\n<p>(35) Mi mente es parte de la de Dios. Soy muy santo.<\/p>\n<p>A medida que comparto la paz del mundo con mis hermanos empiezo a comprender que esa paz brota de lo m\u00e1s profundo de mismo. El mundo que contemplo ha quedado iluminado con mi la luz de mi perd\u00f3n y refleja dicho perd\u00f3n de nuevo sobre mi. En esta luz empiezo a ver lo que mis ilusiones acerca de mi mismo ocultaban. Empiezo a comprender la santidad de toda cosa viviente, incluy\u00e9ndome a mi mismo, y su unidad conmigo.<\/p>\n<p> <span style=\"color: rgb(173,75,253);\">*\u00b4\u00a8) <\/span> <span style=\"color: rgb(253,33,15);\">?<\/span> <span style=\"color: rgb(255,62,228);\"><strong>H O &#8216; O P O N O P O N O<\/strong><\/span> <span style=\"color: rgb(253,33,15);\">?<\/span><br \/>\n <span style=\"color: rgb(173,75,253);\">\u00b8.\u2022\u00b4 \u00b8.\u2022*\u00b4\u00a8) \u00b8.\u2022*\u00a8)\u00b8.\u2022*\u00a8)\u00b8.\u2022*\u00a8)\u00b8.\u2022*\u00a8)<br \/>\n(\u00b8.\u2022\u00b4 <\/span> <span style=\"color: rgb(253,208,16);\">+LUZ<\/span>   <span style=\"color: rgb(41,255,86);\">P+A+Z  <\/span><span style=\"color: rgb(173,75,253);\">y<\/span>  <span style=\"color: rgb(237,108,255);\">A*M*O*R <\/span>  <span style=\"color: rgb(173,75,253);\">(\u00b8.\u2022`<\/span><\/p>\n<p>Pensamiento del martes 26 de febrero de 2013<\/p>\n<p>El n\u00famero ocho est\u00e1 formado por dos c\u00edrculos colocados el uno encima del otro y que se tocan en un punto. El c\u00edrculo superior representa el mundo de arriba, el c\u00edrculo inferior el mundo de abajo, y los dos mundos est\u00e1n en contacto. En esta figura del 8 en la que el c\u00edrculo inferior es el sim\u00e9trico exacto del c\u00edrculo superior, puede verse ilustrado el principio enunciado por Hermes Trimegisto en la Tabla Esmeralda: \u00abTodo lo que est\u00e1 abajo es como lo que est\u00e1 arriba, y todo lo que est\u00e1 arriba es como lo que est\u00e1 abajo para realizar el milagro de una sola cosa\u00bb. El c\u00edrculo que est\u00e1 abajo es como el que est\u00e1 arriba, y puesto que est\u00e1n en comunicaci\u00f3n, hacen en efecto el milagro de una sola cosa. Es esta misma idea la que encontramos en el \u00abPadre Nuestro\u00bb cuando Jes\u00fas dice: \u00abH\u00e1gase tu voluntad as\u00ed en la tierra como en el Cielo\u00bb. Jes\u00fas desea que el mundo de arriba pueda descender al mundo de abajo para que la tierra llegue a ser un d\u00eda un reflejo exacto del Cielo. De este modo se cumplir\u00e1 el milagro de la unidad. El Cielo que est\u00e1 arriba debe descender sobre la tierra, y esta \u00abtierra\u00bb somos tambi\u00e9n nosotros, los humanos: tenemos la misi\u00f3n de unir en nosotros el Cielo a la tierra y la tierra al Cielo manifestando en nuestra existencia las cualidades del Cielo.<\/p>\n<p>Omraam Mikha\u00ebl A\u00efvanhov<\/p>\n<p> <span style=\"color: rgb(173,75,253);\">*\u00b4\u00a8) <\/span> <span style=\"color: rgb(253,33,15);\">?<\/span> <span style=\"color: rgb(255,62,228);\"><strong>H O &#8216; O P O N O P O N O<\/strong><\/span> <span style=\"color: rgb(253,33,15);\">?<\/span><br \/>\n <span style=\"color: rgb(173,75,253);\">\u00b8.\u2022\u00b4 \u00b8.\u2022*\u00b4\u00a8) \u00b8.\u2022*\u00a8)\u00b8.\u2022*\u00a8)\u00b8.\u2022*\u00a8)\u00b8.\u2022*\u00a8)<br \/>\n(\u00b8.\u2022\u00b4 <\/span> <span style=\"color: rgb(253,208,16);\">+LUZ<\/span>   <span style=\"color: rgb(41,255,86);\">P+A+Z  <\/span><span style=\"color: rgb(173,75,253);\">y<\/span>  <span style=\"color: rgb(237,108,255);\">A*M*O*R <\/span>  <span style=\"color: rgb(173,75,253);\">(\u00b8.\u2022`<\/span><\/p>\n<p>Today, no matter where I&#8217;m going and no matter what I am doing, it is my dominant intent to see that which I am wanting to see.<\/p>\n<p>&#8212; Abraham<\/p>\n<p> <span style=\"color: rgb(173,75,253);\">*\u00b4\u00a8) <\/span> <span style=\"color: rgb(253,33,15);\">?<\/span> <span style=\"color: rgb(255,62,228);\"><strong>H O &#8216; O P O N O P O N O<\/strong><\/span> <span style=\"color: rgb(253,33,15);\">?<\/span><br \/>\n <span style=\"color: rgb(173,75,253);\">\u00b8.\u2022\u00b4 \u00b8.\u2022*\u00b4\u00a8) \u00b8.\u2022*\u00a8)\u00b8.\u2022*\u00a8)\u00b8.\u2022*\u00a8)\u00b8.\u2022*\u00a8)<br \/>\n(\u00b8.\u2022\u00b4 <\/span> <span style=\"color: rgb(253,208,16);\">+LUZ<\/span>   <span style=\"color: rgb(41,255,86);\">P+A+Z  <\/span><span style=\"color: rgb(173,75,253);\">y<\/span>  <span style=\"color: rgb(237,108,255);\">A*M*O*R <\/span>  <span style=\"color: rgb(173,75,253);\">(\u00b8.\u2022`<\/span><\/p>\n","protected":false},"excerpt":{"rendered":"<p>N S 1. 25. 8. 20. Limi. Jade. Mantra: HRUM. Plexo Solar (martes 26-2-2013) MAGO MAGN\u00c9TICO BLANCO \u2013 Kin 14 MAGO: Acci\u00f3n: ENCANTAR. Poder: ATEMPORALIDAD. Esencia: RECEPTIVIDAD. MAGN\u00c9TICO: Acci\u00f3n: ATRAER.&hellip; <a href=\"https:\/\/www.vivesur.com\/wpblog\/martes-26-2-2013\/\" class=\"apace-readmore-link\">Read more<\/a><\/p>\n","protected":false},"author":1,"featured_media":0,"comment_status":"open","ping_status":"open","sticky":false,"template":"","format":"standard","meta":[],"categories":[1,8],"tags":[],"_links":{"self":[{"href":"https:\/\/www.vivesur.com\/wpblog\/wp-json\/wp\/v2\/posts\/5888"}],"collection":[{"href":"https:\/\/www.vivesur.com\/wpblog\/wp-json\/wp\/v2\/posts"}],"about":[{"href":"https:\/\/www.vivesur.com\/wpblog\/wp-json\/wp\/v2\/types\/post"}],"author":[{"embeddable":true,"href":"https:\/\/www.vivesur.com\/wpblog\/wp-json\/wp\/v2\/users\/1"}],"replies":[{"embeddable":true,"href":"https:\/\/www.vivesur.com\/wpblog\/wp-json\/wp\/v2\/comments?post=5888"}],"version-history":[{"count":0,"href":"https:\/\/www.vivesur.com\/wpblog\/wp-json\/wp\/v2\/posts\/5888\/revisions"}],"wp:attachment":[{"href":"https:\/\/www.vivesur.com\/wpblog\/wp-json\/wp\/v2\/media?parent=5888"}],"wp:term":[{"taxonomy":"category","embeddable":true,"href":"https:\/\/www.vivesur.com\/wpblog\/wp-json\/wp\/v2\/categories?post=5888"},{"taxonomy":"post_tag","embeddable":true,"href":"https:\/\/www.vivesur.com\/wpblog\/wp-json\/wp\/v2\/tags?post=5888"}],"curies":[{"name":"wp","href":"https:\/\/api.w.org\/{rel}","templated":true}]}}