{"id":5804,"date":"2013-02-12T10:40:37","date_gmt":"2013-02-12T09:40:37","guid":{"rendered":"http:\/\/vivesur.com\/wpblog\/?p=5804"},"modified":"2013-02-12T10:40:37","modified_gmt":"2013-02-12T09:40:37","slug":"martes-12-de-febrero-de-2013-mientras-danzas-con-la-vida","status":"publish","type":"post","link":"https:\/\/www.vivesur.com\/wpblog\/martes-12-de-febrero-de-2013-mientras-danzas-con-la-vida\/","title":{"rendered":"Martes 12 de Febrero de 2013 &#8211; Mientras danzas con la vida"},"content":{"rendered":"<p>Martes 12 de Febrero de 2013<\/p>\n<p><strong>Mientras danzas con la vida <\/strong><br \/>\n<span style=\"font-size: 12pt;\"><img loading=\"lazy\" src=\"http:\/\/vivesur.com\/wpblog\/wp-content\/uploads\/2013\/02\/wpid-mar12213-2013-02-12-10-40.jpg\" alt=\"wpid-mar12213-2013-02-12-10-40.jpg\" width=\"799\" height=\"499\" \/><\/span><br \/>\n\u00bfQu\u00e9 hay en este d\u00eda por lo cual sientes amor? \u00bfQu\u00e9 hay de este momento que sinceramente valores?<\/p>\n<p>Hay algo en tu vida que te empuja a conocer y experimentar y entender m\u00e1s de esa misma vida. \u00bfQu\u00e9 es eso que, desde el centro mismo de las cosas, produce esa sensaci\u00f3n en ti?<\/p>\n<p>\u00bfQu\u00e9 es lo que hace que resulte tan hermoso flotar tranquilamente en un mar calmo bajo un c\u00e1lido sol? \u00bfPor qu\u00e9 la belleza de la cima de una monta\u00f1a observada a la distancia puede llegar a tu coraz\u00f3n tan profundamente?<\/p>\n<p>Hay una raz\u00f3n por la cual tienes ciertas y determinadas opiniones respecto de un amplio rango de cuestiones, grandes, peque\u00f1as, y de las ni tan grandes ni tan peque\u00f1as. Hay un prop\u00f3sito rector en la ra\u00edz de cada sincera elecci\u00f3n que llevas a cabo.<\/p>\n<p>Mientras danzas con la vida cada d\u00eda, tus pasos siguen un ritmo que es fiel a esa persona genuina que llevas dentro, no importa qu\u00e9 otras cosas puedan o no estar sucediendo. Aunque interact\u00faes \u00edntimamente con todo lo que te rodea, algo dentro de ti se mantiene aparte de todo ello, disfrutando de la experiencia.<br \/>\nRespira hondo el aire fresco y dulce del ser. Y sigue danzando, a medida que cada instante que se va presentando aporta un verso completamente nuevo a esa canci\u00f3n que has conocido desde siempre.<\/p>\n<p> <span style=\"color: rgb(173,75,253);\">*\u00b4\u00a8) <\/span> <span style=\"color: rgb(253,33,15);\">?<\/span> <span style=\"color: rgb(255,62,228);\"><strong>H O &#8216; O P O N O P O N O<\/strong><\/span> <span style=\"color: rgb(253,33,15);\">?<\/span><br \/>\n <span style=\"color: rgb(173,75,253);\">\u00b8.\u2022\u00b4 \u00b8.\u2022*\u00b4\u00a8) \u00b8.\u2022*\u00a8)\u00b8.\u2022*\u00a8)\u00b8.\u2022*\u00a8)\u00b8.\u2022*\u00a8)<br \/>\n(\u00b8.\u2022\u00b4 <\/span> <span style=\"color: rgb(253,208,16);\">+LUZ<\/span>   <span style=\"color: rgb(41,255,86);\">P+A+Z  <\/span><span style=\"color: rgb(173,75,253);\">y<\/span>  <span style=\"color: rgb(237,108,255);\">A*M*O*R <\/span>  <span style=\"color: rgb(173,75,253);\">(\u00b8.\u2022`<\/span><\/p>\n<p>N S 1. 25. 8. 6. mi. Jade. Mantra: HRAIM. Plexo Solar (martes 12-2-2013)<\/p>\n<p><strong>SOL C\u00d3SMICO AMARILLO \u2013 Kin 260<br \/>\n<\/strong><br \/>\nSOL: Acci\u00f3n: ILUMINAR. Poder: FUEGO UNIVERSAL. Esencia: VIDA.<\/p>\n<p>C\u00d3SMICO: Acci\u00f3n: TRANSCENDER. Poder: PERDURAR. Esencia: PRESENCIA.<\/p>\n<p>El P\u00f3rtico C\u00f3smico, toma el vuelo m\u00e1gico. Retorno magn\u00e9tico.<\/p>\n<p>Quedan 164 d\u00edas. Hoy finalizamos el Tzolkin con el kin 260, Sol amarillo el sello 20, y C\u00f3smico el tono 13. Tambi\u00e9n acaba la onda encantada de la Estrella amarilla, y por ello, es un buen d\u00eda de reflexi\u00f3n. Recordamos que este Tzolkin dio comienzo el d\u00eda 28 de la Luna Espectral del A\u00f1o del Mago 6, con el kin 1, Drag\u00f3n magn\u00e9tico rojo, justo el mismo kin que es ma\u00f1ana, pero en un giro gal\u00e1ctico anterior.  En los 20 Poderes del 13 de Quetzalc\u00f3atl, hoy acabamos la etapa 20 donde se Alcanza el Poder de la Iluminaci\u00f3n  C\u00f3smica. Ver  <a href=\"http:\/\/ondaencantada.com\/wp-content\/uploads\/2012\/05\/Los-20-Poderes-del-13-de-Quetzalc\u00f3atl.pdf\">http:\/\/ondaencantada.com\/wp-content\/uploads\/2012\/05\/Los-20-Poderes-del-13-de-Quetzalc%C3%B3atl.pdf<\/a> . Hoy lo transcendemos todo, podemos tener el recuerdo de las 19 ondas encantadas anteriores, que han enlazado los dos anillos, el del Mago 6 y Tormenta 7. Podemos mostrar la felicidad de seguir recibiendo del Sol las energ\u00edas c\u00f3smicas para convertirnos en Estrellas, porque el Sol es otra Estrella de la Galaxia. Nuestras vidas se manifiestan en la tercera dimensi\u00f3n para poder aprender y ascender en luz. El amor es el objetivo que todos venimos a lograr. El Sol es el aliado que nos env\u00eda paquetes de informaci\u00f3n que \u00e9l a su vez recibe del Sol Central de la Galaxia, Hunab Ku. Nuestras ideas e inspiraciones, est\u00e1n en la Noosfera, esperando que conectemos con su presencia y podamos iluminar la vida. Somos, nosotros los humanos, los Soles m\u00e1s amados del Universo de Dios. \u00c9l nos irradia, y nosotros irradiamos a los dem\u00e1s. Para recibir las energ\u00edas divinas, debemos estar en sinton\u00eda con sus vibraciones, con sus ondas de amor. A TODOS ALGUNA VEZ NOS HAN DICHO: \u00a1ERES UN SOL! \u00a1GRACIAS POR TU AYUDA! \u00a1SI NO HUBIERA SIDO POR LO QUE ME HAS DICHO, NO S\u00c9 QUE ME HUBIERA PASADO! \u00a1NECESITAMOS VER LA LUZ DE LAS ESTRELLAS, YA QUE NOS RECUERDAN QUE HAY VIDA M\u00c1S ALL\u00c1 DE LA NUESTRA! \u00a1MUESTRALE A LAS ESTRELLAS ESE ARTE TUYO PARTICULAR Y PRIVADO! \u00a1ALGUIEN DESDE ALG\u00daN LUGAR DEL COSMOS TE PUEDE ESTAR OBSERVANDO! \u00a1FIN DEL \u00daLTIMO TZOLKIN COMPLETO ANTES DEL INICIO DEL NUEVO TIEMPO, DEL NUEVO CICLO! \u00a1LOS D\u00cdAS QUE FALTAN, 164, ES JUSTO EL MISMO N\u00ba DE KIN DE LA SEMILLA GAL\u00c1CTICA AMARILLA QUE MARCA EL INICIO DEL NUEVO A\u00d1O EL 26-7-2013! \u00a1AHORA LLEVAREMOS LA CUENTA ATR\u00c1S DE LOS D\u00cdAS QUE FALTAN, JUNTO CON LA CUENTA ASCENDENTE DEL NUEVO TZOLKIN! \u00a1SINCRINICIDADES M\u00c1GICAS Y C\u00d3SMICAS!<\/p>\n<p>Y DESDE AQU\u00cd NOS TRASLADAMOS C\u00d3SMICAMENTE A LA ONDA ENCANTADA DEL DRAG\u00d3N ROJO Y HACEMOS EL RETORNO MAGN\u00c9TICO Y GAL\u00c1CTICO.<\/p>\n<p> <span style=\"color: rgb(173,75,253);\">*\u00b4\u00a8) <\/span> <span style=\"color: rgb(253,33,15);\">?<\/span> <span style=\"color: rgb(255,62,228);\"><strong>H O &#8216; O P O N O P O N O<\/strong><\/span> <span style=\"color: rgb(253,33,15);\">?<\/span><br \/>\n <span style=\"color: rgb(173,75,253);\">\u00b8.\u2022\u00b4 \u00b8.\u2022*\u00b4\u00a8) \u00b8.\u2022*\u00a8)\u00b8.\u2022*\u00a8)\u00b8.\u2022*\u00a8)\u00b8.\u2022*\u00a8)<br \/>\n(\u00b8.\u2022\u00b4 <\/span> <span style=\"color: rgb(253,208,16);\">+LUZ<\/span>   <span style=\"color: rgb(41,255,86);\">P+A+Z  <\/span><span style=\"color: rgb(173,75,253);\">y<\/span>  <span style=\"color: rgb(237,108,255);\">A*M*O*R <\/span>  <span style=\"color: rgb(173,75,253);\">(\u00b8.\u2022`<\/span><\/p>\n<p><strong>Un Curso De Milagros Lecci\u00f3n Del Dia<br \/>\nLECCI\u00d3N 43 \u2013 Dios es mi Fuente. No puedo ver separado de \u00c9l.<\/strong><\/p>\n<p>La percepci\u00f3n no es un atributo de Dios. El \u00e1mbito de Dios es el del conocimiento. Sin embargo, \u00c9l ha creado al Esp\u00edritu Santo para que sirva de Mediador entre la percepci\u00f3n y el conocimiento. Sin este v\u00ednculo con Dios, la percepci\u00f3n habr\u00eda reemplazado al conocimiento en tu mente para siempre. Gracias a este v\u00ednculo con Dios, la percepci\u00f3n se transformar\u00e1 y se purificar\u00e1 en tal medida que te conducir\u00e1 al conocimiento. \u00c9sa es su funci\u00f3n tal como la ve el Esp\u00edritu Santo. Por lo tanto, \u00e9sa es en verdad su funci\u00f3n.<br \/>\nEn Dios no puedes ver. La percepci\u00f3n no tiene ninguna funci\u00f3n en Dios, y no existe. Pero en la salvaci\u00f3n, que es el proceso de erradicar lo que nunca fue, la percepci\u00f3n tiene un prop\u00f3sito sumamente importante. Habi\u00e9ndola inventado el Hijo de Dios para un prop\u00f3sito no santo, tiene que convertirse ahora en el medio a trav\u00e9s del cual se le restaura su santidad en su conciencia. La percepci\u00f3n no tiene significado. Sin embargo, el Esp\u00edritu Santo le otorga un significado muy parecido al de Dios. Una percepci\u00f3n que ha sanado se convierte en el medio por el que el Hijo de Dios perdona a su hermano, y, por ende, se perdona a s\u00ed mismo.<br \/>\nNo puedes ver separado de Dios porque no puedes estar separado de Dios. Todo lo que haces, lo haces en \u00c9l, porque todo lo que piensas, lo piensas con Su Mente. Si la visi\u00f3n es real, y es real en la medida en que comparte el prop\u00f3sito del Esp\u00edritu Santo, entonces no puedes ver separado de Dios.<br \/>\nHoy son necesarias tres sesiones de pr\u00e1ctica de cinco minutos cada una. La primera debe hacerse lo m\u00e1s temprano que puedas; la segunda lo m\u00e1s tarde posible, y la tercera en el momento m\u00e1s oportuno y adecuado que las circunstancias y la buena disposici\u00f3n permitan. Al comienzo de estas sesiones repite la idea de hoy para tus adentros con los ojos cerrados. Luego mira a tu alrededor brevemente, aplicando la idea espec\u00edficamente a lo que veas. Cuatro o cinco objetos durante esta fase de la sesi\u00f3n de pr\u00e1ctica ser\u00e1n suficientes. Podr\u00edas decir, por ejemplo:<\/p>\n<p>Dios es mi Fuente.<br \/>\nNo puedo ver este escritorio separado de \u00c9l.<br \/>\nDios es mi Fuente.<br \/>\nNo puedo ver ese cuadro separado de \u00c9l.<\/p>\n<p>Si bien esta parte del ejercicio debe ser relativamente corta, aseg\u00farate, en esta fase de la pr\u00e1ctica, de seleccionar los objetos tan al azar como sea posible, sin controlar su inclusi\u00f3n o exclusi\u00f3n. Para la segunda fase, la m\u00e1s larga, cierra los ojos, repite la idea de hoy nuevamente, y luego deja que cualquier pensamiento pertinente que se te ocurra sea una aportaci\u00f3n a la idea de hoy en tu propio estilo particular. Pensamientos tales como:<\/p>\n<p>Veo a trav\u00e9s de los ojos del perd\u00f3n.<br \/>\nVeo el mundo como un lugar bendito.<br \/>\nEl mundo me puede mostrar qui\u00e9n soy.<br \/>\nVeo mis propios pensamientos, que son como los de Dios.<\/p>\n<p>Cualquier pensamiento que en mayor o menor medida est\u00e9 directamente relacionado con la idea de hoy es adecuado. Los pensamientos no tienen que tener una relaci\u00f3n obvia con la idea, pero tampoco deben oponerse a ella.<br \/>\nSi ves que tu mente se distrae o si comienzas a notar la presencia de pensamientos que est\u00e1n en clara oposici\u00f3n a la idea de hoy, o si te resulta imposible pensar en algo, abre los ojos, repite la primera fase del ejercicio, y luego intenta de nuevo la segunda. No dejes transcurrir grandes lapsos de tiempo en los que te enfrascas en pensamientos irrelevantes. Para evitar eso, vuelve a la primera fase del ejercicio cuantas veces sea necesario.<br \/>\nAl aplicar la idea de hoy durante las sesiones de pr\u00e1ctica m\u00e1s cortas, la forma de la idea puede variar de acuerdo con las circunstancias y situaciones en las que te encuentres en el transcurso del d\u00eda. Cuando est\u00e9s con otra persona, por ejemplo, trata de acordarte de decirle silenciosamente:<\/p>\n<p>Dios es mi Fuente.<br \/>\nNo puedo verte separado de \u00c9l.<\/p>\n<p>Esta variaci\u00f3n puede aplicarse por igual tanto a desconocidos como a aquellas personas con las que crees tener una relaci\u00f3n \u00edntima. De hecho, evita a toda costa hacer distinciones de esta clase.<\/p>\n<p>La idea de hoy tambi\u00e9n debe aplicarse en el transcurso del d\u00eda a las diversas situaciones y acontecimientos que puedan presentarse, especialmente a aquellos que de alguna forma parezcan afligirte. A tal fin, aplica la idea de esta manera:<\/p>\n<p>Dios es mi Fuente.<br \/>\nNo puedo ver esto separado de \u00c9l.<\/p>\n<p>Si en ese momento no se presenta en tu conciencia ning\u00fan sujeto en particular, repite simplemente la idea en su forma original. Trata de no dejar pasar grandes lapsos de tiempo sin recordar la idea de hoy y, por ende, sin recordar tu funci\u00f3n.<\/p>\n<p> <span style=\"color: rgb(173,75,253);\">*\u00b4\u00a8) <\/span> <span style=\"color: rgb(253,33,15);\">?<\/span> <span style=\"color: rgb(255,62,228);\"><strong>H O &#8216; O P O N O P O N O<\/strong><\/span> <span style=\"color: rgb(253,33,15);\">?<\/span><br \/>\n <span style=\"color: rgb(173,75,253);\">\u00b8.\u2022\u00b4 \u00b8.\u2022*\u00b4\u00a8) \u00b8.\u2022*\u00a8)\u00b8.\u2022*\u00a8)\u00b8.\u2022*\u00a8)\u00b8.\u2022*\u00a8)<br \/>\n(\u00b8.\u2022\u00b4 <\/span> <span style=\"color: rgb(253,208,16);\">+LUZ<\/span>   <span style=\"color: rgb(41,255,86);\">P+A+Z  <\/span><span style=\"color: rgb(173,75,253);\">y<\/span>  <span style=\"color: rgb(237,108,255);\">A*M*O*R <\/span>  <span style=\"color: rgb(173,75,253);\">(\u00b8.\u2022`<\/span><\/p>\n<p>Pensamiento del martes 12 de febrero de 2013<\/p>\n<p>Hab\u00e9is trabajado mucho y os sent\u00eds agotados\u2026 Pero, en lugar de acostaros en la cama o de tomar algunas tazas de caf\u00e9 u otro tipo de estimulantes para, supuestamente, revitalizaros, sabed que existen ejercicios sencillos que pod\u00e9is hacer. He aqu\u00ed uno por ejemplo. Sentaos y concentraos sobre este centro situado entre los dos ojos que los hind\u00faes llaman Ajna chacra. Tratad de no pensar en nada, s\u00f3lo respirad y dejaos llevar como si flotarais en un oc\u00e9ano de luz. Poco a poco, en este estado de pasividad que es en realidad otra forma de actividad, sentir\u00e9is c\u00f3mo la paz y la armon\u00eda se extienden en vosotros. Gracias a esta paz y a esta armon\u00eda, atraer\u00e9is de la atm\u00f3sfera energ\u00edas y fluidos muy sutiles. Y os sentir\u00e9is recargados de nuevo, preparados para volver al trabajo y cumplir con vuestras obligaciones.<\/p>\n<p>Omraam Mikha\u00ebl A\u00efvanhov<\/p>\n<p> <span style=\"color: rgb(173,75,253);\">*\u00b4\u00a8) <\/span> <span style=\"color: rgb(253,33,15);\">?<\/span> <span style=\"color: rgb(255,62,228);\"><strong>H O &#8216; O P O N O P O N O<\/strong><\/span> <span style=\"color: rgb(253,33,15);\">?<\/span><br \/>\n <span style=\"color: rgb(173,75,253);\">\u00b8.\u2022\u00b4 \u00b8.\u2022*\u00b4\u00a8) \u00b8.\u2022*\u00a8)\u00b8.\u2022*\u00a8)\u00b8.\u2022*\u00a8)\u00b8.\u2022*\u00a8)<br \/>\n(\u00b8.\u2022\u00b4 <\/span> <span style=\"color: rgb(253,208,16);\">+LUZ<\/span>   <span style=\"color: rgb(41,255,86);\">P+A+Z  <\/span><span style=\"color: rgb(173,75,253);\">y<\/span>  <span style=\"color: rgb(237,108,255);\">A*M*O*R <\/span>  <span style=\"color: rgb(173,75,253);\">(\u00b8.\u2022`<\/span><\/p>\n<p>Begin modulating thought in terms of the way that it feels rather than in terms of the results that it will net you. The tendency is to flow a little Energy and then take score. Well, the problem is, as you flow the Energy, the Universe responds instantly. But when you take score, you&#8217;re right back in that reality again. &#8211; Abraham<\/p>\n<p> <span style=\"color: rgb(173,75,253);\">*\u00b4\u00a8) <\/span> <span style=\"color: rgb(253,33,15);\">?<\/span> <span style=\"color: rgb(255,62,228);\"><strong>H O &#8216; O P O N O P O N O<\/strong><\/span> <span style=\"color: rgb(253,33,15);\">?<\/span><br \/>\n <span style=\"color: rgb(173,75,253);\">\u00b8.\u2022\u00b4 \u00b8.\u2022*\u00b4\u00a8) \u00b8.\u2022*\u00a8)\u00b8.\u2022*\u00a8)\u00b8.\u2022*\u00a8)\u00b8.\u2022*\u00a8)<br \/>\n(\u00b8.\u2022\u00b4 <\/span> <span style=\"color: rgb(253,208,16);\">+LUZ<\/span>   <span style=\"color: rgb(41,255,86);\">P+A+Z  <\/span><span style=\"color: rgb(173,75,253);\">y<\/span>  <span style=\"color: rgb(237,108,255);\">A*M*O*R <\/span>  <span style=\"color: rgb(173,75,253);\">(\u00b8.\u2022`<\/span><\/p>\n","protected":false},"excerpt":{"rendered":"<p>Martes 12 de Febrero de 2013 Mientras danzas con la vida \u00bfQu\u00e9 hay en este d\u00eda por lo cual sientes amor? \u00bfQu\u00e9 hay de este momento que sinceramente valores? Hay&hellip; <a href=\"https:\/\/www.vivesur.com\/wpblog\/martes-12-de-febrero-de-2013-mientras-danzas-con-la-vida\/\" class=\"apace-readmore-link\">Read more<\/a><\/p>\n","protected":false},"author":1,"featured_media":0,"comment_status":"open","ping_status":"open","sticky":false,"template":"","format":"standard","meta":[],"categories":[1,8],"tags":[],"_links":{"self":[{"href":"https:\/\/www.vivesur.com\/wpblog\/wp-json\/wp\/v2\/posts\/5804"}],"collection":[{"href":"https:\/\/www.vivesur.com\/wpblog\/wp-json\/wp\/v2\/posts"}],"about":[{"href":"https:\/\/www.vivesur.com\/wpblog\/wp-json\/wp\/v2\/types\/post"}],"author":[{"embeddable":true,"href":"https:\/\/www.vivesur.com\/wpblog\/wp-json\/wp\/v2\/users\/1"}],"replies":[{"embeddable":true,"href":"https:\/\/www.vivesur.com\/wpblog\/wp-json\/wp\/v2\/comments?post=5804"}],"version-history":[{"count":0,"href":"https:\/\/www.vivesur.com\/wpblog\/wp-json\/wp\/v2\/posts\/5804\/revisions"}],"wp:attachment":[{"href":"https:\/\/www.vivesur.com\/wpblog\/wp-json\/wp\/v2\/media?parent=5804"}],"wp:term":[{"taxonomy":"category","embeddable":true,"href":"https:\/\/www.vivesur.com\/wpblog\/wp-json\/wp\/v2\/categories?post=5804"},{"taxonomy":"post_tag","embeddable":true,"href":"https:\/\/www.vivesur.com\/wpblog\/wp-json\/wp\/v2\/tags?post=5804"}],"curies":[{"name":"wp","href":"https:\/\/api.w.org\/{rel}","templated":true}]}}