{"id":5647,"date":"2012-12-20T11:11:08","date_gmt":"2012-12-20T10:11:08","guid":{"rendered":"http:\/\/vivesur.com\/wpblog\/?p=5647"},"modified":"2012-12-20T11:11:08","modified_gmt":"2012-12-20T10:11:08","slug":"jueves-20-de-diciembre-de-2012","status":"publish","type":"post","link":"https:\/\/www.vivesur.com\/wpblog\/jueves-20-de-diciembre-de-2012\/","title":{"rendered":"Jueves 20 de Diciembre de 2012"},"content":{"rendered":"<p>Jueves 20 de Diciembre de 2012<\/p>\n<p><strong>Una peque\u00f1a cosa <\/strong><br \/>\n<span style=\"font-size: 12pt;\"><img loading=\"lazy\" src=\"http:\/\/vivesur.com\/wpblog\/wp-content\/uploads\/2012\/12\/wpid-201212-2012-12-20-11-11.jpg\" alt=\"wpid-201212-2012-12-20-11-11.jpg\" width=\"691\" height=\"432\" \/><\/span><br \/>\nAlgo bueno lleva, naturalmente, a otra cosa, tambi\u00e9n buena. As\u00ed que mu\u00e9vete, ahora mismo, y haz algo bueno.<\/p>\n<p>Basta con apenas un paso simple y positivo para generar un cierto impulso real y concreto. Mu\u00e9vete y da ese peque\u00f1o paso.<\/p>\n<p>Los desaf\u00edos de la vida pueden parecer abrumadores. Ponte en movimiento, apenas un poquito al principio, en una direcci\u00f3n determinada, y aquellos desaf\u00edos s\u00fabitamente parecer\u00e1n much\u00edsimo m\u00e1s peque\u00f1os.<\/p>\n<p>No llegar\u00e1s a la cima de la monta\u00f1a de una gran, enorme zancada. Llegar\u00e1s all\u00ed de a un peque\u00f1o paso a la vez, y desde el momento en que comiences a caminar la vista ser\u00e1 cada vez m\u00e1s y m\u00e1s maravillosa.<\/p>\n<p>\u00bfQu\u00e9 peque\u00f1a cosa podr\u00edas elegir como para marcar las pautas para el resto de este d\u00eda, o incluso para el resto de tu vida? Son tantas las posibilidades que tienes a tu alcance.<\/p>\n<p>Mu\u00e9vete apenas un poquito en esa direcci\u00f3n que, t\u00fa sabes, es buena y adecuada para ti. Una vez que est\u00e9s en marcha, no querr\u00e1s detenerte.<\/p>\n<p> <span style=\"color: rgb(173,75,253);\">*\u00b4\u00a8) <\/span> <span style=\"color: rgb(253,33,15);\">?<\/span> <span style=\"color: rgb(255,62,228);\"><strong>H O &#8216; O P O N O P O N O<\/strong><\/span> <span style=\"color: rgb(253,33,15);\">?<\/span><br \/>\n <span style=\"color: rgb(173,75,253);\">\u00b8.\u2022\u00b4 \u00b8.\u2022*\u00b4\u00a8) \u00b8.\u2022*\u00a8)\u00b8.\u2022*\u00a8)\u00b8.\u2022*\u00a8)\u00b8.\u2022*\u00a8)<br \/>\n(\u00b8.\u2022\u00b4 <\/span> <span style=\"color: rgb(253,208,16);\">+LUZ<\/span>   <span style=\"color: rgb(41,255,86);\">P+A+Z  <\/span><span style=\"color: rgb(173,75,253);\">y<\/span>  <span style=\"color: rgb(237,108,255);\">A*M*O*R <\/span>  <span style=\"color: rgb(173,75,253);\">(\u00b8.\u2022`<\/span><\/p>\n<p> N S 1. 25. 6. 8. Dali. Onix. Mantra: OM. Corona (jueves 20-12-2012)<\/p>\n<p><strong>ENLAZADOR DE MUNDOS ESPECTRAL BLANCO \u2013 Kin 206 \u2013 5\u00aa Luna M\u00edstica<br \/>\n<\/strong><br \/>\nENLAZADOR DE MUNDOS: Acci\u00f3n: IGUALAR. Poder: MUERTE. Esencia: OPORTUNIDAD.<\/p>\n<p>ESPECTRAL: Acci\u00f3n: DIVULGAR. Poder: DISOLVER. Esencia: LIBERACI\u00d3N.<\/p>\n<p>La C\u00e1mara Espectral, liberaci\u00f3n del servicio. La acci\u00f3n disuelve el servicio.<\/p>\n<p>Falta 1 d\u00eda. Ver el Arquetipo Gal\u00e1ctico 6 del Enlazador de Mundos: El Hierofante. Heptada 22 blanca, La Autogeneraci\u00f3n evoluciona el Amor. Hoy disuelvo por fin el resto de todo lo que hasta ahora me quedaba por soltar. Me siento libre para morir al viejo tiempo y renacer en el nuevo tiempo. Termina el Quinto Ciclo de 144 d\u00edas del \u201cRetorno del Poder Sagrado: Irradiar Poder\u201d. Es el 2\u00ba d\u00eda de VIGILIA. Hoy  hacemos la Meditaci\u00f3n del Puente Arco Iris Circumpolar <a href=\"http:\/\/ondaencantada.com\/wp-content\/uploads\/2011\/05\/Meditaci\u00f3n-Arco-Iris-Circumpolar.pdf\">http:\/\/ondaencantada.com\/wp-content\/uploads\/2011\/05\/Meditaci%C3%B3n-Arco-Iris-Circumpolar.pdf<\/a> \u00a1LA MEDITACI\u00d3N M\u00c1S PROFUNDA Y PERSONAL ES EN ESTE MOMENTO! \u00a1SOY PARTE DE DIOS! \u00a1MA\u00d1ANA ACABA EL PROCESO C\u00d3SMICO DE 26.000 A\u00d1OS! \u00a1ME PREPARO DESDE EL CORAZ\u00d3N PARA CERRARLO CON ARMON\u00cdA Y AMOR C\u00d3SMICOS!<\/p>\n<p> <span style=\"color: rgb(173,75,253);\">*\u00b4\u00a8) <\/span> <span style=\"color: rgb(253,33,15);\">?<\/span> <span style=\"color: rgb(255,62,228);\"><strong>H O &#8216; O P O N O P O N O<\/strong><\/span> <span style=\"color: rgb(253,33,15);\">?<\/span><br \/>\n <span style=\"color: rgb(173,75,253);\">\u00b8.\u2022\u00b4 \u00b8.\u2022*\u00b4\u00a8) \u00b8.\u2022*\u00a8)\u00b8.\u2022*\u00a8)\u00b8.\u2022*\u00a8)\u00b8.\u2022*\u00a8)<br \/>\n(\u00b8.\u2022\u00b4 <\/span> <span style=\"color: rgb(253,208,16);\">+LUZ<\/span>   <span style=\"color: rgb(41,255,86);\">P+A+Z  <\/span><span style=\"color: rgb(173,75,253);\">y<\/span>  <span style=\"color: rgb(237,108,255);\">A*M*O*R <\/span>  <span style=\"color: rgb(173,75,253);\">(\u00b8.\u2022`<\/span><\/p>\n<p><strong>Un Curso De Milagros Lecci\u00f3n Del Dia<\/strong><br \/>\n<strong>LECCI\u00d3N 355 La paz, la dicha y los milagros que otorgar\u00e9 cuando acepte la Palabra de Dios son ilimitados. \u00bfPor qu\u00e9 no aceptarla hoy?<\/strong><\/p>\n<p>\u00bfPor qu\u00e9 debo esperar, Padre m\u00edo, para recibir la dicha que T\u00fa me prometiste? pues T\u00fa mantendr\u00e1s Tu Palabra, que le diste a Tu Hijo en el exilio. Estoy seguro de que mi tesoro me aguarda y de que s\u00f3lo tengo que extender la mano para encontrarlo. Incluso ahora mismo mis dedos ya lo est\u00e1n tocando. est\u00e1 muy cerca. No es necesario que espere ni un instante m\u00e1s para estar en paz para siempre. Es a Ti a Quien elijo, y a mi Identidad junto Contigo. Tu Hijo quiere ser \u00e9l mismo, y reconocerte como su Padre y Creador, as\u00ed como su Amor.<\/p>\n<p> <span style=\"color: rgb(173,75,253);\">*\u00b4\u00a8) <\/span> <span style=\"color: rgb(253,33,15);\">?<\/span> <span style=\"color: rgb(255,62,228);\"><strong>H O &#8216; O P O N O P O N O<\/strong><\/span> <span style=\"color: rgb(253,33,15);\">?<\/span><br \/>\n <span style=\"color: rgb(173,75,253);\">\u00b8.\u2022\u00b4 \u00b8.\u2022*\u00b4\u00a8) \u00b8.\u2022*\u00a8)\u00b8.\u2022*\u00a8)\u00b8.\u2022*\u00a8)\u00b8.\u2022*\u00a8)<br \/>\n(\u00b8.\u2022\u00b4 <\/span> <span style=\"color: rgb(253,208,16);\">+LUZ<\/span>   <span style=\"color: rgb(41,255,86);\">P+A+Z  <\/span><span style=\"color: rgb(173,75,253);\">y<\/span>  <span style=\"color: rgb(237,108,255);\">A*M*O*R <\/span>  <span style=\"color: rgb(173,75,253);\">(\u00b8.\u2022`<\/span><\/p>\n<p>Pensamiento del jueves 20 de diciembre de 2012<\/p>\n<p>Sea hombre o mujer, el ser que ha encontrado verdaderamente su alma gemela, es decir que ha encontrado en s\u00ed mismo su principio complementario, tiene la sensaci\u00f3n de reencontrar este principio por todas partes, en todas las criaturas. Ama a todas las mujeres y a todos los hombres sobre la tierra, les ama espiritualmente y se siente feliz a causa de su alma gemela que le ha colmado. No experimenta ya esta falta que le obliga a buscar continuamente c\u00f3mo remediarla, siente que todos los encuentros que hace contribuyen a enriquecerle. S\u00ed, cuando hab\u00e9is realizado la plenitud en vosotros, descubr\u00eds vuestro principio complementario en todas las criaturas. \u00c9stas son experiencias inexplicables e inexpresables. S\u00f3lo aquel que las ha realizado puede comprenderlas. Pero para llegar hasta aqu\u00ed \u00a1qu\u00e9 camino hay que recorrer! Sufrir siempre, sentirse decepcionado, buscar siempre un ser y no encontrarlo\u2026 Nos decimos: \u00ab\u00a1Ah! Aqu\u00ed est\u00e1.\u00bb Pero luego, alg\u00fan tiempo despu\u00e9s nos damos cuenta que no era \u00e9l. Entonces, \u00bfquiz\u00e1 pueda ser otro?&#8230; Y esto contin\u00faa as\u00ed hasta que nos damos cuenta que lo poseemos dentro de nosotros mismos. Pero el d\u00eda en el que lo encontramos en nosotros mismos, lo encontramos por todas partes fuera de nosotros. Ahora, comprendedme bien, yo no desaconsejo ni condeno el amor f\u00edsico, la uni\u00f3n f\u00edsica, s\u00f3lo os explico que si quer\u00e9is realmente encontrar la plenitud, es en vosotros mismos, primero, en qui\u00e9n deb\u00e9is realizar la uni\u00f3n de los dos principios.<\/p>\n<p>Omraam Mikha\u00ebl A\u00efvanhov<\/p>\n<p> <span style=\"color: rgb(173,75,253);\">*\u00b4\u00a8) <\/span> <span style=\"color: rgb(253,33,15);\">?<\/span> <span style=\"color: rgb(255,62,228);\"><strong>H O &#8216; O P O N O P O N O<\/strong><\/span> <span style=\"color: rgb(253,33,15);\">?<\/span><br \/>\n <span style=\"color: rgb(173,75,253);\">\u00b8.\u2022\u00b4 \u00b8.\u2022*\u00b4\u00a8) \u00b8.\u2022*\u00a8)\u00b8.\u2022*\u00a8)\u00b8.\u2022*\u00a8)\u00b8.\u2022*\u00a8)<br \/>\n(\u00b8.\u2022\u00b4 <\/span> <span style=\"color: rgb(253,208,16);\">+LUZ<\/span>   <span style=\"color: rgb(41,255,86);\">P+A+Z  <\/span><span style=\"color: rgb(173,75,253);\">y<\/span>  <span style=\"color: rgb(237,108,255);\">A*M*O*R <\/span>  <span style=\"color: rgb(173,75,253);\">(\u00b8.\u2022`<\/span><\/p>\n<p>When people thought the world was flat, it wasn&#8217;t that their thinking was distorted, (The data that they were collecting gave them that information.) it was that they were not broadsighted enough to step back far enough to see the big picture. And that&#8217;s what we see with so many of you: You are so close to the reality that you are creating, that you sometimes can&#8217;t see the bigger picture. &#8211; Abraham<\/p>\n<p> <span style=\"color: rgb(173,75,253);\">*\u00b4\u00a8) <\/span> <span style=\"color: rgb(253,33,15);\">?<\/span> <span style=\"color: rgb(255,62,228);\"><strong>H O &#8216; O P O N O P O N O<\/strong><\/span> <span style=\"color: rgb(253,33,15);\">?<\/span><br \/>\n <span style=\"color: rgb(173,75,253);\">\u00b8.\u2022\u00b4 \u00b8.\u2022*\u00b4\u00a8) \u00b8.\u2022*\u00a8)\u00b8.\u2022*\u00a8)\u00b8.\u2022*\u00a8)\u00b8.\u2022*\u00a8)<br \/>\n(\u00b8.\u2022\u00b4 <\/span> <span style=\"color: rgb(253,208,16);\">+LUZ<\/span>   <span style=\"color: rgb(41,255,86);\">P+A+Z  <\/span><span style=\"color: rgb(173,75,253);\">y<\/span>  <span style=\"color: rgb(237,108,255);\">A*M*O*R <\/span>  <span style=\"color: rgb(173,75,253);\">(\u00b8.\u2022`<\/span> &lt;3<\/p>\n","protected":false},"excerpt":{"rendered":"<p>Jueves 20 de Diciembre de 2012 Una peque\u00f1a cosa Algo bueno lleva, naturalmente, a otra cosa, tambi\u00e9n buena. As\u00ed que mu\u00e9vete, ahora mismo, y haz algo bueno. Basta con apenas&hellip; <a href=\"https:\/\/www.vivesur.com\/wpblog\/jueves-20-de-diciembre-de-2012\/\" class=\"apace-readmore-link\">Read more<\/a><\/p>\n","protected":false},"author":1,"featured_media":0,"comment_status":"open","ping_status":"open","sticky":false,"template":"","format":"standard","meta":[],"categories":[1,8],"tags":[],"_links":{"self":[{"href":"https:\/\/www.vivesur.com\/wpblog\/wp-json\/wp\/v2\/posts\/5647"}],"collection":[{"href":"https:\/\/www.vivesur.com\/wpblog\/wp-json\/wp\/v2\/posts"}],"about":[{"href":"https:\/\/www.vivesur.com\/wpblog\/wp-json\/wp\/v2\/types\/post"}],"author":[{"embeddable":true,"href":"https:\/\/www.vivesur.com\/wpblog\/wp-json\/wp\/v2\/users\/1"}],"replies":[{"embeddable":true,"href":"https:\/\/www.vivesur.com\/wpblog\/wp-json\/wp\/v2\/comments?post=5647"}],"version-history":[{"count":0,"href":"https:\/\/www.vivesur.com\/wpblog\/wp-json\/wp\/v2\/posts\/5647\/revisions"}],"wp:attachment":[{"href":"https:\/\/www.vivesur.com\/wpblog\/wp-json\/wp\/v2\/media?parent=5647"}],"wp:term":[{"taxonomy":"category","embeddable":true,"href":"https:\/\/www.vivesur.com\/wpblog\/wp-json\/wp\/v2\/categories?post=5647"},{"taxonomy":"post_tag","embeddable":true,"href":"https:\/\/www.vivesur.com\/wpblog\/wp-json\/wp\/v2\/tags?post=5647"}],"curies":[{"name":"wp","href":"https:\/\/api.w.org\/{rel}","templated":true}]}}