{"id":5120,"date":"2012-09-13T10:31:18","date_gmt":"2012-09-13T08:31:18","guid":{"rendered":"http:\/\/vivesur.com\/wpblog\/?p=5120"},"modified":"2012-09-13T10:31:18","modified_gmt":"2012-09-13T08:31:18","slug":"jueves-13-de-septiembre-de-2012","status":"publish","type":"post","link":"https:\/\/www.vivesur.com\/wpblog\/jueves-13-de-septiembre-de-2012\/","title":{"rendered":"Jueves 13 de Septiembre de 2012"},"content":{"rendered":"<p>Jueves 13 de Septiembre de 2012<\/p>\n<p><strong>La fuerza de la disciplina<\/strong><br \/>\n<span style=\"font-size: 12pt;\"><img loading=\"lazy\" src=\"http:\/\/vivesur.com\/wpblog\/wp-content\/uploads\/2012\/09\/wpid-13912-2012-09-13-10-31.jpg\" alt=\"wpid-13912-2012-09-13-10-31.jpg\" width=\"1011\" height=\"758\" \/><\/span><br \/>\nSumar un poquito de auto-disciplina a tu vida puede resultar, inicialmente, un tanto doloroso. Pero puede hacerte sentir, muy r\u00e1pidamente, much\u00edsimo mejor respecto de ti mismo y de tu propia situaci\u00f3n.<\/p>\n<p>Agregar un mont\u00f3n de disciplina a tu vida requiere compromiso, y que est\u00e9s muy atento. Y tambi\u00e9n garantiza el \u00e9xito a largo plazo.<\/p>\n<p>\u00bfCu\u00e1l de las \u00e1reas de tu vida podr\u00eda beneficiarse a partir de un poquito m\u00e1s de auto-disciplina? \u00bfCu\u00e1l de tus maravillosos sue\u00f1os podr\u00edas alcanzar a trav\u00e9s de un esfuerzo bien enfocado y disciplinado?<\/p>\n<p>La disciplina no resulta complicada de aplicar ni est\u00e1 fuera de tu alcance. No es otra cosa, realmente, que hacer aquello que sabes que debes hacer, de una manera consistente y oportuna.<\/p>\n<p>La fuerza de la auto-disciplina ser\u00e1 tuya en el preciso instante en que decidas ponerla en pr\u00e1ctica. Y siempre se trata de una de las opciones m\u00e1s efectivas que tienes a tu alcance.<\/p>\n<p>Decide ejercitar la disciplina en aquello que t\u00fa ya sabes que tienes la capacidad de hacer. Y \u00e1brete paso a trav\u00e9s de los l\u00edmites que, hasta entonces, te paralizaban.<\/p>\n<p> <span style=\"color: rgb(173,75,253);\">*\u00b4\u00a8) <\/span> <span style=\"color: rgb(253,33,15);\">?<\/span> <span style=\"color: rgb(255,62,228);\"><strong>H O &#8216; O P O N O P O N O<\/strong><\/span> <span style=\"color: rgb(253,33,15);\">?<\/span><br \/>\n <span style=\"color: rgb(173,75,253);\">\u00b8.\u2022\u00b4 \u00b8.\u2022*\u00b4\u00a8) \u00b8.\u2022*\u00a8)\u00b8.\u2022*\u00a8)\u00b8.\u2022*\u00a8)\u00b8.\u2022*\u00a8)<br \/>\n(\u00b8.\u2022\u00b4 <\/span> <span style=\"color: rgb(253,208,16);\">+LUZ<\/span>   <span style=\"color: rgb(41,255,86);\">P+A+Z  <\/span><span style=\"color: rgb(173,75,253);\">y<\/span>  <span style=\"color: rgb(237,108,255);\">A*M*O*R <\/span>  <span style=\"color: rgb(173,75,253);\">(\u00b8.\u2022`<\/span><\/p>\n<p>N S 1. 25. 2. 22.  Dali. Onix. Mantra: OM. Corona (jueves 13-9-2012)<\/p>\n<p><strong>ESTRELLA AUTEXISTENTE AMARILLA \u2013 Kin 108 \u2013 P.A.G. \u2013 GM108X<br \/>\n<\/strong><br \/>\nESTRELLA: Acci\u00f3n: EMBELLECER. Poder: ELEGANCIA. Esencia: ARTE.<\/p>\n<p>AUTOEXISTENTE: Acci\u00f3n: MEDIR. Poder: DEFINIR. Esencia FORMA.<\/p>\n<p>La C\u00e1mara Autoexistente, identifica la forma. \u00bfCu\u00e1l es la forma de la acci\u00f3n?<\/p>\n<p>Faltan 99 d\u00edas. Heptada 8 amarilla \u201cEl So\u00f1ar Evoluciona el Amor\u201d. Hoy es Estrella Autoexistente Amarilla, Kin 108, GM108X, o lo que es lo mismo, el kin cuyo P. A. G. conecta con los Maya Gal\u00e1cticos. De aqu\u00ed sali\u00f3 mucha de la informaci\u00f3n que Valum Votan nos ha ense\u00f1ado sobre la Ley del Tiempo. <a href=\"http:\/\/ondaencantada.com\/wp-content\/uploads\/2012\/09\/GM108X-Estrella-Autoexistente-Amarilla-Kin-108.pdf\">http:\/\/ondaencantada.com\/wp-content\/uploads\/2012\/09\/GM108X-Estrella-Autoexistente-Amarilla-Kin-108.pdf<\/a>. Estos d\u00edas de P. A. G. del Tzolkin, la energ\u00eda es m\u00e1s potente, y adem\u00e1s van todos seguidos. Prestamos mucha atenci\u00f3n a nuestros comportamientos y reacciones para que mantengan su belleza y elegancia propia del artista que somos. LAS ESTRELLAS NOS MUESTRAN LA FE Y LA ESPERANZA EN QUE A TRAVES DE ELLAS, PODAMOS CONOCER OTROS LUGARES DE LA GALAXIA Y UNIVERSO EN DONDE TAMBI\u00c9N HAY VIDA INTELIGENTE. \u00a1YO SOY PURA ARMON\u00cdA! \u00a1MI VIDA MANIFIESTA UN ARTE MUY ESPECIAL, PROPIO DE LOS SERES EVOLUCIONADOS!<\/p>\n<p> <span style=\"color: rgb(173,75,253);\">*\u00b4\u00a8) <\/span> <span style=\"color: rgb(253,33,15);\">?<\/span> <span style=\"color: rgb(255,62,228);\"><strong>H O &#8216; O P O N O P O N O<\/strong><\/span> <span style=\"color: rgb(253,33,15);\">?<\/span><br \/>\n <span style=\"color: rgb(173,75,253);\">\u00b8.\u2022\u00b4 \u00b8.\u2022*\u00b4\u00a8) \u00b8.\u2022*\u00a8)\u00b8.\u2022*\u00a8)\u00b8.\u2022*\u00a8)\u00b8.\u2022*\u00a8)<br \/>\n(\u00b8.\u2022\u00b4 <\/span> <span style=\"color: rgb(253,208,16);\">+LUZ<\/span>   <span style=\"color: rgb(41,255,86);\">P+A+Z  <\/span><span style=\"color: rgb(173,75,253);\">y<\/span>  <span style=\"color: rgb(237,108,255);\">A*M*O*R <\/span>  <span style=\"color: rgb(173,75,253);\">(\u00b8.\u2022`<\/span><\/p>\n<p><strong>UCDM &#8211; LECCI\u00d3N 257 \u2013 Que no me olvide de mi prop\u00f3sito.<br \/>\n<\/strong><br \/>\nSi me olvido de mi objetivo no podr\u00e9 sino estar confundido e inseguro acerca de qui\u00e9n soy, y as\u00ed, mis acciones no podr\u00e1n sino ser conflictivas. Nadie puede estar al servicio de objetivos contradictorios, y servirlo bien. Tampoco puede desenvolverse sin que se abata sobre \u00e9l una profunda angustia y depresi\u00f3n. Resolvamos hoy, por lo tanto, recordar lo que queremos realmente, para as\u00ed unificar nuestros pensamientos y acciones de manera que tengan sentido y para llevar a cabo \u00fanicamente lo que Dios quiere que hagamos este d\u00eda.<\/p>\n<p>Padre, el perd\u00f3n es el medio que T\u00fa has elegido para nuestra salvaci\u00f3n. No permitas que nos olvidemos hoy de que no tenemos otra voluntad que la Tuya. Y as\u00ed, nuestro prop\u00f3sito tiene asimismo que ser el Tuyo si queremos alcanzar la paz que T\u00fa has dispuesto para nosotros.<\/p>\n<p> <span style=\"color: rgb(173,75,253);\">*\u00b4\u00a8) <\/span> <span style=\"color: rgb(253,33,15);\">?<\/span> <span style=\"color: rgb(255,62,228);\"><strong>H O &#8216; O P O N O P O N O<\/strong><\/span> <span style=\"color: rgb(253,33,15);\">?<\/span><br \/>\n <span style=\"color: rgb(173,75,253);\">\u00b8.\u2022\u00b4 \u00b8.\u2022*\u00b4\u00a8) \u00b8.\u2022*\u00a8)\u00b8.\u2022*\u00a8)\u00b8.\u2022*\u00a8)\u00b8.\u2022*\u00a8)<br \/>\n(\u00b8.\u2022\u00b4 <\/span> <span style=\"color: rgb(253,208,16);\">+LUZ<\/span>   <span style=\"color: rgb(41,255,86);\">P+A+Z  <\/span><span style=\"color: rgb(173,75,253);\">y<\/span>  <span style=\"color: rgb(237,108,255);\">A*M*O*R <\/span>  <span style=\"color: rgb(173,75,253);\">(\u00b8.\u2022`<\/span><\/p>\n<p>Pensamiento del jueves 13 de septiembre de 2012<\/p>\n<p>\u00bfC\u00f3mo ha podido la humanidad sobrevivir y desarrollarse sobre la tierra? <strong>Gracias a la agricultura<\/strong>. Y \u00bfen qu\u00e9 consiste la agricultura? En enterrar en el suelo semillas, plantas. Con el tiempo, una semilla produce cientos de otras semillas, y una planta se convierte en un \u00e1rbol cubierto de frutos. De este modo, para vivir en la abundancia, es necesario, al menos, empezar por sembrar una semilla, por plantar un \u00e1rbol. En el mundo espiritual, como en el mundo f\u00edsico, si quer\u00e9is recibir el amor, la luz, la felicidad, todas las bendiciones del Cielo, deb\u00e9is tambi\u00e9n sembrar, plantar. Y aqu\u00ed, evidentemente, las semillas y las plantas son de otra naturaleza: <strong>pensamientos, sentimientos, actos, palabras, miradas, sonrisas inspiradas por todo lo que pose\u00e9is de mejor en vuestro coraz\u00f3n y en vuestra alma<\/strong>. Y a cambio, recibir\u00e9is flores y frutos en abundancia.<\/p>\n<p>Omraam Mikha\u00ebl A\u00efvanhov<\/p>\n<p> <span style=\"color: rgb(173,75,253);\">*\u00b4\u00a8) <\/span> <span style=\"color: rgb(253,33,15);\">?<\/span> <span style=\"color: rgb(255,62,228);\"><strong>H O &#8216; O P O N O P O N O<\/strong><\/span> <span style=\"color: rgb(253,33,15);\">?<\/span><br \/>\n <span style=\"color: rgb(173,75,253);\">\u00b8.\u2022\u00b4 \u00b8.\u2022*\u00b4\u00a8) \u00b8.\u2022*\u00a8)\u00b8.\u2022*\u00a8)\u00b8.\u2022*\u00a8)\u00b8.\u2022*\u00a8)<br \/>\n(\u00b8.\u2022\u00b4 <\/span> <span style=\"color: rgb(253,208,16);\">+LUZ<\/span>   <span style=\"color: rgb(41,255,86);\">P+A+Z  <\/span><span style=\"color: rgb(173,75,253);\">y<\/span>  <span style=\"color: rgb(237,108,255);\">A*M*O*R <\/span>  <span style=\"color: rgb(173,75,253);\">(\u00b8.\u2022`<\/span><\/p>\n<p>We would demonstrate to everyone that we are cheerful, that we are optimistic, that we are happy, that we are looking for the best-feeling thought that we can find \u2014 and that we&#8217;ve practiced it so much that we often find it. And then, as people say to you, in accusing tones, &#8220;Oh, you are a Pollyanna,&#8221; announce to them, &#8220;Pollyanna lived a very happy life.&#8221; &#8211; Abraham<\/p>\n<p> <span style=\"color: rgb(173,75,253);\">*\u00b4\u00a8) <\/span> <span style=\"color: rgb(253,33,15);\">?<\/span> <span style=\"color: rgb(255,62,228);\"><strong>H O &#8216; O P O N O P O N O<\/strong><\/span> <span style=\"color: rgb(253,33,15);\">?<\/span><br \/>\n <span style=\"color: rgb(173,75,253);\">\u00b8.\u2022\u00b4 \u00b8.\u2022*\u00b4\u00a8) \u00b8.\u2022*\u00a8)\u00b8.\u2022*\u00a8)\u00b8.\u2022*\u00a8)\u00b8.\u2022*\u00a8)<br \/>\n(\u00b8.\u2022\u00b4 <\/span> <span style=\"color: rgb(253,208,16);\">+LUZ<\/span>   <span style=\"color: rgb(41,255,86);\">P+A+Z  <\/span><span style=\"color: rgb(173,75,253);\">y<\/span>  <span style=\"color: rgb(237,108,255);\">A*M*O*R <\/span>  <span style=\"color: rgb(173,75,253);\">(\u00b8.\u2022`<\/span><\/p>\n","protected":false},"excerpt":{"rendered":"<p>Jueves 13 de Septiembre de 2012 La fuerza de la disciplina Sumar un poquito de auto-disciplina a tu vida puede resultar, inicialmente, un tanto doloroso. Pero puede hacerte sentir, muy&hellip; <a href=\"https:\/\/www.vivesur.com\/wpblog\/jueves-13-de-septiembre-de-2012\/\" class=\"apace-readmore-link\">Read more<\/a><\/p>\n","protected":false},"author":1,"featured_media":0,"comment_status":"open","ping_status":"open","sticky":false,"template":"","format":"standard","meta":[],"categories":[1,8],"tags":[],"_links":{"self":[{"href":"https:\/\/www.vivesur.com\/wpblog\/wp-json\/wp\/v2\/posts\/5120"}],"collection":[{"href":"https:\/\/www.vivesur.com\/wpblog\/wp-json\/wp\/v2\/posts"}],"about":[{"href":"https:\/\/www.vivesur.com\/wpblog\/wp-json\/wp\/v2\/types\/post"}],"author":[{"embeddable":true,"href":"https:\/\/www.vivesur.com\/wpblog\/wp-json\/wp\/v2\/users\/1"}],"replies":[{"embeddable":true,"href":"https:\/\/www.vivesur.com\/wpblog\/wp-json\/wp\/v2\/comments?post=5120"}],"version-history":[{"count":0,"href":"https:\/\/www.vivesur.com\/wpblog\/wp-json\/wp\/v2\/posts\/5120\/revisions"}],"wp:attachment":[{"href":"https:\/\/www.vivesur.com\/wpblog\/wp-json\/wp\/v2\/media?parent=5120"}],"wp:term":[{"taxonomy":"category","embeddable":true,"href":"https:\/\/www.vivesur.com\/wpblog\/wp-json\/wp\/v2\/categories?post=5120"},{"taxonomy":"post_tag","embeddable":true,"href":"https:\/\/www.vivesur.com\/wpblog\/wp-json\/wp\/v2\/tags?post=5120"}],"curies":[{"name":"wp","href":"https:\/\/api.w.org\/{rel}","templated":true}]}}