{"id":4858,"date":"2012-07-10T12:55:53","date_gmt":"2012-07-10T10:55:53","guid":{"rendered":"http:\/\/vivesur.com\/wpblog\/?p=4858"},"modified":"2012-07-10T12:55:53","modified_gmt":"2012-07-10T10:55:53","slug":"martes-10-de-julio-de-2012","status":"publish","type":"post","link":"https:\/\/www.vivesur.com\/wpblog\/martes-10-de-julio-de-2012\/","title":{"rendered":"Martes 10 de Julio de 2012"},"content":{"rendered":"<p>Martes 10 de Julio de 2012<\/p>\n<p><strong>Negativo a positivo <\/strong><\/p>\n<p>La energ\u00eda positiva es realmente muy parecida a la energ\u00eda negativa. S\u00f3lo que est\u00e1 enfocada en una direcci\u00f3n diferente.<\/p>\n<p>La mejor manera de lidiar con la energ\u00eda negativa no es luchar contra ella. En cambio, aprov\u00e9chala positivamente, enfoc\u00e1ndola en otra direcci\u00f3n.<\/p>\n<p>Por ejemplo, en el centro mismo de la frustraci\u00f3n, quitando del medio las circunstancias, se siente algo muy parecido al entusiasmo. Y de hecho, por el simple hecho de enfocar la energ\u00eda de esa frustraci\u00f3n en una direcci\u00f3n diferente, podr\u00edas transformarla en entusiasmo.<\/p>\n<p>Para cada una de las cosas que sientas la apremiante necesidad de oponerte, hay alguna otra que podr\u00edas apoyar. Cada instancia de energ\u00eda negativa tiene su contraparte positiva.<\/p>\n<p>Cada vez que sientes que has adoptado una actitud negativa, est\u00e1s muy cerca de ser positivo. Simplemente decide enfocar la intensidad de tus sentimientos en aquellos que realmente valoras y aprecias, en lugar de hacerlo en aquello que no deseas.<br \/>\nNo importa qu\u00e9 sea que se cruce en tu camino, puedes enfocar la fuerza considerable de tu vida en una direcci\u00f3n positiva. Recuerda a favor de qu\u00e9 estas, y enf\u00f3cate en ello.<\/p>\n<p> <span style=\"color: rgb(173,75,253);\">*\u00b4\u00a8) <\/span> <span style=\"color: rgb(253,33,15);\">?<\/span> <span style=\"color: rgb(255,62,228);\"><strong>H O &#8216; O P O N O P O N O<\/strong><\/span> <span style=\"color: rgb(253,33,15);\">?<\/span><br \/>\n <span style=\"color: rgb(173,75,253);\">\u00b8.\u2022\u00b4 \u00b8.\u2022*\u00b4\u00a8) \u00b8.\u2022*\u00a8)\u00b8.\u2022*\u00a8)\u00b8.\u2022*\u00a8)\u00b8.\u2022*\u00a8)<br \/>\n(\u00b8.\u2022\u00b4 <\/span> <span style=\"color: rgb(253,208,16);\">+LUZ<\/span>   <span style=\"color: rgb(41,255,86);\">P+A+Z  <\/span><span style=\"color: rgb(173,75,253);\">y<\/span>  <span style=\"color: rgb(237,108,255);\">A*M*O*R <\/span>  <span style=\"color: rgb(173,75,253);\">(\u00b8.\u2022`<\/span><\/p>\n<p>N S 1. 24. 13. 14. Silio. Oro. Mantra: HRAIM. Coraz\u00f3n (martes 10-7-2012)<\/p>\n<p><strong>NOCHE AUTOEXISTENTE AZUL \u2013 Kin 43 \u2013 Portal de Activaci\u00f3n Gal\u00e1ctica<br \/>\n<\/strong><br \/>\nNOCHE: Acci\u00f3n: SO\u00d1AR. Poder: ABUNDANCIA. Esencia: INTUICI\u00d3N.<\/p>\n<p>AUTOEXISTENTE: Acci\u00f3n: MEDIR. Poder: DEFINIR. Esencia: FORMA.<\/p>\n<p>La C\u00e1mara Autoexistente, identifica la forma. \u00bfCu\u00e1l es la forma de la acci\u00f3n?<\/p>\n<p>Faltan 164 d\u00edas. \u00bfDe qu\u00e9 forma podemos convertirnos en Sol e Iluminar? Tomando consciencia de la Noche, del lugar en donde tenemos los sue\u00f1os y las ilusiones m\u00e1s profundas y aut\u00e9nticas. Cuando nadie nos ve y nos puede molestar. Cuando conectamos con el sol interior por medio de los sue\u00f1os. \u00bfCrees en los sue\u00f1os? \u00bfQu\u00e9 nos revelan? \u00bfAlguna vez has tenido alguno que considerar\u00edas como muy m\u00e1gico? El sol, con su amor universal, nos permite tener todas las experiencias que necesitamos. Las propone el Sol, las recuerda con el Drag\u00f3n, las activa con el Viento, y les da forma en nuestras vidas la Noche para llegar a florecer con la Semilla.TEN FE EN LAS CIRCUNSTANCIAS QUE ESTAS VIVIENDO. PIDE ILUMINACI\u00d3N EN LA NOCHE PARA CLARIFICAR TUS IDEAS Y DECISIONES. RECUERDA, CUANDO LLEGA LA NOCHE, EL SOL NO SE VA, ES LA TIERRA LA QUE  SIGUE GIRANDO ALREDEDOR DE SU EJE, PERMITIENDO QUE EL OTRO LADO DEL PLANETA, RECIBA DE IGUAL FORMA SU ENERG\u00cdA Y LUZ. TIENE DOS ALTERNADORES COMO EL PUENTE ARCO IRIS CIRCUMPOLAR QUE EST\u00c1 ESTABILIZADO A 180\u00ba ALREDEDOR DE LA TIERRA. \u00a1EN EL CUERPO TAMBI\u00c9N EST\u00c1N! \u00bfLOS PERCIBES? \u00bfLOS CREAS? \u00bfLOS ACTIVAS?<\/p>\n<p> \u00a1MEDITACI\u00d3N DEL PUENTE ARCO IRIS CIRCUMPOLAR! <a href=\"http:\/\/ondaencantada.com\/wp-content\/uploads\/2011\/05\/Meditaci\u00f3n-Arco-Iris-Circumpolar.pdf\">http:\/\/ondaencantada.com\/wp-content\/uploads\/2011\/05\/Meditaci%C3%B3n-Arco-Iris-Circumpolar.pdf<\/a><\/p>\n<p> <span style=\"color: rgb(173,75,253);\">*\u00b4\u00a8) <\/span> <span style=\"color: rgb(253,33,15);\">?<\/span> <span style=\"color: rgb(255,62,228);\"><strong>H O &#8216; O P O N O P O N O<\/strong><\/span> <span style=\"color: rgb(253,33,15);\">?<\/span><br \/>\n <span style=\"color: rgb(173,75,253);\">\u00b8.\u2022\u00b4 \u00b8.\u2022*\u00b4\u00a8) \u00b8.\u2022*\u00a8)\u00b8.\u2022*\u00a8)\u00b8.\u2022*\u00a8)\u00b8.\u2022*\u00a8)<br \/>\n(\u00b8.\u2022\u00b4 <\/span> <span style=\"color: rgb(253,208,16);\">+LUZ<\/span>   <span style=\"color: rgb(41,255,86);\">P+A+Z  <\/span><span style=\"color: rgb(173,75,253);\">y<\/span>  <span style=\"color: rgb(237,108,255);\">A*M*O*R <\/span>  <span style=\"color: rgb(173,75,253);\">(\u00b8.\u2022`<\/span><\/p>\n<p>LECCI\u00d3N 192 \u2013 Tengo una funci\u00f3n que Dios quiere que desempe\u00f1e<\/p>\n<p>La santa Voluntad de tu Padre es que t\u00fa lo completes, y que tu Ser sea Su Hijo sagrado, por siempre puro como \u00c9l, creado del Amor y en \u00e9l preservado, extendiendo amor y creando en su Nombre, por siempre uno con Dios y con tu Ser. Mas \u00bfqu\u00e9 sentido puede tener tal funci\u00f3n en un mundo de envidia, odio y ataque?<\/p>\n<p>Tienes, por lo tanto, una funci\u00f3n en el mundo de acuerdo a sus propias normas. Pues, \u00bfqui\u00e9n podr\u00eda entender un lenguaje que est\u00e1 mucho m\u00e1s all\u00e1 de lo que buenamente puede entender? El perd\u00f3n es tu funci\u00f3n aqu\u00ed. No es algo que Dios haya creado, ya que es el medio por el que se puede erradicar lo que no es verdad. Pues, \u00bfqu\u00e9 necesidad tiene el Cielo de perd\u00f3n? En la tierra, no obstante, tienes necesidad de los medios que te ayudan a abandonar las ilusiones. La creaci\u00f3n aguarda tu regreso simplemente para ser reconocida, no para ser integra.<br \/>\nLo que la creaci\u00f3n es no puede ni siquiera concebirse en el mundo. No tiene sentido aqu\u00ed. El perd\u00f3n es lo que m\u00e1s se le asemeja aqu\u00ed en la tierra. Pues al haber nacido en el Cielo, carece de forma. Dios, sin embargo, cre\u00f3 a Uno con el poder de traducir a formas lo que no tiene forma en absoluto. Lo que \u00c9l hace es forjar sue\u00f1os, pero de una clase tan similar al acto de despertar que la luz del d\u00eda ya refulge en ellos, y los ojos que ya empiezan a abrirse contemplan los felices panoramas que esos sue\u00f1os les ofrecen.<\/p>\n<p>El perd\u00f3n contempla dulcemente todas las cosas que son desconocidas en el Cielo, las ve desaparecer, y deja al mundo como una pizarra limpia y sin marcas en la que la Palabra de Dios puede ahora reemplazar a los absurdos s\u00edmbolos que antes estaban escritos all\u00ed. El perd\u00f3n es el medio por el que se supera el miedo a la muerte, pues \u00e9sta deja de ejercer su poderosa atracci\u00f3n y la culpabilidad desaparece. El perd\u00f3n permite que el cuerpo sea percibido como lo que es: un simple recurso de ense\u00f1anza del que se prescinde cuando el aprendizaje haya terminado, pero que es incapaz de efectuar cambio alguno en el que aprende.<\/p>\n<p>La mente no puede cometer errores sin un cuerpo. No puede pensar que va a morir o ser v\u00edctima de ataques despiadados. La ira se ha vuelto imposible. \u00bfD\u00f3nde est\u00e1 el terror ahora? \u00bfQu\u00e9 temores podr\u00edan a\u00fan acosar a los que han perdido la fuente de todo ataque, el n\u00facleo de la angustia y la sede del temor? s\u00f3lo el perd\u00f3n puede liberar a la mente de la idea de que el cuerpo es su hogar. lo el perd\u00f3n puede restituir la paz que Dios dispuso para Su santo Hijo. S\u00f3lo el perd\u00f3n puede persuadir al Hijo a que contemple de nuevo su santidad.<\/p>\n<p>Una vez que la ira haya desaparecido, podr\u00e1s percibir que a cambio de la visi\u00f3n de Cristo y del don de la vista no se te pidi\u00f3 sacrificio alguno, y que lo \u00fanico que ocurri\u00f3 fue que una mente enferma y atormentada se liber\u00f3 de su dolor. \u00bfEs esto indeseable? \u00bfEs algo de lo que hay que tener miedo? \u00bfO bien es algo que se debe anhelar, recibir con gratitud y aceptar jubilosamente? somos Uno por lo tanto, no renunciamos a nada. Y Dios ciertamente nos ha dado todo.<\/p>\n<p>No obstante, necesitamos el perd\u00f3n para percibir que esto es as\u00ed. Sin su ben\u00e9vola luz, andamos a tientas en la obscuridad usando la raz\u00f3n \u00fanicamente para justificar nuestra furia y nuestros ataques. Nuestro entendimiento es tan limitado que aquello que creemos comprender no es m\u00e1s que confusi\u00f3n nacida del error. Nos encontramos perdidos en las brumas de sue\u00f1os cambiantes y pensamientos temibles, con los ojos herm\u00e9ticamente cerrados para no ver la luz, y las mentes ocupadas en rendir culto a lo que no est\u00e1 ah\u00ed.<\/p>\n<p>\u00bfQui\u00e9n puede nacer de nuevo en Cristo sino aquel que ha perdonado a todos los que ve, o en los que piensa o se imagina? \u00bfQui\u00e9n que mantenga a otro prisionero puede ser liberado? Un carcelero no puede ser libre, pues se encuentra atado al que tiene preso. Tiene que asegurarse de que no escape, y as\u00ed, pasa su tiempo vigil\u00e1ndolo. Y los barrotes que mantienen cautivo al preso se convierten en el mundo en el que su carcelero vive all\u00ed con \u00e9l. Sin embargo, de la liberaci\u00f3n del preso depende que el camino de la libertad quede despejado para los dos.<\/p>\n<p>Por lo tanto, no mantengas a nadie prisionero. Libera en vez de aprisionar, pues de esa manera t\u00fa quedas libre. Los pasos a seguir son muy sencillos. Cada vez que sientas una punzada de c\u00f3lera, reconoce que sostienes una espada sobre tu cabeza. Y \u00e9sta te atravesar\u00e1 o no, dependiendo de si eliges estar condenado o ser libre. As\u00ed pues, todo aquel que aparentemente te tienta a sentir ira representa tu salvador de la prisi\u00f3n de la muerte. Por lo tanto, debes estarle agradecido en lugar de querer infligirle dolor.<\/p>\n<p>S\u00e9 misericordioso hoy. El Hijo de Dios es digno de tu misericordia. \u00c9l es quien te pide que aceptes el camino de la libertad ahora. No te niegues a ello. El Amor que su Padre le profesa te lo profesa a ti tambi\u00e9n. Tu \u00fanica funci\u00f3n aqu\u00ed en la tierra es perdonarlo, para que puedas volver a aceptarlo como tu Identidad. \u00c9l es tal como Dios lo cre\u00f3. Y t\u00fa eres lo que \u00e9l es. Perd\u00f3nale ahora sus pecados y ver\u00e1s que eres uno con \u00e9l.<\/p>\n<p> <span style=\"color: rgb(173,75,253);\">*\u00b4\u00a8) <\/span> <span style=\"color: rgb(253,33,15);\">?<\/span> <span style=\"color: rgb(255,62,228);\"><strong>H O &#8216; O P O N O P O N O<\/strong><\/span> <span style=\"color: rgb(253,33,15);\">?<\/span><br \/>\n <span style=\"color: rgb(173,75,253);\">\u00b8.\u2022\u00b4 \u00b8.\u2022*\u00b4\u00a8) \u00b8.\u2022*\u00a8)\u00b8.\u2022*\u00a8)\u00b8.\u2022*\u00a8)\u00b8.\u2022*\u00a8)<br \/>\n(\u00b8.\u2022\u00b4 <\/span> <span style=\"color: rgb(253,208,16);\">+LUZ<\/span>   <span style=\"color: rgb(41,255,86);\">P+A+Z  <\/span><span style=\"color: rgb(173,75,253);\">y<\/span>  <span style=\"color: rgb(237,108,255);\">A*M*O*R <\/span>  <span style=\"color: rgb(173,75,253);\">(\u00b8.\u2022`<\/span><\/p>\n<p>Pensamiento del martes 10 de julio de 2012<\/p>\n<p>Cuando cantamos, fisiol\u00f3gicamente, desde la garganta hasta el diafragma, algo poderoso se pone en movimiento, y la voz fluye. Es por ello que cantar libera de tensiones y de pesadumbres interiores. \u00bfQu\u00e9 sabemos de los \u00e1ngeles? Se les representa como criaturas aladas y que cantan. Como los p\u00e1jaros; el \u00e1ngel y el p\u00e1jaro est\u00e1n asociados a la idea de ligereza, de vuelo y de canto. Es por ello que debemos cantar para desprendernos de todo lo que nos entorpece. \u00a1Cu\u00e1ntos des\u00f3rdenes mentales los humanos podr\u00edan curarse con el canto! Porque sus vibraciones disgregan las presencias oscuras que tratan de engancharse a ellos. El canto es la expresi\u00f3n de la vida, la vida misma no es m\u00e1s que un canto. Y \u00bfqu\u00e9 hay de m\u00e1s necesario, de m\u00e1s vivificante que llegar a desembarazarse de la atm\u00f3sfera pesada que nos rodea, para entrar en esas regiones donde todo es armonioso, luminoso, ligero?<\/p>\n<p>Omraam Mikha\u00ebl A\u00efvanhov<\/p>\n<p> <span style=\"color: rgb(173,75,253);\">*\u00b4\u00a8) <\/span> <span style=\"color: rgb(253,33,15);\">?<\/span> <span style=\"color: rgb(255,62,228);\"><strong>H O &#8216; O P O N O P O N O<\/strong><\/span> <span style=\"color: rgb(253,33,15);\">?<\/span><br \/>\n <span style=\"color: rgb(173,75,253);\">\u00b8.\u2022\u00b4 \u00b8.\u2022*\u00b4\u00a8) \u00b8.\u2022*\u00a8)\u00b8.\u2022*\u00a8)\u00b8.\u2022*\u00a8)\u00b8.\u2022*\u00a8)<br \/>\n(\u00b8.\u2022\u00b4 <\/span> <span style=\"color: rgb(253,208,16);\">+LUZ<\/span>   <span style=\"color: rgb(41,255,86);\">P+A+Z  <\/span><span style=\"color: rgb(173,75,253);\">y<\/span>  <span style=\"color: rgb(237,108,255);\">A*M*O*R <\/span>  <span style=\"color: rgb(173,75,253);\">(\u00b8.\u2022`<\/span><\/p>\n<p>The idea of \u201csuccess,\u201d for most people, revolves around money or the acquisition of property or other possessions, but we consider a state of joy as the greatest achievement of success. And while the attainment of money and wonderful possessions certainly can enhance your state of joy, the achievement of a good-feeling physical body is by far the greatest factor for maintaining a continuing state of joy and Well-Being. And so, there are few things of greater value than the achievement of a good-feeling body. &#8211; Abraham<\/p>\n<p> <span style=\"color: rgb(173,75,253);\">*\u00b4\u00a8) <\/span> <span style=\"color: rgb(253,33,15);\">?<\/span> <span style=\"color: rgb(255,62,228);\"><strong>H O &#8216; O P O N O P O N O<\/strong><\/span> <span style=\"color: rgb(253,33,15);\">?<\/span><br \/>\n <span style=\"color: rgb(173,75,253);\">\u00b8.\u2022\u00b4 \u00b8.\u2022*\u00b4\u00a8) \u00b8.\u2022*\u00a8)\u00b8.\u2022*\u00a8)\u00b8.\u2022*\u00a8)\u00b8.\u2022*\u00a8)<br \/>\n(\u00b8.\u2022\u00b4 <\/span> <span style=\"color: rgb(253,208,16);\">+LUZ<\/span>   <span style=\"color: rgb(41,255,86);\">P+A+Z  <\/span><span style=\"color: rgb(173,75,253);\">y<\/span>  <span style=\"color: rgb(237,108,255);\">A*M*O*R <\/span>  <span style=\"color: rgb(173,75,253);\">(\u00b8.\u2022`<\/span><\/p>\n","protected":false},"excerpt":{"rendered":"<p>Martes 10 de Julio de 2012 Negativo a positivo La energ\u00eda positiva es realmente muy parecida a la energ\u00eda negativa. S\u00f3lo que est\u00e1 enfocada en una direcci\u00f3n diferente. La mejor&hellip; <a href=\"https:\/\/www.vivesur.com\/wpblog\/martes-10-de-julio-de-2012\/\" class=\"apace-readmore-link\">Read more<\/a><\/p>\n","protected":false},"author":1,"featured_media":0,"comment_status":"open","ping_status":"open","sticky":false,"template":"","format":"standard","meta":[],"categories":[1,8],"tags":[],"_links":{"self":[{"href":"https:\/\/www.vivesur.com\/wpblog\/wp-json\/wp\/v2\/posts\/4858"}],"collection":[{"href":"https:\/\/www.vivesur.com\/wpblog\/wp-json\/wp\/v2\/posts"}],"about":[{"href":"https:\/\/www.vivesur.com\/wpblog\/wp-json\/wp\/v2\/types\/post"}],"author":[{"embeddable":true,"href":"https:\/\/www.vivesur.com\/wpblog\/wp-json\/wp\/v2\/users\/1"}],"replies":[{"embeddable":true,"href":"https:\/\/www.vivesur.com\/wpblog\/wp-json\/wp\/v2\/comments?post=4858"}],"version-history":[{"count":0,"href":"https:\/\/www.vivesur.com\/wpblog\/wp-json\/wp\/v2\/posts\/4858\/revisions"}],"wp:attachment":[{"href":"https:\/\/www.vivesur.com\/wpblog\/wp-json\/wp\/v2\/media?parent=4858"}],"wp:term":[{"taxonomy":"category","embeddable":true,"href":"https:\/\/www.vivesur.com\/wpblog\/wp-json\/wp\/v2\/categories?post=4858"},{"taxonomy":"post_tag","embeddable":true,"href":"https:\/\/www.vivesur.com\/wpblog\/wp-json\/wp\/v2\/tags?post=4858"}],"curies":[{"name":"wp","href":"https:\/\/api.w.org\/{rel}","templated":true}]}}