{"id":4850,"date":"2012-07-07T10:11:12","date_gmt":"2012-07-07T08:11:12","guid":{"rendered":"http:\/\/vivesur.com\/wpblog\/?p=4850"},"modified":"2012-07-07T10:11:12","modified_gmt":"2012-07-07T08:11:12","slug":"pensamiento-del-sabado-7-de-julio-de-2012","status":"publish","type":"post","link":"https:\/\/www.vivesur.com\/wpblog\/pensamiento-del-sabado-7-de-julio-de-2012\/","title":{"rendered":"Pensamiento del S\u00e1bado 7 de julio de 2012"},"content":{"rendered":"<p>N S 1. 24. 13. 11. Kali. Plata. Mantra: HRIM. Centro Secreto (s\u00e1bado 7-7-2012)<\/p>\n<p><strong>SOL MAGN\u00c9TICO AMARILLO \u2013 Kin 40 \u2013 Pacal Votan<br \/>\n<\/strong><span style=\"font-size: 12pt;\"><img loading=\"lazy\" src=\"http:\/\/vivesur.com\/wpblog\/wp-content\/uploads\/2012\/07\/wpid-7712-2012-07-7-10-11.jpg\" alt=\"wpid-7712-2012-07-7-10-11.jpg\" width=\"756\" height=\"1008\" \/><\/span><br \/>\nSOL: Acci\u00f3n: ILUMINAR. Poder: FUEGO UNIVERSAL. Esencia: VIDA.<\/p>\n<p>MAGN\u00c9TICO: Acci\u00f3n: ATRAER. Poder: UNIFICAR. Esencia: PROP\u00d3SITO.<\/p>\n<p>P\u00f3rtico  Magn\u00e9tico, identifica el Prop\u00f3sito. \u00bfCu\u00e1l es mi meta?<\/p>\n<p>Faltan 167 d\u00edas para el cierre del ciclo 21-12-2012. Seguimos en la Luna C\u00f3smica de la Tortuga de la Presencia. La onda encantada n\u00famero 4 del Sol amarillo, de maduraci\u00f3n, es la cuarta onda del Castillo Rojo Este del Girar, Corte del Nacimiento: Iniciar la Semilla. El Sol en los Arquetipos gal\u00e1cticos es El Iluminado, tambi\u00e9n conocido como el Portador de la Verdad Suprema, Renovador de la Vida y por el nombre de \u201cEl Despierto\u201d. El Sol tiene tres cualidades principales: ILUMINAR, FUEGO UNIVERSAL y VIDA. Vamos a dar un repaso a ellas una por una. La acci\u00f3n del Sol es ILUMINAR, creo que esa cualidad la tenemos todos muy clara, por lo menos a nivel exterior del d\u00eda a d\u00eda. Pues como sabemos sin la luz del Sol en este planeta no podr\u00eda haber vida. \u00bfQu\u00e9 es el Sol para nosotros? \u00bfLo vemos como nuestra Estrella o como algo m\u00e1s? \u00bfCreemos que tiene vida propia, o lo imaginamos como una masa de fuego inerte? Como acabamos de ver, es el Portador de la Verdad Suprema, pues nuestra vida y conocimientos pasan por \u00e9l y le necesitamos; y al mismo tiempo es El Renovador de la Vida. Toda la naturaleza, depende para vivir de su luz diaria, los campos, los \u00e1rboles, los animales y nosotros mismos, que formamos parte de ella. Nada en la Tierra sobrevivir\u00eda en estos momentos sin el Sol. Entonces nacemos de su Iluminaci\u00f3n y llegaremos a Iluminarnos como \u00c9l. De esta manera, nos damos cuenta de lo importante que es el camino que tenemos que realizar para alcanzar la ILUMINACI\u00d3N, tan buscada y deseada por los  humanos que estamos desarrollando un proceso evolutivo espiritual aqu\u00ed y ahora. Esta Luz, es la que invocamos cuando queremos claridad, es la que cada amanecer vuelve a aparecer en el horizonte renovando la vida a cada momento, es la que cada atardecer, da la vuelta al planeta para iluminar el otro lado, porque todos necesitamos su energ\u00eda. Y mientras un lado del planeta recibe los rayos del Sol, el otro descansa, duerme, sue\u00f1a, se renueva, para al amanecer, recibir de nuevo la Luz y el Calor del Sol. Todo sincronizado por el Ser m\u00e1s Alto, Dios, el Creador, el Iluminado Absoluto. Su poder es EL FUEGO UNIVERSAL. Si alguna vez has trabajado con la LLAMA TRINA O TRIPLE LLAMA, que se sit\u00faa en tu coraz\u00f3n, sabr\u00e1s que ella todo lo quema, todo lo penetra y lo transforma. Cuando necesitamos liberarnos de alguna energ\u00eda enquistada, el Fuego Universal, invocado con fe y decisi\u00f3n, la quemar\u00e1 y nos preparar\u00e1 para ver la Luz que hay detr\u00e1s y que antes no pod\u00edamos ver. El Sol es FUEGO DEL UNIVERSO, puesto en este Sistema Solar, para iluminar a los 10 planetas que conocemos y cuya vida depende de la suya. Cuanto m\u00e1s cerca est\u00e1 un planeta de \u00e9l, mayor es su temperatura. \u00bfY nosotros? \u00bfSabemos que tambi\u00e9n tenemos un SOL INTERIOR? Es el que ilumina el camino y cuyo fuego universal quema nuestros bloqueos para que la vida sea siempre hacia el ser m\u00e1s alto, hacia la consciencia superior, hacia niveles superiores de conocimiento y evoluci\u00f3n. Cuando tengas un \u201catasco\u201d, no lo dudes, llama al fuego universal del Sol, inst\u00e1uralo dentro de ti, y p\u00eddele que arrase con todo lo inservible, que queme aquellos rastrojos acumulados en el cuerpo que impiden a la energ\u00eda fluir con m\u00e1s libertad y fuerza. El fuego universal causa las Tormentas Solares, y lanza llamaradas de fuego con intenciones todav\u00eda desconocidas para los humanos de la Tierra. Su esencia es nada m\u00e1s y nada menos que LA VIDA. El Sol da la vida al cuerpo f\u00edsico del humano y al de los animales, y a todo lo que habita en la Tierra. Pero de la misma manera, el Sol interior da vida al ser que habita en nosotros. \u00bfVivo s\u00f3lo para la materia o me acuerdo de que soy un esp\u00edritu? \u00bfQu\u00e9 hago con mi vida? \u00bfS\u00e9 que yo y s\u00f3lo yo decido qu\u00e9 hacer con ella? \u00bfMe gusta s\u00f3lo lo externo o me ocupo de mi crecimiento espiritual? \u00bfAcepto la vida fuera de la Tierra? Si hay vida en este planeta \u00bfpor  qu\u00e9 no puede haber otros que tambi\u00e9n la tengan? \u00bfCreo en la vida inteligente y en consciencia de otros lugares de este  Sistema Solar, Galaxia y Universo? \u00bfC\u00f3mo creo que se origin\u00f3 la vida? \u00bfCreo en un ser superior, llam\u00e9mosle Dios como su creador, o todo es cuesti\u00f3n de azar? \u00bfValoro mi vida en lo que realmente es? \u00bfMi cuerpo de Luz vive en mi cuerpo f\u00edsico? Y hablando de f\u00edsicos y cient\u00edficos, \u00bfs\u00f3lo creo lo que ellos han demostrado? \u00bfTengo una mentalidad m\u00e1s abierta y c\u00f3smica? Y con relaci\u00f3n a los Seres Estelares, llamados habitualmente EXTRATERRESTRES \u00bfqu\u00e9 idea tengo de ellos? \u00bfCreo en que est\u00e1n ayud\u00e1ndonos en estos momentos de la historia del planeta? Cuando por la noche miro las estrellas, porque si el Sol brilla, aunque est\u00e1n siempre ah\u00ed, no las podemos ver, \u00bfqu\u00e9 sensaci\u00f3n tengo? \u00bfPuedo conectar telep\u00e1ticamente con alg\u00fan ser de otros lugares del vasto oc\u00e9ano estelar? \u00bfEs la telepat\u00eda el lenguaje c\u00f3smico? \u00bfLlega antes el pensamiento que la palabra? \u00bfHas o\u00eddo hablar de \u201cmirar el sol\u201d cuando sale y cuando se est\u00e1 ocultando? Hay todo un trabajo de crecimiento interior relacionado con el Sol y nosotros. El Sol es el aliado m\u00e1s elevado que conocemos de cerca, lo da todo y no pide nada a cambio. No discrimina a qui\u00e9n o quienes dar sus rayos y su luz. Seamos cada uno de nosotros como un peque\u00f1o SOL, capaz de iluminar el entorno donde habitamos, las palabras que decimos y los hechos que realizamos. Ver la entrada del Blog de la Reina Roja sobre los planetas,   <a href=\"http:\/\/ondaencantada.com\/2012\/06\/eventos-mundiales-y-planetas-perdidos-parte-i-brr\/\">http:\/\/ondaencantada.com\/2012\/06\/eventos-mundiales-y-planetas-perdidos-parte-i-brr\/<\/a>  Todos los humanos merecemos lo mejor y el Sol lo sabe y lo hace, DA SIN ESPERAR RECIBIR NADA A CAMBIO. \u00bfLO HACE POR AMOR C\u00d3SMICO? \u00bfYO SUELO HACER LO MISMO O CONDICIONO MI AMOR A QUE EL OTRO SE PORTE BIEN CONMIGO? \u00bfSOY CONCIENTE DE QUE LA LUZ QUE SOY EN CADA MOMENTO ES LA QUE APORTO A LAS PERSONAS O LUGARES CON LOS QUE ME RELACIONO? \u00a1SOY UN SOL NAVEGANDO POR LA TIERRA, HACIENDO LO MISMO QUE EL SOL SUPERIOR: ILUMINAR! \u00bfQU\u00c9 TIPO DE LUZ DOY? \u00a1DE AMOR, CONFIANZA, CLARIDAD, POSITIVIDAD, ALEGR\u00cdA, DULZURA, ARMON\u00cdA, PRUDENCIA, COMPASI\u00d3N, FELICIDAD, Y TODO LO QUE PODAMOS A\u00d1ADIR CADA UNO DE NOSOTROS! \u00a1SOY UN MARAVILLOSO SOL QUE ILUMINA MI ENTORNO! \u00bfCOMPARTIMOS LA LUZ E IRRADIAMOS A DONDE CREAMOS QUE SE NECESITA? \u00a1DIOS, GRACIAS POR TU LUZ QUE ME LLEGA CON EL SOL! \u00a1SOY UN SOL ILUMINADO! \u00a1UN FARO DIVINO EN LA TIERRA! \u00a1UN SER SOLAR!<\/p>\n<p> <span style=\"color: rgb(173,75,253);\">*\u00b4\u00a8) <\/span> <span style=\"color: rgb(253,33,15);\">?<\/span> <span style=\"color: rgb(255,62,228);\"><strong>H O &#8216; O P O N O P O N O<\/strong><\/span> <span style=\"color: rgb(253,33,15);\">?<\/span><br \/>\n <span style=\"color: rgb(173,75,253);\">\u00b8.\u2022\u00b4 \u00b8.\u2022*\u00b4\u00a8) \u00b8.\u2022*\u00a8)\u00b8.\u2022*\u00a8)\u00b8.\u2022*\u00a8)\u00b8.\u2022*\u00a8)<br \/>\n(\u00b8.\u2022\u00b4 <\/span> <span style=\"color: rgb(253,208,16);\">+LUZ<\/span>   <span style=\"color: rgb(41,255,86);\">P+A+Z  <\/span><span style=\"color: rgb(173,75,253);\">y<\/span>  <span style=\"color: rgb(237,108,255);\">A*M*O*R <\/span>  <span style=\"color: rgb(173,75,253);\">(\u00b8.\u2022`<\/span><\/p>\n<p>S\u00e1bado 7 de Julio de 2012<\/p>\n<p><strong>Libre de preocupaciones<br \/>\n<\/strong><br \/>\nDeja de preocuparte por ser perfecto. Simplemente s\u00e9 sincero, honesto y aut\u00e9ntico.<\/p>\n<p>Deja de preocuparte por lo que podr\u00eda pasar, o dejar de pasar, en alg\u00fan momento futuro. Pon tu energ\u00eda y tu atenci\u00f3n en conectar con la riqueza del ahora.<\/p>\n<p>Toma una respiraci\u00f3n profunda, refrescante, y siente la libertad de ir dejando de lado toda preocupaci\u00f3n que pueda haber estado fren\u00e1ndote. Siente toda la fuerza que tus pensamientos y acciones pueden llegar a tener estando constantemente enfocados en una determinada direcci\u00f3n.<\/p>\n<p>Permite que tus pensamientos te fortalezcan y te animen, en lugar de entorpecer tu camino. Lib\u00e9rate, para poder lidiar efectiva y satisfactoriamente con lo que es real y concreto en este instante.<\/p>\n<p>Acost\u00fambrate a seleccionar y perseguir tus mejores potencialidades en lugar de preocuparte por las peores. Dale vida a tus m\u00e1s elevadas intenciones y deja las preocupaciones bien atr\u00e1s.<\/p>\n<p>Preocuparte no te aporta nada que valga realmente la pena as\u00ed que decide, ahora mismo, liberarte de sus garras. Conc\u00e9ntrate en lo que puedes hacer y en por qu\u00e9 habr\u00edas de hacerlo, y experimenta la verdadera maravilla que la vida puede ofrecerte.<\/p>\n<p> <span style=\"color: rgb(173,75,253);\">*\u00b4\u00a8) <\/span> <span style=\"color: rgb(253,33,15);\">?<\/span> <span style=\"color: rgb(255,62,228);\"><strong>H O &#8216; O P O N O P O N O<\/strong><\/span> <span style=\"color: rgb(253,33,15);\">?<\/span><br \/>\n <span style=\"color: rgb(173,75,253);\">\u00b8.\u2022\u00b4 \u00b8.\u2022*\u00b4\u00a8) \u00b8.\u2022*\u00a8)\u00b8.\u2022*\u00a8)\u00b8.\u2022*\u00a8)\u00b8.\u2022*\u00a8)<br \/>\n(\u00b8.\u2022\u00b4 <\/span> <span style=\"color: rgb(253,208,16);\">+LUZ<\/span>   <span style=\"color: rgb(41,255,86);\">P+A+Z  <\/span><span style=\"color: rgb(173,75,253);\">y<\/span>  <span style=\"color: rgb(237,108,255);\">A*M*O*R <\/span>  <span style=\"color: rgb(173,75,253);\">(\u00b8.\u2022`<\/span><\/p>\n<p><strong>UCDM &#8211; LECCI\u00d3N 189 \u2013 Siento el Amor de Dios dentro de mi ahora.<br \/>\n<\/strong><br \/>\nHay una luz en ti que el mundo no puede percibir. Y con sus ojos no la podr\u00e1s ver, pues est\u00e1s cegado por \u00e9l. No obstante, tienes ojos con los que poder verla. Est\u00e1 ah\u00ed para que la contemples. No se puso en ti para que se mantuviese oculta de tu vista. Esta luz es un reflejo del pensamiento con el que practicamos ahora. Sentir el Amor de Dios dentro de ti es ver el mundo renovado, radiante de inocencia, lleno de esperanza y bendecido con perfecta caridad y amor.<\/p>\n<p>\u00bfQui\u00e9n podr\u00eda sentir temor en un mundo as\u00ed? Dicho mundo te da la bienvenida, se regocija de que hayas venido y te canta alabanzas mientras te mantiene a salvo de cualquier peligro o dolor. Te ofrece un hogar c\u00e1lido y tranquilo en el que permanecer por un tiempo. Te bendice a lo largo del d\u00eda, y te cuida durante la noche, cual silencioso guardi\u00e1n de tu sue\u00f1o santo. Ve en ti la salvaci\u00f3n, y protege la luz que mora en ti, en la que ve la suya propia. Te ofrece sus flores y su nieve como muestra de agradecimiento por tu benevolencia.<\/p>\n<p>Este es el mundo que el Amor de Dios revela. Es tan diferente del mundo que ves a trav\u00e9s de los enturbiados ojos de la malicia y del miedo, que uno desmiente al otro. S\u00f3lo uno de ellos puede percibirse en absoluto. El otro no tiene ning\u00fan significado. A aquellos que ven surgir del ataque un mundo de odio listo para vengarse, asesinar y destruir, les resulta inconcebible la idea de un mundo en el que el perd\u00f3n resplandece sobre todas las cosas y la paz ofrece su dulce luz a todo el mundo.<\/p>\n<p>Sin embargo, el mundo del odio es igualmente invisible e inconcebible para aquellos que sienten dentro de si el Amor de Dios. Su mundo refleja la quietud y la paz que refulge en ellos; la tranquilidad y la inocencia que ven a su alrededor; la dicha con la que miran hacia afuera desde los inagotables manantiales de dicha en su interior. Contemplan lo que han sentido dentro de si, y ven su inequ\u00edvoco reflejo por todas partes.<\/p>\n<p>\u00bfCu\u00e1l de ellos quieres ver? Eres libre de elegir. Mas debes conocer la ley que rige toda visi\u00f3n y no dejar que tu mente se olvide de ella: contemplar\u00e1s aquello que sientas en tu interior. Si el odio encuentra acogida en tu coraz\u00f3n, percibir\u00e1s un mundo temible, atenazado cruelmente por las huesudas y afiladas garras de la muerte. Mas si sientes el Amor de Dios dentro de ti, contemplar\u00e1s un mundo de misericordia y de amor.<\/p>\n<p>Hoy pasamos de largo las ilusiones, seg\u00fan intentamos llegar hasta lo que es verdad en nosotros y sentir su infinita ternura, su Amor que sabe que somos tan perfectos como \u00e9l mismo, y su visi\u00f3n, el don que su Amor nos ofrece. Hoy aprenderemos el camino, el cual es tan seguro como el Amor mismo, al que nos conduce. Pues su sencillez nos protege de las trampas que las descabelladas complicaciones del aparente razonar del mundo tienen como prop\u00f3sito ocultar.<\/p>\n<p>Haz simplemente esto: permanece muy quedo y deja a un lado todos los pensamientos acerca de lo que t\u00fa eres y de lo que Dios es; todos los conceptos que hayas aprendido acerca del mundo; todas las im\u00e1genes que tienes acerca de ti mismo. Vac\u00eda tu mente de todo lo que ella piensa que es verdadero o falso, bueno o malo; de todo pensamiento que considere digno, as\u00ed como de todas las ideas de las que se siente avergonzada. No conserves nada. No traigas contigo ni un solo pensamiento que el pasado te haya ense\u00f1ado, ni ninguna creencia que, sea cual sea su procedencia, hayas aprendido con anterioridad. Olv\u00eddate de este mundo, olv\u00eddate de este curso, y con las manos completamente vac\u00edas, ve a tu Dios.<\/p>\n<p><strong>\u00bfNo es acaso \u00c9l Quien sabe como llegar a ti? T\u00fa no necesitas saber c\u00f3mo llegar a \u00c9l. Tu papel consiste simplemente en permitir que todos los obst\u00e1culos que has interpuesto entre el Hijo y Dios el Padre sean eliminados silenciosamente para siempre. Dios har\u00e1 lo que le corresponde hacer en gozosa e inmediata respuesta. Pide y recibir\u00e1s. Mas no vengas con exigencias, ni le se\u00f1ales el camino por donde \u00c9l debe aparecer ante ti. La manera de llegar a \u00c9l es simplemente dejando que \u00c9l sea lo que es. pues de esa forma se proclama tambi\u00e9n tu realidad.<br \/>\n<\/strong><br \/>\nAs\u00ed pues, hoy no elegiremos el camino por el que vamos a \u00c9l. Pero si elegimos dejar que \u00c9l venga a nosotros. Y con esta decisi\u00f3n descansamos. Su Amor se abrir\u00e1 paso por su cuenta en nuestros corazones serenos y en nuestras mentes abiertas. Es indudable que lo que no ha sido negado se encuentra ah\u00ed, si es que es verdad y puede alcanzarse. Dios conoce a Su Hijo y sabe c\u00f3mo llegar a \u00e9l. No necesita que Su Hijo le muestre el camino. A trav\u00e9s de cada puerta abierta Su Amor refulge hacia afuera desde su hogar interno e ilumina al mundo con inocencia.<\/p>\n<p>Padre, no sabemos c\u00f3mo llegar a Ti. Pero te hemos llamado y T\u00fa nos has contestado. No interferiremos. Los caminos de la salvaci\u00f3n no son nuestros, pues te pertenecen a Ti. Y es a Ti a donde vamos para encontrarlos. Nuestras manos est\u00e1n abiertas para recibir Tus dones.<\/p>\n<p>No tenemos ning\u00fan pensamiento que no pensemos contigo, ni abrigamos creencia alguna con respecto a lo que somos o a Qui\u00e9n nos cre\u00f3. Tuyo es el camino que queremos hallar y seguir. Y s\u00f3lo pedimos que Tu Voluntad, que tambi\u00e9n es la nuestra, se haga en nosotros y en el mundo, para que \u00e9ste pase a formar parte del Cielo. Amen.<\/p>\n<p> <span style=\"color: rgb(173,75,253);\">*\u00b4\u00a8) <\/span> <span style=\"color: rgb(253,33,15);\">?<\/span> <span style=\"color: rgb(255,62,228);\"><strong>H O &#8216; O P O N O P O N O<\/strong><\/span> <span style=\"color: rgb(253,33,15);\">?<\/span><br \/>\n <span style=\"color: rgb(173,75,253);\">\u00b8.\u2022\u00b4 \u00b8.\u2022*\u00b4\u00a8) \u00b8.\u2022*\u00a8)\u00b8.\u2022*\u00a8)\u00b8.\u2022*\u00a8)\u00b8.\u2022*\u00a8)<br \/>\n(\u00b8.\u2022\u00b4 <\/span> <span style=\"color: rgb(253,208,16);\">+LUZ<\/span>   <span style=\"color: rgb(41,255,86);\">P+A+Z  <\/span><span style=\"color: rgb(173,75,253);\">y<\/span>  <span style=\"color: rgb(237,108,255);\">A*M*O*R <\/span>  <span style=\"color: rgb(173,75,253);\">(\u00b8.\u2022`<\/span><\/p>\n<p>Pensamiento del S\u00e1bado 7 de julio de 2012<\/p>\n<p>El disc\u00edpulo aprende a movilizar sus pensamientos, sus deseos, e incluso todas las tendencias de su naturaleza inferior, para la realizaci\u00f3n de un ideal sublime. Pero lo que tal vez no sab\u00e9is, es que este trabajo de unificaci\u00f3n, de armonizaci\u00f3n, el sol puede ayudar a realizarlo. Observando su salida, por la ma\u00f1ana, pensad que vuestra conciencia se aproxima a vuestro propio sol, vuestro esp\u00edritu, vuestro Yo superior, para fusionarse con \u00e9l. Cuando hay\u00e1is logrado pacificar y unificar todas las fuerzas contrarias que os molestan para dirigirlas hacia una sola direcci\u00f3n luminosa, divina, os convertir\u00e9is en un foco tan potente que ser\u00e9is capaces de irradiar en todas las direcciones, como el sol. S\u00ed, un ser que ha conseguido arreglar sus propios problemas para ser libre, puede empezar a ocuparse de toda la humanidad, y como el sol vive en una libertad tal, que extiende el campo de su conciencia a todo el g\u00e9nero humano, al cual le env\u00eda el exceso de luz y de amor que desborda de \u00e9l\u2026 Pero antes de poder irradiar, debe aprender a concentrar todas las potencialidades de su ser para orientarlas hacia una sola direcci\u00f3n.<\/p>\n<p>Omraam Mikha\u00ebl A\u00efvanhov<\/p>\n<p> <span style=\"color: rgb(173,75,253);\">*\u00b4\u00a8) <\/span> <span style=\"color: rgb(253,33,15);\">?<\/span> <span style=\"color: rgb(255,62,228);\"><strong>H O &#8216; O P O N O P O N O<\/strong><\/span> <span style=\"color: rgb(253,33,15);\">?<\/span><br \/>\n <span style=\"color: rgb(173,75,253);\">\u00b8.\u2022\u00b4 \u00b8.\u2022*\u00b4\u00a8) \u00b8.\u2022*\u00a8)\u00b8.\u2022*\u00a8)\u00b8.\u2022*\u00a8)\u00b8.\u2022*\u00a8)<br \/>\n(\u00b8.\u2022\u00b4 <\/span> <span style=\"color: rgb(253,208,16);\">+LUZ<\/span>   <span style=\"color: rgb(41,255,86);\">P+A+Z  <\/span><span style=\"color: rgb(173,75,253);\">y<\/span>  <span style=\"color: rgb(237,108,255);\">A*M*O*R <\/span>  <span style=\"color: rgb(173,75,253);\">(\u00b8.\u2022`<\/span><\/p>\n<p>There are no choices that are really a detour that will take you far from where you&#8217;re wanting to be \u2014 because your Inner Being is always guiding you to the next, and the next, and the next. So don&#8217;t be concerned that you may make a fatal choice, because there aren&#8217;t any of those. You are always finding your balance. It&#8217;s a never ending process. &#8212; Abraham<\/p>\n<p> <span style=\"color: rgb(173,75,253);\">*\u00b4\u00a8) <\/span> <span style=\"color: rgb(253,33,15);\">?<\/span> <span style=\"color: rgb(255,62,228);\"><strong>H O &#8216; O P O N O P O N O<\/strong><\/span> <span style=\"color: rgb(253,33,15);\">?<\/span><br \/>\n <span style=\"color: rgb(173,75,253);\">\u00b8.\u2022\u00b4 \u00b8.\u2022*\u00b4\u00a8) \u00b8.\u2022*\u00a8)\u00b8.\u2022*\u00a8)\u00b8.\u2022*\u00a8)\u00b8.\u2022*\u00a8)<br \/>\n(\u00b8.\u2022\u00b4 <\/span> <span style=\"color: rgb(253,208,16);\">+LUZ<\/span>   <span style=\"color: rgb(41,255,86);\">P+A+Z  <\/span><span style=\"color: rgb(173,75,253);\">y<\/span>  <span style=\"color: rgb(237,108,255);\">A*M*O*R <\/span>  <span style=\"color: rgb(173,75,253);\">(\u00b8.\u2022`<\/span><\/p>\n","protected":false},"excerpt":{"rendered":"<p>N S 1. 24. 13. 11. Kali. Plata. Mantra: HRIM. Centro Secreto (s\u00e1bado 7-7-2012) SOL MAGN\u00c9TICO AMARILLO \u2013 Kin 40 \u2013 Pacal Votan SOL: Acci\u00f3n: ILUMINAR. Poder: FUEGO UNIVERSAL. Esencia:&hellip; <a href=\"https:\/\/www.vivesur.com\/wpblog\/pensamiento-del-sabado-7-de-julio-de-2012\/\" class=\"apace-readmore-link\">Read more<\/a><\/p>\n","protected":false},"author":1,"featured_media":0,"comment_status":"open","ping_status":"open","sticky":false,"template":"","format":"standard","meta":[],"categories":[1,8],"tags":[],"_links":{"self":[{"href":"https:\/\/www.vivesur.com\/wpblog\/wp-json\/wp\/v2\/posts\/4850"}],"collection":[{"href":"https:\/\/www.vivesur.com\/wpblog\/wp-json\/wp\/v2\/posts"}],"about":[{"href":"https:\/\/www.vivesur.com\/wpblog\/wp-json\/wp\/v2\/types\/post"}],"author":[{"embeddable":true,"href":"https:\/\/www.vivesur.com\/wpblog\/wp-json\/wp\/v2\/users\/1"}],"replies":[{"embeddable":true,"href":"https:\/\/www.vivesur.com\/wpblog\/wp-json\/wp\/v2\/comments?post=4850"}],"version-history":[{"count":0,"href":"https:\/\/www.vivesur.com\/wpblog\/wp-json\/wp\/v2\/posts\/4850\/revisions"}],"wp:attachment":[{"href":"https:\/\/www.vivesur.com\/wpblog\/wp-json\/wp\/v2\/media?parent=4850"}],"wp:term":[{"taxonomy":"category","embeddable":true,"href":"https:\/\/www.vivesur.com\/wpblog\/wp-json\/wp\/v2\/categories?post=4850"},{"taxonomy":"post_tag","embeddable":true,"href":"https:\/\/www.vivesur.com\/wpblog\/wp-json\/wp\/v2\/tags?post=4850"}],"curies":[{"name":"wp","href":"https:\/\/api.w.org\/{rel}","templated":true}]}}