{"id":4410,"date":"2012-03-25T11:46:06","date_gmt":"2012-03-25T09:46:06","guid":{"rendered":"http:\/\/vivesur.com\/wpblog\/?p=4410"},"modified":"2012-03-25T11:46:06","modified_gmt":"2012-03-25T09:46:06","slug":"domingo-25-de-marzo-del-2012","status":"publish","type":"post","link":"https:\/\/www.vivesur.com\/wpblog\/domingo-25-de-marzo-del-2012\/","title":{"rendered":"Domingo 25 de Marzo del 2012"},"content":{"rendered":"<p><span style=\"font-size: 12pt;\"><img loading=\"lazy\" src=\"http:\/\/vivesur.com\/wpblog\/wp-content\/uploads\/2012\/03\/wpid-25312-2012-03-25-11-46.jpg\" alt=\"wpid-25312-2012-03-25-11-46.jpg\" width=\"768\" height=\"576\" \/><\/span><br \/>\n<strong>UCDM &#8211; LECCI\u00d3N 85<\/strong><\/p>\n<p>El repaso de hoy abarcar\u00e1 las siguientes ideas:<\/p>\n<p><strong>(69) Mis resentimientos ocultan la luz del mundo en mi.<br \/>\n<\/strong><br \/>\nMis resentimientos me muestran lo que no est\u00e1 ah\u00ed y me ocultan lo que quiero ver. Habiendo reconocido esto, \u00bfpara qu\u00e9 los quiero? Mis resentimientos me mantienen en la obscuridad y ocultan la luz. Los resentimientos y la luz no pueden coexistir, pero la luz y la visi\u00f3n tienen que unirse para que yo pueda ver. y para poder ver tengo que desprenderme de mis resentimientos. Quiero ver, y \u00e9se ser\u00e1 el medio por el que lo lograr\u00e9.<\/p>\n<p>Las aplicaciones concretas de esta idea podr\u00edan hacerse de la siguiente manera:<\/p>\n<p>No permitas que haga de esto un obst\u00e1culo a la visi\u00f3n.<br \/>\nLa luz del mundo desvanecer\u00e1 todo esto con su resplandor.<br \/>\nNo tengo necesidad de esto.<br \/>\nLo que quiero es ver.<\/p>\n<p><strong>(70) Mi salvaci\u00f3n procede de mi.<br \/>\n<\/strong><br \/>\nHoy reconocer\u00e9 d\u00f3nde est\u00e1 mi salvaci\u00f3n. Est\u00e1 en m\u00ed porque ah\u00ed es donde est\u00e1 su Fuente. No ha abandonado su Fuente, por lo tanto, no pudo haber abandonado mi mente. Dejar\u00e9 de buscarla fuera de mi mismo. No es algo que se encuentre afuera y luego tenga que traerse adentro. Se extender\u00e1 desde dentro de mi, y todo aquello que vea no har\u00e1 sino reflejar la luz que brilla en mi y en s\u00ed mismo.<\/p>\n<p>Las siguientes variaciones de la idea son apropiadas para las aplicaciones m\u00e1s concretas:<\/p>\n<p>No dejar\u00e9 que esto me tiente a buscar mi salvaci\u00f3n fuera de mi mismo.<br \/>\nNo permitir\u00e9 que esto interfiera en la conciencia que tengo de la Fuente de mi salvaci\u00f3n.<br \/>\nEsto no puede privarme de la salvaci\u00f3n.<\/p>\n<p> <span style=\"color: rgb(173,75,253);\">*\u00b4\u00a8) <\/span> <span style=\"color: rgb(253,33,15);\">?<\/span> <span style=\"color: rgb(255,62,228);\"><strong>H O &#8216; O P O N O P O N O<\/strong><\/span> <span style=\"color: rgb(253,33,15);\">?<\/span><br \/>\n <span style=\"color: rgb(173,75,253);\">\u00b8.\u2022\u00b4 \u00b8.\u2022*\u00b4\u00a8) \u00b8.\u2022*\u00a8)\u00b8.\u2022*\u00a8)\u00b8.\u2022*\u00a8)\u00b8.\u2022*\u00a8)<br \/>\n(\u00b8.\u2022\u00b4 <\/span> <span style=\"color: rgb(253,208,16);\">+LUZ<\/span>   <span style=\"color: rgb(41,255,86);\">P+A+Z  <\/span><span style=\"color: rgb(173,75,253);\">y<\/span>  <span style=\"color: rgb(237,108,255);\">A*M*O*R <\/span>  <span style=\"color: rgb(173,75,253);\">(\u00b8.\u2022`<\/span><\/p>\n<p>N S 1. 24. 9. 19. Alfa. Turquesa. Mantra: HRAUM. Garganta (domingo 25-3-2012)<\/p>\n<p><strong>GUERRERO MAGN\u00c9TICO AMARILLO \u2013 Kin 196-3\u00aa Generaci\u00f3n Perdida<br \/>\n<\/strong><br \/>\nGUERRERO: Acci\u00f3n: CUESTIONAR. Poder: INTELIGENCIA. Esencia: INTREPIDEZ.<\/p>\n<p>MAGN\u00c9TICO: Acci\u00f3n: ATRAER. Poder: UNIFICAR. Esencia: PROP\u00d3SITO.<\/p>\n<p>P\u00f3rtico  Magn\u00e9tico, identifica el Prop\u00f3sito. \u00bfCu\u00e1l es mi meta?<\/p>\n<p>Faltan 271 d\u00edas para el cierre del ciclo 21-12-2012. Onda Encantada del Guerrero Amarillo, sello n\u00ba 16 y O. E. n\u00ba 16 del Tzolkin; la 4\u00aa onda y \u00faltima del Castillo Amarillo Sur Corte de la Inteligencia y de la G\u00e9nesis del Mono. Onda amarilla de maduraci\u00f3n. El Guerrero en los Arquetipos gal\u00e1cticos es conocido como El Descubridor, El Agente de la Inteligencia, El Cient\u00edfico C\u00f3smico y por el nombre de \u201cEl Descifra-c\u00f3digos\u201d. En esta onda del Guerrero, dentro de un Tzolkin, es cu\u00e1ndo tendremos el final del ciclo de los 13 Baktunes de la Historia, el 21-12-2012, con la firma gal\u00e1ctica de Mano Cristal Azul. Estamos entonces en el \u00faltimo ciclo antes de la llegada del Nuevo Tiempo con la Estrella C\u00f3smica Amarilla. Si hasta este momento hemos ido dejando las cosas para otro momento, para otro d\u00eda, eso tiene que tocar a su fin ya. No podemos permitirnos el lujo, a estas alturas del ciclo de 5125 a\u00f1os, en sus \u00faltimos d\u00edas, de desperdiciar ni un solo momento de nuestra existencia en banalidades, en cosas, acciones y pensamientos intrascendentes. Si creemos que esta vida es un lugar a donde venimos a aprender para luego vivir c\u00f3smicamente creciendo espiritualmente hasta el infinito, ha llegado el momento de dar el \u00faltimo y definitivo vuelco en ella. Y aqu\u00ed aparece el GUERRERO, con su armadura de Luz, su escudo y su espada de sabidur\u00eda, con el prop\u00f3sito de sacar su poder de INTELIGENCIA superior, esa que es trascendente y que supera a la emocional y a la de ser capaz de estudiar y memorizar. Todo ello con la acci\u00f3n de CUESTIONAR aquello que me separe de Dios, del amor, de la Luz, de la armon\u00eda. Y cuento con la esencia interna del Guerrero que es la capacidad de ser INTR\u00c9PIDO. Estamos en los d\u00edas tan se\u00f1alados y esperados desde hace miles de a\u00f1os. Quiz\u00e1s algunos de nosotros podemos haber venido con un trabajo especial para esta \u00e9poca del cierre del ciclo. Nada sabemos con certeza, pero lo que resuene en tu coraz\u00f3n, eso es justo lo que va a unificar tu proceso de vida a la inteligencia del Guerrero. Todos desde nuestro nacimiento estamos condicionados y atra\u00eddos por las circunstancias que nos rodean, etnia, continente y pa\u00eds en donde vivimos, grupos sociales y religiosos a los que pertenecemos\u2026 Y digo pertenecemos, porque por l\u00f3gica, la mayor\u00eda de nosotros, cuando \u00e9ramos peque\u00f1os, hemos seguido y vivido lo mismo que nuestros padres. Que no es ni bueno ni malo, sencillamente ES. Pero pasado un tiempo, lo importante es tomar los senderos propios, los decididos personalmente, con independencia del que nos educaron nuestros padres. Ellos seguro que lo hicieron lo mejor que supieron y pudieron en ese momento, pero ahora nos toca vivir lo que deseamos que puede coincidir o no con lo que nos \u201cimpusieron\u201d desde su buena voluntad. As\u00ed que manos a la obra y a poner los cambios necesarios para vivir como un GUERRERO DE LUZ que somos. Y \u00bfc\u00f3mo lo puedo hacer? Podemos preguntar. Y a esta pregunta respondemos con m\u00e1s preguntas \u00bfest\u00e1s satisfecho\/a con tu forma de vivir actual? \u00bfSientes que haces lo correcto para tu evoluci\u00f3n? \u00bfTe atreves a dejar atr\u00e1s costumbres, vicios, enganches, dependencias, tristezas, depresiones, en aras de tu propio progreso espiritual? \u00bfSabes reconocer cuando algo es impuesto o lo has decidido por tu propia voluntad? \u00bfTe atreves a romper lazos de dependencia emocional? \u00bfSabes reconocer a un amigo que te ayuda sin pedir nada a cambio? \u00bfHas probado alguna vez a enfrentarte a tus propios miedos y problemas sencillamente am\u00e1ndote y d\u00e1ndote otra oportunidad? \u00bfCu\u00e1ndo ha sido la \u00faltima vez que has cuestionado tu propia vida, tus actos y decisiones sin auto justificarte ante ti por tus propias respuestas, para no realizar esos cambios tan necesarios? \u00bfTe das cuenta que estamos en el momento m\u00e1s importante de los \u00faltimos miles de a\u00f1os? \u00bfCrees que esta vida es un aprendizaje para la otra m\u00e1s elevada que vendr\u00e1 despu\u00e9s de la Iluminaci\u00f3n? \u00bfSabes que esto es \u201cmaya o ilusi\u00f3n\u201d y que dura mientras estamos encarnados? \u00bfY qu\u00e9 viene despu\u00e9s? El GUERRERO, con su espada, su escudo y su armadura, va por la vida terrestre iluminando  y con su luz, ayudando a otros a ver la suya, a poder ver el sendero que est\u00e1 un poco oculto entre ramas en el bosque de la vida. La sociedad materialista es el muro que tenemos que aprender a atravesar sin que nos provoque dolor ni sufrimiento, y detr\u00e1s, aparecer\u00e1 siempre el sendero de luz que nos lleva al cosmos, al infinito, a Dios, a los \u00e1ngeles, a los maestros estelares, a los Avatares de la Historia de la Tierra, a los elementales de este planeta\u2026 y a esos lugares en donde con la materia no podemos llegar. Por eso es el momento de ser GUERREROS, de CUESTIONAR para alcanzar la vida superior y de utilizar la INTELIGENCIA que est\u00e1 en nuestro interior. HA LLEGADO EL MOMENTO TAN ESPERADO DE COMENZAR LA CUENTA ATR\u00c1S HASTA EL 21-12-2012 Y EL GUERRERO NOS DA LA OPORTUNIDAD. CUANDO TE CUESTE UN POCO ATREVERTE, PARA, RESPIRA, CONF\u00cdA, CONECTA CON LA NOOSFERA, Y PIDE LA FUERZA QUE NECESITAS PARA ESA CIRCUNSTANCIA QUE VAS A VIVIR A CONTINUACI\u00d3N. \u00a1SOY UN GUERRERO DE LA LUZ! \u00a1MI ARMADURA REFLEJA LA LUZ QUE SOY Y ME GU\u00cdA! \u00a1MI ESCUDO ME PROTEGE DEL EXTERIOR! \u00a1CON MI ESPADA CORTO LAS ATADURAS, ENGANCHES, CONFLICTOS Y SITUACIONES Y AS\u00cd SIGO EL CAMINO HACIA EL NUEVO TIEMPO M\u00c1S LIGERO! \u00a1LA LUZ GU\u00cdA AL GUERRERO DE LUZ! \u00a1SOY UN GUERRERO NOOSF\u00c9RICO DE LUZ!!!<\/p>\n<p> <span style=\"color: rgb(173,75,253);\">*\u00b4\u00a8) <\/span> <span style=\"color: rgb(253,33,15);\">?<\/span> <span style=\"color: rgb(255,62,228);\"><strong>H O &#8216; O P O N O P O N O<\/strong><\/span> <span style=\"color: rgb(253,33,15);\">?<\/span><br \/>\n <span style=\"color: rgb(173,75,253);\">\u00b8.\u2022\u00b4 \u00b8.\u2022*\u00b4\u00a8) \u00b8.\u2022*\u00a8)\u00b8.\u2022*\u00a8)\u00b8.\u2022*\u00a8)\u00b8.\u2022*\u00a8)<br \/>\n(\u00b8.\u2022\u00b4 <\/span> <span style=\"color: rgb(253,208,16);\">+LUZ<\/span>   <span style=\"color: rgb(41,255,86);\">P+A+Z  <\/span><span style=\"color: rgb(173,75,253);\">y<\/span>  <span style=\"color: rgb(237,108,255);\">A*M*O*R <\/span>  <span style=\"color: rgb(173,75,253);\">(\u00b8.\u2022`<\/span><\/p>\n<p>Pensamiento del domingo 25 de marzo de 2012<\/p>\n<p>Desde el principio de los tiempos, el Creador ha depositado en el hombre semillas de toda clase, es decir cualidades, virtudes, facultades, dones. Si muchas de estas semillas no han dado sus frutos hasta ahora, es porque ning\u00fan sol todav\u00eda las ha calentado ni iluminado. A todos aquellos que se preguntan c\u00f3mo saber si estas semillas de las que os hablo son algo real, contestar\u00e9: \u00abAcercaros al sol, es \u00e9l quien las hace crecer y salir a la luz del d\u00eda. En este momento ver\u00e9is\u2026\u00bb Pero este sol que hace crecer las semillas depositadas en nosotros es, por supuesto, el sol espiritual, el esp\u00edritu. <strong>El sol f\u00edsico est\u00e1 ah\u00ed para mostraros c\u00f3mo los fen\u00f3menos del plano f\u00edsico tienen su correspondencia en el plano espiritual.<\/strong><\/p>\n<p>Omraam Mikha\u00ebl A\u00efvanhov<\/p>\n<p> <span style=\"color: rgb(173,75,253);\">*\u00b4\u00a8) <\/span> <span style=\"color: rgb(253,33,15);\">?<\/span> <span style=\"color: rgb(255,62,228);\"><strong>H O &#8216; O P O N O P O N O<\/strong><\/span> <span style=\"color: rgb(253,33,15);\">?<\/span><br \/>\n <span style=\"color: rgb(173,75,253);\">\u00b8.\u2022\u00b4 \u00b8.\u2022*\u00b4\u00a8) \u00b8.\u2022*\u00a8)\u00b8.\u2022*\u00a8)\u00b8.\u2022*\u00a8)\u00b8.\u2022*\u00a8)<br \/>\n(\u00b8.\u2022\u00b4 <\/span> <span style=\"color: rgb(253,208,16);\">+LUZ<\/span>   <span style=\"color: rgb(41,255,86);\">P+A+Z  <\/span><span style=\"color: rgb(173,75,253);\">y<\/span>  <span style=\"color: rgb(237,108,255);\">A*M*O*R <\/span>  <span style=\"color: rgb(173,75,253);\">(\u00b8.\u2022`<\/span><\/p>\n","protected":false},"excerpt":{"rendered":"<p>UCDM &#8211; LECCI\u00d3N 85 El repaso de hoy abarcar\u00e1 las siguientes ideas: (69) Mis resentimientos ocultan la luz del mundo en mi. Mis resentimientos me muestran lo que no est\u00e1&hellip; <a href=\"https:\/\/www.vivesur.com\/wpblog\/domingo-25-de-marzo-del-2012\/\" class=\"apace-readmore-link\">Read more<\/a><\/p>\n","protected":false},"author":1,"featured_media":0,"comment_status":"open","ping_status":"open","sticky":false,"template":"","format":"standard","meta":[],"categories":[1,8],"tags":[],"_links":{"self":[{"href":"https:\/\/www.vivesur.com\/wpblog\/wp-json\/wp\/v2\/posts\/4410"}],"collection":[{"href":"https:\/\/www.vivesur.com\/wpblog\/wp-json\/wp\/v2\/posts"}],"about":[{"href":"https:\/\/www.vivesur.com\/wpblog\/wp-json\/wp\/v2\/types\/post"}],"author":[{"embeddable":true,"href":"https:\/\/www.vivesur.com\/wpblog\/wp-json\/wp\/v2\/users\/1"}],"replies":[{"embeddable":true,"href":"https:\/\/www.vivesur.com\/wpblog\/wp-json\/wp\/v2\/comments?post=4410"}],"version-history":[{"count":0,"href":"https:\/\/www.vivesur.com\/wpblog\/wp-json\/wp\/v2\/posts\/4410\/revisions"}],"wp:attachment":[{"href":"https:\/\/www.vivesur.com\/wpblog\/wp-json\/wp\/v2\/media?parent=4410"}],"wp:term":[{"taxonomy":"category","embeddable":true,"href":"https:\/\/www.vivesur.com\/wpblog\/wp-json\/wp\/v2\/categories?post=4410"},{"taxonomy":"post_tag","embeddable":true,"href":"https:\/\/www.vivesur.com\/wpblog\/wp-json\/wp\/v2\/tags?post=4410"}],"curies":[{"name":"wp","href":"https:\/\/api.w.org\/{rel}","templated":true}]}}