{"id":4407,"date":"2012-03-23T10:46:21","date_gmt":"2012-03-23T09:46:21","guid":{"rendered":"http:\/\/vivesur.com\/wpblog\/?p=4407"},"modified":"2012-03-23T10:46:21","modified_gmt":"2012-03-23T09:46:21","slug":"viernes-23-de-marzo-de-2012","status":"publish","type":"post","link":"https:\/\/www.vivesur.com\/wpblog\/viernes-23-de-marzo-de-2012\/","title":{"rendered":"Viernes 23 de Marzo de 2012"},"content":{"rendered":"<p>Viernes 23 de Marzo de 2012<\/p>\n<p><strong>Toma la decisi\u00f3n<br \/>\n<\/strong><br \/>\n<span style=\"font-size: 12pt;\"><img loading=\"lazy\" src=\"http:\/\/vivesur.com\/wpblog\/wp-content\/uploads\/2012\/03\/wpid-23312a-2012-03-23-10-46.jpg\" alt=\"wpid-23312a-2012-03-23-10-46.jpg\" width=\"735\" height=\"551\" \/><\/span><\/p>\n<p>La mejor decisi\u00f3n posible, es tomar alguna decisi\u00f3n. Tienes la capacidad de decidir, as\u00ed que aprov\u00e9chala.<\/p>\n<p>Estando dispuesto a tomar decisiones tu vida avanzar\u00e1 en una direcci\u00f3n acorde contigo mismo. Las decisiones son las que hacen que el control y la responsabilidad resulten posibles, as\u00ed como los logros y la realizaci\u00f3n.<\/p>\n<p>Las decisiones que adoptas momento a momento sirven para enfocar adecuadamente la energ\u00eda que constituye tu vida. Tomando decisiones, comunicas y refuerzas tus preferencias y deseos, y el mundo a tu alrededor responde en consecuencia.<\/p>\n<p>Tus decisiones y su contenido determinan tu calidad de vida y la direcci\u00f3n que \u00e9sta adoptar\u00e1. T\u00f3mate algo de tiempo para decidir cuidadosamente y con informaci\u00f3n adecuada, pero sin tomarte tanto tiempo como para no poder tomar ninguna decisi\u00f3n en absoluto.<\/p>\n<p>Son tus decisiones las que hacen que tus intenciones se concreten. Conectan tus metas con tu realidad.<\/p>\n<p>Cada vez que haya que tomar una determinada decisi\u00f3n, all\u00ed habr\u00e1 al mismo tiempo una oportunidad para encaminar tu vida de manera m\u00e1s precisa y positiva. Decide consistentemente, basado en un sentido perdurable, y tu vida avanzar\u00e1 directo hacia tu m\u00e1s elevada visi\u00f3n.<\/p>\n<p> <span style=\"color: rgb(173,75,253);\">*\u00b4\u00a8) <\/span> <span style=\"color: rgb(253,33,15);\">?<\/span> <span style=\"color: rgb(255,62,228);\"><strong>H O &#8216; O P O N O P O N O<\/strong><\/span> <span style=\"color: rgb(253,33,15);\">?<\/span><br \/>\n <span style=\"color: rgb(173,75,253);\">\u00b8.\u2022\u00b4 \u00b8.\u2022*\u00b4\u00a8) \u00b8.\u2022*\u00a8)\u00b8.\u2022*\u00a8)\u00b8.\u2022*\u00a8)\u00b8.\u2022*\u00a8)<br \/>\n(\u00b8.\u2022\u00b4 <\/span> <span style=\"color: rgb(253,208,16);\">+LUZ<\/span>   <span style=\"color: rgb(41,255,86);\">P+A+Z  <\/span><span style=\"color: rgb(173,75,253);\">y<\/span>  <span style=\"color: rgb(237,108,255);\">A*M*O*R <\/span>  <span style=\"color: rgb(173,75,253);\">(\u00b8.\u2022`<\/span><\/p>\n<p><strong>UCDM &#8211; LECCI\u00d3N 83<\/strong><\/p>\n<p>Hoy repasamos estas ideas:<\/p>\n<p><strong>(65) Mi \u00fanica funci\u00f3n es la que Dios me dio.<br \/>\n<\/strong><br \/>\nNo tengo otra funci\u00f3n salvo la que Dios me dio. Este reconocimiento me libera de todo conflicto porque significa que no puedo tener metas conflictivas. Al tener un solo prop\u00f3sito, siempre estoy seguro de lo que debo hacer, de lo que debo decir y de lo que debo pensar, toda duda no puede sino desaparecer cuando reconozco que mi \u00fanica funci\u00f3n es la que Dios me dio.<\/p>\n<p>Las aplicaciones m\u00e1s concretas de esta idea podr\u00edan hacerse con las siguientes variaciones:<\/p>\n<p>Mi percepci\u00f3n de esto no altera mi funci\u00f3n.<br \/>\nEsto no me confiere una funci\u00f3n distinta de la que Dios me dio.<br \/>\nNo me valdr\u00e9 de esto para justificar una funci\u00f3n que Dios no me dio.<\/p>\n<p><strong>(66) Mi funci\u00f3n y mi felicidad son una.<br \/>\n<\/strong><br \/>\nTodas las cosas que proceden de Dios son una. Proceden de la Unicidad y tienen que ser recibidas cual una sola. Desempe\u00f1ar mi funci\u00f3n es mi felicidad porque ambas cosas proceden de la misma Fuente. Y debo aprender a reconocer lo que me hace feliz, si es que he de encontrar la felicidad.<br \/>\nAlgunas variaciones \u00fatiles para aplicar concretamente esta idea podr\u00edan ser:<\/p>\n<p>Esto no puede separar mi felicidad de mi funci\u00f3n.<br \/>\nLa unidad que existe entre mi felicidad y mi funci\u00f3n no se ve afectada en modo alguno por esto.<br \/>\nNada, incluido esto, puede justificar la ilusi\u00f3n de que Puedo ser feliz si dejo de cumplir mi funci\u00f3n.<\/p>\n<p> <span style=\"color: rgb(173,75,253);\">*\u00b4\u00a8) <\/span> <span style=\"color: rgb(253,33,15);\">?<\/span> <span style=\"color: rgb(255,62,228);\"><strong>H O &#8216; O P O N O P O N O<\/strong><\/span> <span style=\"color: rgb(253,33,15);\">?<\/span><br \/>\n <span style=\"color: rgb(173,75,253);\">\u00b8.\u2022\u00b4 \u00b8.\u2022*\u00b4\u00a8) \u00b8.\u2022*\u00a8)\u00b8.\u2022*\u00a8)\u00b8.\u2022*\u00a8)\u00b8.\u2022*\u00a8)<br \/>\n(\u00b8.\u2022\u00b4 <\/span> <span style=\"color: rgb(253,208,16);\">+LUZ<\/span>   <span style=\"color: rgb(41,255,86);\">P+A+Z  <\/span><span style=\"color: rgb(173,75,253);\">y<\/span>  <span style=\"color: rgb(237,108,255);\">A*M*O*R <\/span>  <span style=\"color: rgb(173,75,253);\">(\u00b8.\u2022`<\/span><\/p>\n<p>N S 1. 24. 9. 17. Gama. Cristal. Mantra: HRAHA. Tercer Ojo (viernes 23-3-2012)<\/p>\n<p><strong>MAGO CRISTAL BLANCO \u2013 Kin 194 \u2013 1\u00aa Generaci\u00f3n Perdida<br \/>\n<\/strong><br \/>\nMAGO: Acci\u00f3n: ENCANTAR. Poder: ATEMPORALIDAD. Esencia: RECEPTIVIDAD.<\/p>\n<p>CRISTAL: Acci\u00f3n: UNIVERSALIZAR. Poder: DEDICARSE. Esencia: COOPERACI\u00d3N.<\/p>\n<p>La C\u00e1mara Cristal, cooperaci\u00f3n de la forma. La mesa redonda se re\u00fane, la acci\u00f3n del pasado se formaliza, la acci\u00f3n futura se prepara.<\/p>\n<p>Faltan 273 d\u00edas. Vinal 13 MAC \u201cCerrando el lugar equivocado y entrando en trance\u201d. Palabras de la Reina Roja en el Noosbolet\u00edn de la Luna Solar: \u201cPrimer Aniversario del Ascenso de  Valum Votan  . Kin 194 es la Primera de las Siete Generaciones Perdidas. Los pr\u00f3ximos siete d\u00edas ser\u00e1n una repetici\u00f3n fractal de las misteriosas Siete Generaciones Perdidas de los Maya, que tambi\u00e9n son un fractal de las siete \u00faltimas Lunas antes del Cierre del Ciclo el 21 de diciembre de 2012. Una buena oportunidad para meditar profundamente en el n\u00facleo de la Tierra y en el banco psi para recuperar tus historias estelares\u2026 Para obtener m\u00e1s informaci\u00f3n acerca de las Siete Generaciones Perdidas ver la Profec\u00eda del Telektonon de Pacal Votan y el  kit de la Revelaci\u00f3n del Telektonon 7:7::7:7.  \u201c. Hoy es un d\u00eda muy especial, en conexi\u00f3n con todos los kines, es el momento de dar gracias a Valum Votan por traernos esta informaci\u00f3n tan valiosa y por haber dedicado su vida a la Ley del Tiempo. Gracias y esperamos que desde donde se encuentre, siga inspir\u00e1ndonos como un GRAN MAGO DE LA TIERRA. El Mago de la cooperaci\u00f3n. El Mago de la Tierra que sabe que puede quitar el encantamiento 12.60 y poner el 13:20. El Mago que desde la atemporalidad coopera para que podamos entrar en la Noosfera, en el Nuevo Tiempo, con las antenas de la receptividad desplegadas y pueda recibir los comunicados de los Seres de las Estrellas y Jerarqu\u00edas Estelares. TODO EST\u00c1 PREVISTO POR LOS MAYAS DE LA NOCHE GAL\u00c1CTICA, CUANDO LLEGARON A LA TIERRA Y COMENZARON A AYUDAR A LOS HUMANOS. LAS PROFEC\u00cdAS SE CUMPLEN, LA TERMA Y EL TERT\u00d3N ESTABAN PREVISTOS POR LOS MAYAS EN EL BANCO PSI. TODO LO QUE NUESTRA MENTE ES CAPAZ DE PENSAR Y DECIR EST\u00c1 EN LA NOOSFERA, ESPERANDO A SER UNIVERSALIZADO. \u00a1REUNI\u00d3N CRISTAL DE PREPARACI\u00d3N AL \u00daLTIMO TZOLKIN ENTERO ANTES DEL 21-12-2012!<\/p>\n<p>YA HEMOS HECHO LA TRANSFORMACI\u00d3N PLANETARIA DE LA ACCI\u00d3N<\/p>\n<p> <span style=\"color: rgb(173,75,253);\">*\u00b4\u00a8) <\/span> <span style=\"color: rgb(253,33,15);\">?<\/span> <span style=\"color: rgb(255,62,228);\"><strong>H O &#8216; O P O N O P O N O<\/strong><\/span> <span style=\"color: rgb(253,33,15);\">?<\/span><br \/>\n <span style=\"color: rgb(173,75,253);\">\u00b8.\u2022\u00b4 \u00b8.\u2022*\u00b4\u00a8) \u00b8.\u2022*\u00a8)\u00b8.\u2022*\u00a8)\u00b8.\u2022*\u00a8)\u00b8.\u2022*\u00a8)<br \/>\n(\u00b8.\u2022\u00b4 <\/span> <span style=\"color: rgb(253,208,16);\">+LUZ<\/span>   <span style=\"color: rgb(41,255,86);\">P+A+Z  <\/span><span style=\"color: rgb(173,75,253);\">y<\/span>  <span style=\"color: rgb(237,108,255);\">A*M*O*R <\/span>  <span style=\"color: rgb(173,75,253);\">(\u00b8.\u2022`<\/span><\/p>\n<p>Pensamiento del viernes 23 de marzo de 2012<\/p>\n<p>La m\u00fasica no es solamente una sucesi\u00f3n de agradables sonidos; la m\u00fasica son fuerzas, vibraciones. Con ella, se penetra, de alg\u00fan modo, en el mundo de la magia: se puede utilizar el poder de estas vibraciones sonoras, no s\u00f3lo para proyectarse en el espacio, sino tambi\u00e9n para crear. La m\u00fasica facilita el trabajo mental: en lugar de dejar que el pensamiento vaya a la deriva, es necesario, al contrario, ser consciente y movilizarlo con la finalidad de realizar algo bueno y grande en s\u00ed mismo y en el mundo. Dec\u00eds que ten\u00e9is dificultades para meditar\u2026 He ah\u00ed un m\u00e9todo: concentraos en una imagen luminosa, exaltante, y la m\u00fasica os elevar\u00e1 hacia lo alto, hacia un mundo de luz y de belleza. La sentir\u00e9is como una fuerza que os transporta. Aprended a utilizar los poderes de los sonidos.<\/p>\n<p>Omraam Mikha\u00ebl A\u00efvanhov<\/p>\n<p> <span style=\"color: rgb(173,75,253);\">*\u00b4\u00a8) <\/span> <span style=\"color: rgb(253,33,15);\">?<\/span> <span style=\"color: rgb(255,62,228);\"><strong>H O &#8216; O P O N O P O N O<\/strong><\/span> <span style=\"color: rgb(253,33,15);\">?<\/span><br \/>\n <span style=\"color: rgb(173,75,253);\">\u00b8.\u2022\u00b4 \u00b8.\u2022*\u00b4\u00a8) \u00b8.\u2022*\u00a8)\u00b8.\u2022*\u00a8)\u00b8.\u2022*\u00a8)\u00b8.\u2022*\u00a8)<br \/>\n(\u00b8.\u2022\u00b4 <\/span> <span style=\"color: rgb(253,208,16);\">+LUZ<\/span>   <span style=\"color: rgb(41,255,86);\">P+A+Z  <\/span><span style=\"color: rgb(173,75,253);\">y<\/span>  <span style=\"color: rgb(237,108,255);\">A*M*O*R <\/span>  <span style=\"color: rgb(173,75,253);\">(\u00b8.\u2022`<\/span><\/p>\n","protected":false},"excerpt":{"rendered":"<p>Viernes 23 de Marzo de 2012 Toma la decisi\u00f3n La mejor decisi\u00f3n posible, es tomar alguna decisi\u00f3n. Tienes la capacidad de decidir, as\u00ed que aprov\u00e9chala. Estando dispuesto a tomar decisiones&hellip; <a href=\"https:\/\/www.vivesur.com\/wpblog\/viernes-23-de-marzo-de-2012\/\" class=\"apace-readmore-link\">Read more<\/a><\/p>\n","protected":false},"author":1,"featured_media":0,"comment_status":"open","ping_status":"open","sticky":false,"template":"","format":"standard","meta":[],"categories":[1,8],"tags":[],"_links":{"self":[{"href":"https:\/\/www.vivesur.com\/wpblog\/wp-json\/wp\/v2\/posts\/4407"}],"collection":[{"href":"https:\/\/www.vivesur.com\/wpblog\/wp-json\/wp\/v2\/posts"}],"about":[{"href":"https:\/\/www.vivesur.com\/wpblog\/wp-json\/wp\/v2\/types\/post"}],"author":[{"embeddable":true,"href":"https:\/\/www.vivesur.com\/wpblog\/wp-json\/wp\/v2\/users\/1"}],"replies":[{"embeddable":true,"href":"https:\/\/www.vivesur.com\/wpblog\/wp-json\/wp\/v2\/comments?post=4407"}],"version-history":[{"count":0,"href":"https:\/\/www.vivesur.com\/wpblog\/wp-json\/wp\/v2\/posts\/4407\/revisions"}],"wp:attachment":[{"href":"https:\/\/www.vivesur.com\/wpblog\/wp-json\/wp\/v2\/media?parent=4407"}],"wp:term":[{"taxonomy":"category","embeddable":true,"href":"https:\/\/www.vivesur.com\/wpblog\/wp-json\/wp\/v2\/categories?post=4407"},{"taxonomy":"post_tag","embeddable":true,"href":"https:\/\/www.vivesur.com\/wpblog\/wp-json\/wp\/v2\/tags?post=4407"}],"curies":[{"name":"wp","href":"https:\/\/api.w.org\/{rel}","templated":true}]}}