{"id":4248,"date":"2012-02-28T11:37:05","date_gmt":"2012-02-28T10:37:05","guid":{"rendered":"http:\/\/vivesur.com\/wpblog\/?p=4248"},"modified":"2012-02-28T11:37:05","modified_gmt":"2012-02-28T10:37:05","slug":"martes-28-de-febrero-de-2012","status":"publish","type":"post","link":"https:\/\/www.vivesur.com\/wpblog\/martes-28-de-febrero-de-2012\/","title":{"rendered":"Martes 28 de Febrero de 2012"},"content":{"rendered":"<p>Martes 28 de Febrero de 2012<\/p>\n<p><strong>Empezar con alegr\u00eda <\/strong><\/p>\n<p><span style=\"font-size: 12pt;\"><img loading=\"lazy\" src=\"http:\/\/vivesur.com\/wpblog\/wp-content\/uploads\/2012\/03\/wpid-28212-2012-02-28-11-37.png\" alt=\"wpid-28212-2012-02-28-11-37.png\" width=\"788\" height=\"1420\" \/><\/span><\/p>\n<p>Hay una raz\u00f3n por la cual el amanecer es tan bello y majestuoso. Est\u00e1 preparando el terreno para un d\u00eda pleno y positivo.<\/p>\n<p>Encarar el d\u00eda con la determinaci\u00f3n de estar alegre te pone en un estado mental creativo y efectivo. Te estar\u00e1s preparando para manejar mejor lo que sea que se cruce en tu camino durante el d\u00eda.<\/p>\n<p>Una relaci\u00f3n personal que arranca de manera positiva desde el principio, florecer\u00e1 r\u00e1pidamente dando como resultado un valor enorme. Encar\u00e1ndola con buena energ\u00eda, podr\u00e1s forjar esa relaci\u00f3n positivamente d\u00eda tras d\u00eda.<\/p>\n<p>Aunque el d\u00eda sea triste y gris, t\u00fa puedes decidir encararlo con una experiencia positiva creada por ti. La realizaci\u00f3n y la plenitud son para aquellos que hacen que as\u00ed sea, y no hay mejor momento para empezar a avanzar, que el inicio de una jornada.<\/p>\n<p>La lista de maneras en que se puede encarar un d\u00eda con una mirada positiva es infinita. Y los d\u00edas que arrancan bien son los que mejores posibilidades tienen, de seguir bien.<\/p>\n<p>Un nuevo d\u00eda llega, listo para ser vivido. Decide comenzarlo con alegr\u00eda.<\/p>\n<p> *\u00b4\u00a8)  ? H O &#8216; O P O N O P O N O ?<br \/>\n \u00b8.\u2022\u00b4 \u00b8.\u2022*\u00b4\u00a8) \u00b8.\u2022*\u00a8)\u00b8.\u2022*\u00a8)\u00b8.\u2022*\u00a8)<br \/>\n(\u00b8.\u2022\u00b4      LUZ PAZ y AMOR      (\u00b8.\u2022`<\/p>\n<p><strong>UCDM &#8211; LECCI\u00d3N 59<\/strong><\/p>\n<p>Estas son las ideas a repasar hoy:<\/p>\n<p><strong>(41) Dios va conmigo dondequiera que yo voy.<\/strong><\/p>\n<p>\u00bfC\u00f3mo puedo estar solo cuando Dios est\u00e1 siempre conmigo. \u00bfC\u00f3mo puedo dudar o sentirme inseguro cuando en \u00c9l mora la perfecta certeza? \u00bfC\u00f3mo puede haber algo que me pueda perturbar cuando \u00c9l mora en mi en paz absoluta? \u00bfC\u00f3mo puedo sufrir cuando el amor y la dicha me rodean por mediaci\u00f3n Suya? No he de abrigar ninguna ilusi\u00f3n con respecto a mi mismo. Soy perfecto porque Dios va conmigo dondequiera que yo voy.<\/p>\n<p><strong>(42) Dios es mi fortaleza. La visi\u00f3n es Su regalo.<\/strong><\/p>\n<p>Hoy no recurrir\u00e9 a mis propios ojos para ver. Quiero estar dispuesto a dejar de lado la lamentable ilusi\u00f3n de que puedo ver, e intercambiarla por la visi\u00f3n que Dios me da. La visi\u00f3n de Cristo es Su regalo y \u00c9l me lo ha dado. Hoy me valdr\u00e9 de este regalo de tal forma que este d\u00eda me ayude a comprender la eternidad.<\/p>\n<p><strong>(43) Dios es mi Fuente. No puedo ver separado de \u00c9l.<br \/>\n<\/strong><br \/>\nPuedo ver lo que Dios quiere que vea. No puedo ver nada m\u00e1s. m\u00e1s all\u00e1 de Su Voluntad s\u00f3lo hay ilusiones. Son \u00e9stas las que elijo cuando pienso que puedo ver separado de \u00c9l. Son \u00e9stas las que elijo cuando trato de ver con los ojos del cuerpo. No obstante, se me ha dado la visi\u00f3n de Cristo para reemplazarlos. A trav\u00e9s de esta visi\u00f3n es como elijo ver.<\/p>\n<p><strong>(44) Dios es la luz en la que veo.<br \/>\n<\/strong><br \/>\nNo puedo ver en la obscuridad. Dios es la \u00fanica luz. por lo tanto, si he de ver, tiene que ser por medio de \u00c9l. He tratado de definir lo que es ver y me he equivocado. Ahora se me concede poder entender que Dios es la luz en la que veo. Le dar\u00e9 la bienvenida a la visi\u00f3n y al mundo feliz que me mostrar\u00e1.<\/p>\n<p><strong>(45) Dios es la Mente con la que pienso.<br \/>\n<\/strong><br \/>\nNo tengo pensamientos que no comparta con Dios. No tengo pensamientos aparte de los Suyos porque no tengo otra mente que la Suya. Puesto que soy parte de Su Mente mis pensamientos son Suyos, y Sus Pensamientos son m\u00edos.<\/p>\n<p> *\u00b4\u00a8)  ? H O &#8216; O P O N O P O N O ?<br \/>\n \u00b8.\u2022\u00b4 \u00b8.\u2022*\u00b4\u00a8) \u00b8.\u2022*\u00a8)\u00b8.\u2022*\u00a8)\u00b8.\u2022*\u00a8)<br \/>\n(\u00b8.\u2022\u00b4      LUZ PAZ y AMOR      (\u00b8.\u2022`<\/p>\n<p>N S 1. 24. 8. 22. Dali. Onix. Mantra: OM. Corona (martes 28-2-20112<\/p>\n<p><strong>MONO LUNAR AZUL \u2013 Kin 171<\/strong><\/p>\n<p>MONO: Acci\u00f3n: JUGAR. Poder: MAGIA. Esencia: ILUSI\u00d3N.<\/p>\n<p>LUNAR: Acci\u00f3n: ESTABILIZAR. Poder: POLARIZAR. Esencia: DESAF\u00cdO.<\/p>\n<p>C\u00e1mara Lunar, identifica el Desaf\u00edo. \u00bfCu\u00e1les son los obst\u00e1culos?<\/p>\n<p>Faltan 297 d\u00edas. Heptada 32 amarilla \u201cHunab Ku transmite la unidad de la totalidad como Iluminaci\u00f3n\u201d. La estabilidad llega con el Mono, jugando y reconociendo que el AMOR va de la mano del ni\u00f1o interior, quien nos ayuda a superar todos los inconvenientes. Cuando ponemos magia a la vida, la ilusi\u00f3n del cambio y el sentimiento de ser y sentir diferente est\u00e1 vivo. AMAR SIGNIFICA SUPERAR EL DESAF\u00cdO DEL YO-MI, Y ENTRAR EN LA ESTABILIDAD DEL YO INTERIOR-NOSOTROS. ACTUANDO CON LEALTAD HACIA UNO MISMO, EL SENTIMIENTO DEL AMOR FLORECE EN EL INTERIOR Y NOS SENTIMOS M\u00c1GICOS.<\/p>\n<p>HUNAB KU 0.0 (mi\u00e9rcoles 29-2-2012). Es el d\u00eda perfecto para sintonizar la atemporalidad pura, y transcender la noci\u00f3n de tiempo lineal, dice la Reina Roja en el Noosboletin de la Luna Gal\u00e1ctica.<\/p>\n<p> *\u00b4\u00a8)  ? H O &#8216; O P O N O P O N O ?<br \/>\n \u00b8.\u2022\u00b4 \u00b8.\u2022*\u00b4\u00a8) \u00b8.\u2022*\u00a8)\u00b8.\u2022*\u00a8)\u00b8.\u2022*\u00a8)<br \/>\n(\u00b8.\u2022\u00b4      LUZ PAZ y AMOR      (\u00b8.\u2022`<\/p>\n<p>Pensamiento del martes 28 de febrero de 2012<\/p>\n<p>La b\u00fasqueda de una mitad perdida, es de esta forma c\u00f3mo puede resumirse toda la aventura de los hombres y de las mujeres. Los hombres buscan a las mujeres, y las mujeres buscan a los hombres\u2026 No saben incluso porqu\u00e9 se buscan, pero se buscan, es instintivo, una voz les dice que as\u00ed es c\u00f3mo hallar\u00e1n su unidad original. De vez en cuando, durante algunos instantes, saborean algo de una felicidad indescriptible, y luego llegan las decepciones, las penas. Pero como nunca pierden la esperanza, contin\u00faan buscando\u2026 Entonces, \u00bfpor qu\u00e9 esto? \u00bfPor qu\u00e9 el ser humano no llega a realizar sus aspiraciones m\u00e1s profundas? Porque no es en el plano f\u00edsico donde debe hacerse primero esta uni\u00f3n del hombre y de la mujer. El plano f\u00edsico s\u00f3lo debe ser el resultado de un trabajo que han realizado previamente en los planos ps\u00edquico y espiritual. Si no, s\u00f3lo encuentran, en el mejor de los casos, placeres y goces ef\u00edmeros. Si algunos, muy pocos, han conseguido realizar de forma duradera esta unidad fusion\u00e1ndose en el plano f\u00edsico, es porque hicieron, previamente, todo un trabajo interior. El ser humano debe buscar, primero, la manera de unir los dos principios en \u00e9l mismo. He ah\u00ed la filosof\u00eda del andr\u00f3gino, y \u00e9sta es la m\u00e1s elevada filosof\u00eda que existe.<\/p>\n<p>Omraam Mikha\u00ebl <strong>A\u00efvanhov<\/strong><\/p>\n<p> *\u00b4\u00a8)  ? H O &#8216; O P O N O P O N O ?<br \/>\n \u00b8.\u2022\u00b4 \u00b8.\u2022*\u00b4\u00a8) \u00b8.\u2022*\u00a8)\u00b8.\u2022*\u00a8)\u00b8.\u2022*\u00a8)<br \/>\n(\u00b8.\u2022\u00b4      LUZ PAZ y AMOR      (\u00b8.\u2022`<\/p>\n","protected":false},"excerpt":{"rendered":"<p>Martes 28 de Febrero de 2012 Empezar con alegr\u00eda Hay una raz\u00f3n por la cual el amanecer es tan bello y majestuoso. Est\u00e1 preparando el terreno para un d\u00eda pleno&hellip; <a href=\"https:\/\/www.vivesur.com\/wpblog\/martes-28-de-febrero-de-2012\/\" class=\"apace-readmore-link\">Read more<\/a><\/p>\n","protected":false},"author":1,"featured_media":0,"comment_status":"open","ping_status":"open","sticky":false,"template":"","format":"standard","meta":[],"categories":[1,8],"tags":[],"_links":{"self":[{"href":"https:\/\/www.vivesur.com\/wpblog\/wp-json\/wp\/v2\/posts\/4248"}],"collection":[{"href":"https:\/\/www.vivesur.com\/wpblog\/wp-json\/wp\/v2\/posts"}],"about":[{"href":"https:\/\/www.vivesur.com\/wpblog\/wp-json\/wp\/v2\/types\/post"}],"author":[{"embeddable":true,"href":"https:\/\/www.vivesur.com\/wpblog\/wp-json\/wp\/v2\/users\/1"}],"replies":[{"embeddable":true,"href":"https:\/\/www.vivesur.com\/wpblog\/wp-json\/wp\/v2\/comments?post=4248"}],"version-history":[{"count":0,"href":"https:\/\/www.vivesur.com\/wpblog\/wp-json\/wp\/v2\/posts\/4248\/revisions"}],"wp:attachment":[{"href":"https:\/\/www.vivesur.com\/wpblog\/wp-json\/wp\/v2\/media?parent=4248"}],"wp:term":[{"taxonomy":"category","embeddable":true,"href":"https:\/\/www.vivesur.com\/wpblog\/wp-json\/wp\/v2\/categories?post=4248"},{"taxonomy":"post_tag","embeddable":true,"href":"https:\/\/www.vivesur.com\/wpblog\/wp-json\/wp\/v2\/tags?post=4248"}],"curies":[{"name":"wp","href":"https:\/\/api.w.org\/{rel}","templated":true}]}}