{"id":4097,"date":"2012-02-19T11:41:18","date_gmt":"2012-02-19T10:41:18","guid":{"rendered":"http:\/\/vivesur.com\/wpblog\/?p=4097"},"modified":"2012-02-19T11:41:18","modified_gmt":"2012-02-19T10:41:18","slug":"domingo-19-de-febrero-de-2012","status":"publish","type":"post","link":"https:\/\/www.vivesur.com\/wpblog\/domingo-19-de-febrero-de-2012\/","title":{"rendered":"Domingo 19 de Febrero de 2012"},"content":{"rendered":"<p>N S 1. 24. 8. 13. Limi. Jade. Mantra: HRUM. Plexo Solar (domingo 19-2-2012)<br \/>\n<span style=\"font-size: 12pt;\"><img loading=\"lazy\" src=\"http:\/\/vivesur.com\/wpblog\/wp-content\/uploads\/2012\/02\/wpid-19212-2012-02-19-11-41.png\" alt=\"wpid-19212-2012-02-19-11-41.png\" width=\"768\" height=\"576\" \/><\/span><br \/>\n<strong>VIENTO R\u00cdTMICO BLANCO  \u2013  Kin 162<br \/>\n<\/strong><br \/>\nVIENTO: Acci\u00f3n: COMUNICAR. Poder: ESP\u00cdRITU. Esencia: ALIENTO.<\/p>\n<p>R\u00cdTMICO: Acci\u00f3n: EQUILIBRAR. Poder: ORGANIZAR. Esencia: IGUALDAD.<\/p>\n<p>La C\u00e1mara R\u00edtmica, manda la igualdad. Administrar el desaf\u00edo.<\/p>\n<p>Faltan 306 d\u00edas. El equilibrio viene con la comunicaci\u00f3n del Viento. En los arquetipos gal\u00e1cticos el Viento es la Suma Sacerdotisa y dice: \u201cMi orden siempre se dirige s\u00f3lo a la esencia de tu esp\u00edritu, esc\u00fachame siempre cuando el viento surja de la nada\u201d. El Viento es el encargado de traernos directamente esos paquetes de informaci\u00f3n del Sol, por ello es tan importante estar atentos los d\u00edas de Viento atmosf\u00e9rico. \u00bfCUANTAS VECES SOMOS CONSCIENTES DE COMUNICACIONES INTERNAS QUE SE MANIFIESTAN LUEGO A NIVEL EXTERNO? \u00bfRECUERDAS C\u00d3MO DE PRONTO TE VIENE UNA IDEA QUE TE SOLUCIONA UNA CUESTI\u00d3N  PENDIENTE? \u00bfDE DONDE HA SALIDO? \u00bfES POSIBLE QUE HAYA VENIDO CON EL VIENTO SOLAR? \u00a1ESCUCHA EL SONIDO DEL VIENTO CUANDO SUSURRA Y SILBA EN TUS O\u00cdDOS!<\/p>\n<p> *\u00b4\u00a8)  ? H O &#8216; O P O N O P O N O ?<br \/>\n \u00b8.\u2022\u00b4 \u00b8.\u2022*\u00b4\u00a8) \u00b8.\u2022*\u00a8)\u00b8.\u2022*\u00a8)\u00b8.\u2022*\u00a8)<br \/>\n(\u00b8.\u2022\u00b4      LUZ PAZ y AMOR      (\u00b8.\u2022`<\/p>\n<p><strong>UCDM &#8211; LECCI\u00d3N 50 \u2013 El Amor de Dios es mi sustento.<br \/>\n<\/strong><br \/>\nHe aqu\u00ed la respuesta a cualquier problema que se te presente, hoy, ma\u00f1ana o a lo largo del tiempo. Crees que lo que te sustenta en este mundo es todo menos Dios. Has depositado tu fe en los s\u00edmbolos m\u00e1s triviales y absurdos: en p\u00edldoras, dinero, ropa \u201cprotectora\u201d, influencia, prestigio, caer bien, estar \u201cbien\u201d relacionado y en una lista interminable de cosas huecas y sin fundamento a las que dotas de poderes m\u00e1gicos.<\/p>\n<p>Todas esas cosas son tus substitutos del Amor de Dios. Todas esas cosas se atesoran para asegurar la identificaci\u00f3n con el cuerpo. Son himnos de alabanza al ego. No deposites tu fe en lo que no tiene valor. No te sustentar\u00e1.<\/p>\n<p>S\u00f3lo el Amor de Dios te proteger\u00e1 en toda circunstancia. Te rescatar\u00e1 de toda tribulaci\u00f3n y te elevar\u00e1 por encima de todos los peligros que percibes en este mundo a un ambiente de paz y seguridad perfectas. Te llevar\u00e1 a un estado mental que no puede verse amenazado ni perturbado por nada, y en el que nada puede interrumpir la eterna calma del Hijo de Dios.<\/p>\n<p>No deposites tu fe en ilusiones. Te fallar\u00e1n. Deposita toda tu fe en el Amor de Dios en ti: eterno, inmutable y por siempre indefectible. \u00c9sta es la respuesta a todo problema que se te presente hoy. Por medio del Amor de Dios en ti puedes resolver toda aparente dificultad sin esfuerzo alguno y con absoluta confianza. Dite esto a ti mismo con frecuencia hoy. Es una declaraci\u00f3n de que te has liberado de la creencia en \u00eddolos. Es tu reconocimiento de la verdad acerca de ti.<\/p>\n<p>Durante diez minutos dos veces al d\u00eda, una por la ma\u00f1ana y otra por la noche, deja que la idea de hoy se adentre muy hondo en tu conciencia. Rep\u00edtela, reflexiona sobre ella, deja que pensamientos afines vengan a ayudarte a reconocer su verdad, y permite que la paz se extienda sobre ti como un manto de protecci\u00f3n y seguridad. <strong>No permitas que ning\u00fan pensamiento vano o necio venga a perturbar la santa mente del Hijo de Dios.<\/strong> Tal es el Reino de los Cielos. Tal es el lugar de descanso donde tu Padre te ubic\u00f3 eternamente.<\/p>\n<p> *\u00b4\u00a8)  ? H O &#8216; O P O N O P O N O ?<br \/>\n \u00b8.\u2022\u00b4 \u00b8.\u2022*\u00b4\u00a8) \u00b8.\u2022*\u00a8)\u00b8.\u2022*\u00a8)\u00b8.\u2022*\u00a8)<br \/>\n(\u00b8.\u2022\u00b4      LUZ PAZ y AMOR      (\u00b8.\u2022`<\/p>\n<p>Pensamiento del domingo 19 de febrero de 2012<\/p>\n<p>La espiritualidad no consiste en vagas aspiraciones. El verdadero espiritualista empieza por edificar en su alma un altar para el Se\u00f1or, nunca cesa de mantener en \u00e9l una llama. A este altar, debe subir cada d\u00eda con la conciencia de que entra en la presencia divina, y entonces, solamente ah\u00ed, sabe lo que debe pedir. Mientras os dirij\u00e1is al Se\u00f1or para que satisfaga vuestros deseos personales, significa que todav\u00eda no hab\u00e9is entrado en su presencia. <strong>El d\u00eda que entr\u00e9is en la presencia del Se\u00f1or, solamente podr\u00e9is pedir una cosa: que os llene con su luz.<\/strong> Pero en realidad, sent\u00eds que no ten\u00e9is nada que pedir desde el momento que entr\u00e1is en presencia del Se\u00f1or, su luz os invade, y cuando descend\u00e9is, esta luz os habita a\u00fan mucho tiempo.<\/p>\n<p>Omraam Mikha\u00ebl <strong>A\u00efvanhov<\/strong><\/p>\n<p> *\u00b4\u00a8)  ? H O &#8216; O P O N O P O N O ?<br \/>\n \u00b8.\u2022\u00b4 \u00b8.\u2022*\u00b4\u00a8) \u00b8.\u2022*\u00a8)\u00b8.\u2022*\u00a8)\u00b8.\u2022*\u00a8)<br \/>\n(\u00b8.\u2022\u00b4      LUZ PAZ y AMOR      (\u00b8.\u2022`<\/p>\n","protected":false},"excerpt":{"rendered":"<p>N S 1. 24. 8. 13. Limi. Jade. Mantra: HRUM. Plexo Solar (domingo 19-2-2012) VIENTO R\u00cdTMICO BLANCO \u2013 Kin 162 VIENTO: Acci\u00f3n: COMUNICAR. Poder: ESP\u00cdRITU. Esencia: ALIENTO. R\u00cdTMICO: Acci\u00f3n: EQUILIBRAR.&hellip; <a href=\"https:\/\/www.vivesur.com\/wpblog\/domingo-19-de-febrero-de-2012\/\" class=\"apace-readmore-link\">Read more<\/a><\/p>\n","protected":false},"author":1,"featured_media":0,"comment_status":"open","ping_status":"open","sticky":false,"template":"","format":"standard","meta":[],"categories":[1,8],"tags":[],"_links":{"self":[{"href":"https:\/\/www.vivesur.com\/wpblog\/wp-json\/wp\/v2\/posts\/4097"}],"collection":[{"href":"https:\/\/www.vivesur.com\/wpblog\/wp-json\/wp\/v2\/posts"}],"about":[{"href":"https:\/\/www.vivesur.com\/wpblog\/wp-json\/wp\/v2\/types\/post"}],"author":[{"embeddable":true,"href":"https:\/\/www.vivesur.com\/wpblog\/wp-json\/wp\/v2\/users\/1"}],"replies":[{"embeddable":true,"href":"https:\/\/www.vivesur.com\/wpblog\/wp-json\/wp\/v2\/comments?post=4097"}],"version-history":[{"count":0,"href":"https:\/\/www.vivesur.com\/wpblog\/wp-json\/wp\/v2\/posts\/4097\/revisions"}],"wp:attachment":[{"href":"https:\/\/www.vivesur.com\/wpblog\/wp-json\/wp\/v2\/media?parent=4097"}],"wp:term":[{"taxonomy":"category","embeddable":true,"href":"https:\/\/www.vivesur.com\/wpblog\/wp-json\/wp\/v2\/categories?post=4097"},{"taxonomy":"post_tag","embeddable":true,"href":"https:\/\/www.vivesur.com\/wpblog\/wp-json\/wp\/v2\/tags?post=4097"}],"curies":[{"name":"wp","href":"https:\/\/api.w.org\/{rel}","templated":true}]}}