{"id":3734,"date":"2012-01-06T09:37:07","date_gmt":"2012-01-06T08:37:07","guid":{"rendered":"http:\/\/vivesur.com\/wpblog\/?p=3734"},"modified":"2012-01-06T09:37:07","modified_gmt":"2012-01-06T08:37:07","slug":"viernes-6-de-enero-de-2012","status":"publish","type":"post","link":"https:\/\/www.vivesur.com\/wpblog\/viernes-6-de-enero-de-2012\/","title":{"rendered":"Viernes 6 de Enero de 2012"},"content":{"rendered":"<p>Viernes 6 de Enero de 2012<\/p>\n<p><strong>Siente lo que decidas sentir <\/strong><\/p>\n<p><span style=\"font-size: 12pt;\"><img loading=\"lazy\" src=\"http:\/\/vivesur.com\/wpblog\/wp-content\/uploads\/2012\/01\/wpid-6112-2012-01-6-09-37.jpg\" alt=\"wpid-6112-2012-01-6-09-37.jpg\" width=\"720\" height=\"514\" \/><\/span><\/p>\n<p>Deja de dedicarte tan diligentemente para hacer que tus sentimientos coincidan con tus circunstancias. En cambio date cuenta de que puedes elegir y enfocar tus sentimientos para generar as\u00ed circunstancias mucho m\u00e1s favorables, de tu propia elecci\u00f3n.<\/p>\n<p>No existe ninguna ley que establezca que tengas que albergar sentimientos de decepci\u00f3n, abatimiento, enojo y frivolidad cuando las cosas no marchan como esperabas.<\/p>\n<p>Con la misma facilidad podr\u00edas sentirte divertido, iluminado y positivamente inspirado m\u00e1s que nunca antes.<\/p>\n<p>Puedes utilizar tus sentimientos para prolongar una situaci\u00f3n complicada. O puedes elegir otros sentimientos que te permitan trascender tus mayores dificultades y avanzar.<\/p>\n<p>\u00bfC\u00f3mo hacer para sentirte bien, adoptando una actitud positiva, cuando el mundo que te rodea es tan negativo? Simplemente preg\u00fantate qu\u00e9 preferir\u00edas, quedar prisionero de tus sentimientos o ser empujado, estimulado por ellos.<\/p>\n<p>Momento a momento, est\u00e1s eligiendo constantemente qu\u00e9 sentimientos abrigar y cu\u00e1les descartar. Estate siempre atento a esta capacidad que tienes en tus manos, porque mejorando la manera en que sientes puedes mejorar cualquier cosa en tu vida, en cualquier grado que decidas mejorarlo.<\/p>\n<p>Tus sentimientos son fuerzas poderosas, y asumiendo el control sobre ellos podr\u00e1s hacer que tu vida se mueva en cualquier direcci\u00f3n que t\u00fa elijas. Siente cualquier cosa que decidas sentir, y estar\u00e1s decidiendo que as\u00ed sea.<\/p>\n<p>*\u00b4\u00a8)<br \/>\n\u00b8.\u2022\u00b4\u00b8.\u2022*\u00b4\u00a8) \u00b8.\u2022*\u00a8)\u00b8.\u2022*\u00a8)<br \/>\n(\u00b8.\u2022\u00b4 Luz Paz y Amor  (\u00b8.\u2022`<\/p>\n<p><strong>UCDM &#8211; LECCI\u00d3N 6 \u2013 Estoy disgustado porque veo algo que no est\u00e1 ah\u00ed.<br \/>\n<\/strong><br \/>\nLos ejercicios que se han de llevar a cabo con esta idea son muy similares a los anteriores. Es necesario, una vez m\u00e1s, que para cualquier aplicaci\u00f3n de la idea de hoy nombres muy concretamente la forma de disgusto de que se trate (ira, miedo, preocupaci\u00f3n, depresi\u00f3n, etc.), as\u00ed como lo que percibes como su causa. Por ejemplo:<\/p>\n<p>Estoy enfadado con ___ porque veo algo que no est\u00e1 ah\u00ed.<\/p>\n<p>Estoy preocupado acerca de ___ porque veo algo que no est\u00e1 ah\u00ed.<\/p>\n<p>Conviene aplicar la idea de hoy a cualquier cosa que parezca disgustarte, y puede usarse provechosamente durante el transcurso del d\u00eda con ese prop\u00f3sito. No obstante, las tres o cuatro sesiones de pr\u00e1ctica que hoy se requieren deben ir precedidas, como en d\u00edas pasados, por un minuto m\u00e1s o menos de b\u00fasqueda mental, seguido de una aplicaci\u00f3n de la idea a cada pensamiento de disgusto descubierto en dicha b\u00fasqueda.<br \/>\nUna vez m\u00e1s, si te resistes a aplicar la idea a algunos de los pensamientos que te causan disgusto m\u00e1s que a otros, recuerda las dos advertencias mencionadas en la lecci\u00f3n anterior:<\/p>\n<p>No hay disgustos peque\u00f1os.<br \/>\nTodos perturban mi paz mental por igual.<\/p>\n<p>Y:<\/p>\n<p>No puedo conservar esta forma de disgusto y al mismo tiempo desprenderme de las dem\u00e1s.<br \/>\nPara los efectos de estos ejercicios, pues, las considerar\u00e9 a todas como si fuesen iguales.<\/p>\n<p>*\u00b4\u00a8)<br \/>\n\u00b8.\u2022\u00b4\u00b8.\u2022*\u00b4\u00a8) \u00b8.\u2022*\u00a8)\u00b8.\u2022*\u00a8)<br \/>\n(\u00b8.\u2022\u00b4 Luz Paz y Amor  (\u00b8.\u2022`<\/p>\n<p>N S 1. 24. 6. 25. Kali. Plata. Mantra: HRIM. Centro Secreto (6-1-2012)<\/p>\n<p><strong>ESPEJO MAGN\u00c9TICO BLANCO \u2013 Kin 118<br \/>\n<\/strong><br \/>\nESPEJO: Acci\u00f3n: REFLEJAR. Poder: SIN FIN. Esencia: ORDEN.<\/p>\n<p>MAGN\u00c9TICO: Acci\u00f3n: ATRAER. Poder: UNIFICAR. Esencia: PROP\u00d3SITO.<\/p>\n<p>P\u00f3rtico  Magn\u00e9tico, identifica el Prop\u00f3sito. \u00bfCu\u00e1l es mi meta?<\/p>\n<p>Faltan 350 d\u00edas para el cierre del ciclo 21-12-2012. El pasado kin 109, Luna Entonada Roja, entramos en el Cuarto Ciclo de 144 d\u00edas del Retorno de Quetzalcoatl, con el Retorno del Poder Sagrado \u201cDar Forma al Poder\u201d, que termina el d\u00eda 18 de la Luna Espectral con el kin 251. Onda Encantada del Espejo Blanco de refinar, 10\u00aa del Tzolkin y segunda del Castillo azul. (Recordamos el trabajo de estos 260 d\u00edas en las ondas del Drag\u00f3n 04 y Mago 04). Seguimos en la Iniciaci\u00f3n del Cuerpo de Energ\u00eda de la Estrella Espectral. El Espejo en los Arquetipos Gal\u00e1cticos es YOGUI\/YOGUINI, tambi\u00e9n conocido como: Maestro de la Meditaci\u00f3n, Portador de la Sabidur\u00eda Trascendental y como El Nacido de la Mente. Hoy es el d\u00eda en que nuestros m\u00e1s rec\u00f3nditos sue\u00f1os se pueden hacer realidad ya que los Magos de oriente nos han tra\u00eddo los regalos. Recordamos cuando escribimos nuestra carta y pedimos aquello que necesit\u00e1bamos o ten\u00edamos ilusi\u00f3n en conseguir. Haciendo una meditaci\u00f3n, estamos precisamente en el sello de la Meditaci\u00f3n, podemos sentir que lo que pedimos se nos dar\u00e1, cuando cambiemos una pauta de comportamiento, al ser m\u00e1s cari\u00f1osos, al modificar la actitud ante alguna circunstancia concreta, al sonre\u00edr\u2026 debemos de estar muy atentos a percibir esos sutiles reflejos. Tambi\u00e9n puede darse el caso de haber recibido ya el regalo o que  por algo que desconocemos nunca se nos dar\u00e1. Y volvemos al Espejo, el reflejo del momento, del sin fin, del eterno presente, de quien soy yo al mirarme y verme. Muchas veces nos aferramos a una fotograf\u00eda del pasado, de alguien a qui\u00e9n am\u00e1bamos y se march\u00f3, o de nosotros mismos en circunstancias mejores. Con mucha nostalgia suspiramos y casi re\u00f1imos a la vida porque ya no es como antes, e incluso comenzamos a llorar, a quejarnos, a entristecernos. Entonces acudimos al Espejo, observamos en \u00e9l el reflejo de nuestro rostro \u00bfQu\u00e9 vemos? \u00bfNos reconocemos? \u00bfNos miramos con benevolencia y paz? \u00bfVemos un rostro de tristeza? \u00bfBrillan nuestros ojos con luz propia? \u00bfVemos en ellos algo transcendente? \u00bfEst\u00e1 mi Ser dentro de la imagen que veo de m\u00ed? Es muy importante saber y reconocer que este preciso momento en el que nos observamos, es el \u00fanico que existe, el presente, la uni\u00f3n con el pasado y futuro, un punto concreto en el  espacio-tiempo, sin cambiarlo, perfecto, infinitamente continuo y eterno. Tan cerca del cierre del ciclo, el pasado debe ser liberado, del futuro ya nos ocuparemos cuando llegue, lo verdaderamente significativo es el presente, el aqu\u00ed y ahora que refleja el Espejo; todos mis actos desde que me despierto cada ma\u00f1ana hasta que me vuelvo a dormir cada noche, vividos como si fueran a c\u00e1mara lenta pudiendo observar y sentir cada movimiento, palabra o pensamiento que experimento. Es de suma importancia recordar que la consciencia continua tiene que ser la manera en que vivamos a partir de ahora, para eliminar de nuestra vida aquellos actos y costumbre que no tengan la armon\u00eda que queremos  en el presente. Y comenzamos a sentirnos m\u00e1s livianos, el reflejo del Espejo es m\u00e1s luminoso, y nuestros ojos muestran un brillo especial. Queda menos de un a\u00f1o y debemos lograr darnos un impulso incre\u00edblemente potente a nivel evolutivo para prepararnos y cuando el Nuevo Tiempo llegue, estar con una energ\u00eda mayor y percibirlo y experimentarlo de primera mano. Todo esto es muy importante, pero \u00bfqu\u00e9 va a ocurrir en estas 12 lunas que faltan? Muchas cosas, unas predecibles y otras no. Aunque para nosotros, a nivel personal, lo que nos importa es EL COMO VAMOS A VIVIR TODOS ESOS ACONTECIMIENTOS. Y el Espejo sigue siendo el gran aliado para este proceso. Sabemos que tiene una magia especial, que es usado por magos y adivinos para ver en \u00e9l acontecimientos, para conectar con otras realidades alternativas, para VER y VER-NOS. Hay una adivinanza que dice\u201dEstoy dentro y no puedo entrar \u00bfqu\u00e9 es?\u201d el ESPEJO. De ah\u00ed viene su magia y su apreciado uso en la antig\u00fcedad. Por ello, al mirarnos, vemos la realidad del presente, pero si MIRAMOS EN SU INTERIOR podremos observar TODO, sin excepci\u00f3n. Tambi\u00e9n la idea del Espejo se utiliza en la Meditaci\u00f3n, en donde tampoco hay pasado ni futuro, tan s\u00f3lo presente, y se acaba convirtiendo en atemporal e infinito. Estos planteamientos, son solamente para poder darnos cuenta de que no disponemos m\u00e1s que del presente, de aquello que es posible ver reflejado en un Espejo, y que debemos seguir de ah\u00ed para adelante. El orden universal es evoluci\u00f3n, como nuestro ser que tambi\u00e9n tiene ese objetivo. \u00bfMe miro mucho en el Espejo? \u00bfCon qu\u00e9 finalidad lo hago? \u00bfSignifica algo m\u00e1gico o s\u00f3lo lo hago por est\u00e9tica? PRONTO VA A LLEGAR EL MOMENTO DE LA VERDAD. NADA NI NADIE PODR\u00c1 ESCONDERSE. LO QUE ERES ES LO QUE MANIFESTAR\u00c1S. SI ERES PAZ, LA IRRADIARAS; SI ERES AMOR, LO SENTIR\u00c1N; SI ERES DE VIBRACI\u00d3N ELEVADA, UTILIZAR\u00c1S TUS CUALIDADES NOOSF\u00c9RICAS; EN CUALQUIER CASO, UNICAMENTE PODR\u00c1S REFLEJAR LO QUE ERES. LO QUE DECIMOS QUE SOMOS PERO QUE EN REALIDAD NO SOMOS TODAV\u00cdA, ES EL TRABAJO QUE CADA UNO EST\u00c1 HACIENDO. \u00a1ADELANTE, SE T\u00da SIEMPRE! \u00a1EL PRESENTE ES LO QUE REFLEJA EL ESPEJO! \u00a1EL PASADO Y FUTURO EST\u00c1N FUNDIDOS EN LA ATEMPORALIDAD! \u00a1MEDITA EN EL SIGNIFICADO INTERDIMENSIONAL DEL ESPEJO, HAR\u00c1S GRANDES DESCUBRIMIENTOS!<\/p>\n<p>*\u00b4\u00a8)<br \/>\n\u00b8.\u2022\u00b4\u00b8.\u2022*\u00b4\u00a8) \u00b8.\u2022*\u00a8)\u00b8.\u2022*\u00a8)<br \/>\n(\u00b8.\u2022\u00b4 Luz Paz y Amor  (\u00b8.\u2022`<\/p>\n<p>Pensamiento del viernes 6 de enero de 2012.<\/p>\n<p>&#8220;Existe en cada ser humano algo, se podr\u00eda decir un espacio, que<br \/>\nnada ni nadie llegar\u00e1 jam\u00e1s a llenar, excepto Dios mismo. En<br \/>\neste espacio que llamamos coraz\u00f3n, pod\u00e9is poner a todos los<br \/>\nseres, todos los objetos que quer\u00e1is, todav\u00eda quedar\u00e1 espacio<br \/>\ny sentir\u00e9is que os falta algo, sentir\u00e9is un vac\u00edo. S\u00f3lo Dios<br \/>\nque es inconmensurable, infinito, puede llenar este vac\u00edo.<br \/>\nCuando hay\u00e1is introducido a Dios en vuestro coraz\u00f3n, cada ser,<br \/>\ncada cosa os aportar\u00e1 alegr\u00eda debido a esta presencia de Dios<br \/>\nen vosotros. Empezad pues por abrir vuestro coraz\u00f3n a Aquel que<br \/>\nos ha creado, y luego habr\u00e1 sitio para todas las dem\u00e1s<br \/>\ncriaturas. \u00c9stas ser\u00e1n bienvenidas, y nunca jam\u00e1s os<br \/>\nsentir\u00e9is solos o abandonados. &#8221;<\/p>\n<p>Omraam Mikha\u00ebl <strong>A\u00efvanhov<\/strong><\/p>\n<p>*\u00b4\u00a8)<br \/>\n\u00b8.\u2022\u00b4\u00b8.\u2022*\u00b4\u00a8) \u00b8.\u2022*\u00a8)\u00b8.\u2022*\u00a8)<br \/>\n(\u00b8.\u2022\u00b4 Luz Paz y Amor  (\u00b8.\u2022`<\/p>\n","protected":false},"excerpt":{"rendered":"<p>Viernes 6 de Enero de 2012 Siente lo que decidas sentir Deja de dedicarte tan diligentemente para hacer que tus sentimientos coincidan con tus circunstancias. En cambio date cuenta de&hellip; <a href=\"https:\/\/www.vivesur.com\/wpblog\/viernes-6-de-enero-de-2012\/\" class=\"apace-readmore-link\">Read more<\/a><\/p>\n","protected":false},"author":1,"featured_media":0,"comment_status":"open","ping_status":"open","sticky":false,"template":"","format":"standard","meta":[],"categories":[1,8],"tags":[],"_links":{"self":[{"href":"https:\/\/www.vivesur.com\/wpblog\/wp-json\/wp\/v2\/posts\/3734"}],"collection":[{"href":"https:\/\/www.vivesur.com\/wpblog\/wp-json\/wp\/v2\/posts"}],"about":[{"href":"https:\/\/www.vivesur.com\/wpblog\/wp-json\/wp\/v2\/types\/post"}],"author":[{"embeddable":true,"href":"https:\/\/www.vivesur.com\/wpblog\/wp-json\/wp\/v2\/users\/1"}],"replies":[{"embeddable":true,"href":"https:\/\/www.vivesur.com\/wpblog\/wp-json\/wp\/v2\/comments?post=3734"}],"version-history":[{"count":0,"href":"https:\/\/www.vivesur.com\/wpblog\/wp-json\/wp\/v2\/posts\/3734\/revisions"}],"wp:attachment":[{"href":"https:\/\/www.vivesur.com\/wpblog\/wp-json\/wp\/v2\/media?parent=3734"}],"wp:term":[{"taxonomy":"category","embeddable":true,"href":"https:\/\/www.vivesur.com\/wpblog\/wp-json\/wp\/v2\/categories?post=3734"},{"taxonomy":"post_tag","embeddable":true,"href":"https:\/\/www.vivesur.com\/wpblog\/wp-json\/wp\/v2\/tags?post=3734"}],"curies":[{"name":"wp","href":"https:\/\/api.w.org\/{rel}","templated":true}]}}