{"id":3661,"date":"2011-12-11T09:41:33","date_gmt":"2011-12-11T08:41:33","guid":{"rendered":"http:\/\/vivesur.com\/wpblog\/?p=3661"},"modified":"2011-12-11T09:41:33","modified_gmt":"2011-12-11T08:41:33","slug":"domingo-11-de-dicembre-de-2011","status":"publish","type":"post","link":"https:\/\/www.vivesur.com\/wpblog\/domingo-11-de-dicembre-de-2011\/","title":{"rendered":"Domingo 11 de Dicembre de 2011"},"content":{"rendered":"<p>Domingo 11 de Dicembre de 2011<br \/>\n<span style=\"font-size: 12pt;\"><img loading=\"lazy\" src=\"http:\/\/vivesur.com\/wpblog\/wp-content\/uploads\/2011\/12\/wpid-111211-2011-12-11-09-41.jpg\" alt=\"wpid-111211-2011-12-11-09-41.jpg\" width=\"600\" height=\"600\" \/><\/span><br \/>\n<strong>UCDM &#8211; LECCI\u00d3N 345 \u2013 Hoy s\u00f3lo ofrezco milagros, pues quiero que retornen a mi.<br \/>\n<\/strong><br \/>\nPadre, todo milagro es un reflejo de los regalos que me haces a mi, Tu Hijo. y cada uno que concedo retorna a mi, record\u00e1ndome que la ley del amor es universal. Incluso aqu\u00ed, dicha ley se manifiesta en una forma cuya eficacia que se puede reconocer, y puede verificarse. Los milagros que concedo se me devuelven en la forma que m\u00e1s me puede ayudar con los problemas que percibo. Padre, en el Cielo es diferente, pues all\u00ed no hay necesidades. Pero aqu\u00ed en la tierra, el milagro se parece m\u00e1s a tus regalos que cualquier otro regalo que yo pueda hacer. As\u00ed pues, d\u00e9jame hoy hacer solamente este regalo, que al haber nacido del verdadero perd\u00f3n, ilumina el camino que debo recorrer para poder recordarte.<\/p>\n<p>Que la paz sea con todos los corazones que la buscan. La luz ha venido a ofrecer milagros para bendecir a este mundo exhausto. \u00c9ste hallar\u00e1 descanso hoy, pues nosotros ofreceremos lo que hemos recibido.<\/p>\n<p>*\u00b4\u00a8)<br \/>\n\u00b8.\u2022\u00b4\u00b8.\u2022*\u00b4\u00a8) \u00b8.\u2022*\u00a8)<br \/>\n(\u00b8.\u2022\u00b4 Paz y Amor (\u00b8.\u2022`<\/p>\n<p>N S 1. 24. 5. 27. Limi. Jade. Mantra: HRUM. Plexo Solar (d)<\/p>\n<p><strong>HUMANO MAGN\u00c9TICO AMARILLO \u2013 Kin 92<br \/>\n<\/strong><br \/>\nHUMANO: Acci\u00f3n: INFLUENCIAR. Poder: LIBRE VOLUNAD. Esencia: SABIDUR\u00cdA.<\/p>\n<p>MAGN\u00c9TICO: Acci\u00f3n: ATRAER. Poder: UNIFICAR. Esencia: PROP\u00d3SITO.<\/p>\n<p>P\u00f3rtico  Magn\u00e9tico, identifica el Prop\u00f3sito. \u00bfCu\u00e1l es mi meta?<\/p>\n<p>Faltan 374 d\u00edas para el cierre del ciclo 21-12-2012. Onda encantada del Humano amarilla de refinar, n\u00ba 8 del Tzolkin y \u00faltima del Castillo Blanco. Hasta aqu\u00ed han pasado 92 d\u00edas desde el  inicio de este Tzolkin y 140 d\u00edas desde el comienzo del a\u00f1o Mago R\u00edtmico el 26-7-2011. Recordamos el trabajo de este Tzolkin (ver ondas 04 del Drag\u00f3n y Viento). <strong>El Arquetipo Gal\u00e1ctico del Humano es el Sabio<\/strong>, <strong>el guardi\u00e1n de la sabidur\u00eda<\/strong>,  tambi\u00e9n conocido por el Gobernador y por el nombre de \u201cJuez Sabio\u201d.  Estos 13 d\u00edas, vamos a conectar con la sabidur\u00eda interior que  todo humano tiene. No se trata de estudios adquiridos exteriormente, aunque en muchos casos ayudan, sino de recoger en cada momento el conocimiento interno-sabidur\u00eda  con el que hemos nacido todos y cada uno de nosotros. \u00bfSomos humanos sabios y libres? Es una pregunta que nos hemos hecho seguro en alguna ocasi\u00f3n. Lo que importa es como te sientes t\u00fa en relaci\u00f3n a esa respuesta. Pero, podemos adem\u00e1s reflexionar y a\u00f1adir o quitar partes de los procesos personales que nos involucran en las respuestas. Ha llegado la hora de darnos cuenta de que en realidad somos HUMANOS CON CAPACIDAD DE DECIDIR. En nuestras vidas hay momentos en los que no podremos actuar m\u00e1s que de una forma, ah\u00ed no podremos incidir. Sin embargo, a nivel interior, a\u00fan no pudiendo cambiar la situaci\u00f3n nos damos cuenta que no es lo que desear\u00edamos, pero no podemos hacer otra cosa. Cuando las decisiones son libes e interiores, aqu\u00ed todo cambia, cada uno tiene la llave de su propio poder de decisi\u00f3n. <strong>En el momento en que veamos con claridad que somos \u201clos due\u00f1os absolutos de nuestra vida y de las decisiones que tomamos\u201d en cada momento, hay un cambio de consciencia.<\/strong> Porque lo que verdaderamente importa, es lo que vivimos si lo hacemos con una consciencia capaz de reconocer que hay muchos senderos que parten del mismo punto y por lo tanto los caminos son infinitos y yo como caminante del m\u00edo, poseo el poder de elegir el que m\u00e1s vibra en mi coraz\u00f3n. Mi prop\u00f3sito depende siempre de mis creencias. Cuando creo que algo es inalcanzable, generalmente renuncio a ello. Y si veo que puedo lograrlo, me lanzo y pongo los medios necesarios. Con nuestra vida, tenemos que hacer esfuerzos mayores, debemos creer en la sabidur\u00eda profunda y completa que guardamos en el interior y apelar a ella m\u00e1s a menudo. Esta sabidur\u00eda es tan inmensa, que somos incapaces de ver sus l\u00edmites. \u00bfNos consideramos sabios interiormente? \u00bfSabemos utilizar esa sabidur\u00eda cuando la necesitamos? \u00bfC\u00f3mo se manifiesta en nuestras vidas? \u00bfLa podemos usar para decidir con libertad? \u00bfEst\u00e1 bien el dejarme influenciar por otros cuando creo que saben m\u00e1s que yo? \u00bfEst\u00e1 bien seguir a un Maestros? \u00bfSon ellos m\u00e1s sabios que yo? \u00bfEs importante tener una escuela espiritual para evolucionar siguiendo sus pasos? Cada uno al leer estas preguntas habr\u00e1 respondido interiormente de una forma u otra. Aqu\u00ed no hay examen, no hay preguntas con trampa, es s\u00f3lo que cada uno al responderse a s\u00ed mismo, puede tener la consciencia de lo libre o atrapado que se siente en su vida. Tenemos todas las puertas abiertas para poder pasar hacia donde queramos, la br\u00fajula que cada uno lleva, le ir\u00e1 guiando de acuerdo a sus creencias y prop\u00f3sitos. Como estamos muy metidos en el camino elegido, de vez en cuando hacer una reflexi\u00f3n viene bien \u00bfRealmente soy yo quien quiere estar aqu\u00ed o entr\u00e9 por cuestiones familiares, sociales, econ\u00f3micas o religiosas pero algo en mi interior no est\u00e1 del todo satisfecho? \u00bfO soy plenamente feliz precisamente por estar aqu\u00ed? <strong>Reflexionemos y saquemos la libre voluntad  y con la sabidur\u00eda que poseemos, decidamos en cada momento qu\u00e9 hacer, c\u00f3mo, con qui\u00e9n, en d\u00f3nde, m\u00e1s all\u00e1 de los convencionalismos que nos tienen sumidos en la inactividad de no  tener la convicci\u00f3n de reconocer que al ser creados, se nos ha dado la Libre Voluntad. <\/strong>Todos somos seres Espirituales  viviendo experiencias terrestres porque nuestra alma las necesita para evolucionar en consciencia. En estos momentos, al final del ciclo de 5.125 a\u00f1os, es cuando m\u00e1s necesitamos darnos cuenta de esa capacidad de saber desde dentro, de darnos cuenta que podemos elegir con consciencia lo que queremos y lo que no queremos hacer. La Noosfera nos pide esa atenci\u00f3n continua interior para que nuestra aportaci\u00f3n a la mente del planeta sea clara y limpia, y la telepat\u00eda pueda comenzar a aparecer en nuestras vidas como consecuencia de ello. SOMOS SERES DE INFINITA SABIDUR\u00cdA. SI RECORDAMOS QUE LA TENEMOS PODEMOS UTILIZARLA CON CONSCIENCIA. Y CUANDO LO HACEMOS, APARECE LA CAPACIDAD COMPLETA DE PODER SENTIRNOS HUMANOS CON LIBRE VOLUNTAD. HAZ LA PR\u00c1CTICA Y TE DAR\u00c1S CUENTA QUE ES AS\u00cd. \u00a1ERES DUE\u00d1O\/A DE TU VIDA! \u00a1EL RESTO DE ELLA DEPENDE DE LO QUE DECIDAS HACER EN CADA MOMENTO! \u00a1TODO CAMBIA CON S\u00d3LO UNA SENCILLA DECISI\u00d3N! \u00a1CON LA SABIDURIA PODEMOS ALCANZAR LA LIBERTAD VIVENDO CONSCIENTEMENTE! \u00a1\u00c1NIMO Y ADELANTE! \u00a1SI QUIERES PUEDES!<\/p>\n<p>*\u00b4\u00a8)<br \/>\n\u00b8.\u2022\u00b4\u00b8.\u2022*\u00b4\u00a8) \u00b8.\u2022*\u00a8)<br \/>\n(\u00b8.\u2022\u00b4 Paz y Amor (\u00b8.\u2022`<\/p>\n<p>Pensamiento del domingo 11 de diciembre de 2011.<\/p>\n<p>&#8220;Cu\u00e1ntas veces os he dicho que desconfi\u00e9is de estos libros de<br \/>\nciencias ocultas que, con la excusa de abriros los caminos de lo<br \/>\ninvisible, s\u00f3lo os arrastrar\u00e1n por caminos peligrosos. Si<br \/>\nquer\u00e9is lograr un d\u00eda salir de vuestro cuerpo, desdoblaros para<br \/>\ndescubrir los esplendores del mundo espiritual, aqu\u00ed ten\u00e9is un<br \/>\nejercicio completamente inofensivo.<br \/>\nAlgunas ma\u00f1anas, por ejemplo, cuando un cielo gris y nublado os<br \/>\nimpulsa a la somnolencia, en vez de tratar de concentraros y<br \/>\nmeditar \u2013 lo que es in\u00fatil, no lo lograr\u00e9is, no hay<br \/>\ncondiciones favorables para ello \u2013 tratad de detener vuestro<br \/>\npensamiento. Dejad que vuestra alma se expanda en el espacio e<br \/>\nimaginad que va a unirse con el Alma universal y se fusiona con<br \/>\nella: a su regreso, os traer\u00e1 algunas im\u00e1genes de las regiones<br \/>\nque habr\u00e1 contemplado. Pero no os ilusion\u00e9is: la calidad de lo<br \/>\nque ver\u00e9is depender\u00e1 de vosotros, de la naturaleza y la calidad<br \/>\nde vuestros deseos, vuestros sentimientos y vuestros<br \/>\npensamientos. As\u00ed pues, si quer\u00e9is entrar verdaderamente en<br \/>\ncontacto con las realidades del mundo espiritual, comenzad<br \/>\npurificando vuestro mundo interior.&#8221;<\/p>\n<p>Omraam Mikha\u00ebl <strong>A\u00efvanhov<\/strong><\/p>\n<p>*\u00b4\u00a8)<br \/>\n\u00b8.\u2022\u00b4\u00b8.\u2022*\u00b4\u00a8) \u00b8.\u2022*\u00a8)<br \/>\n(\u00b8.\u2022\u00b4 Paz y Amor (\u00b8.\u2022`<\/p>\n","protected":false},"excerpt":{"rendered":"<p>Domingo 11 de Dicembre de 2011 UCDM &#8211; LECCI\u00d3N 345 \u2013 Hoy s\u00f3lo ofrezco milagros, pues quiero que retornen a mi. Padre, todo milagro es un reflejo de los regalos&hellip; <a href=\"https:\/\/www.vivesur.com\/wpblog\/domingo-11-de-dicembre-de-2011\/\" class=\"apace-readmore-link\">Read more<\/a><\/p>\n","protected":false},"author":1,"featured_media":0,"comment_status":"open","ping_status":"open","sticky":false,"template":"","format":"standard","meta":[],"categories":[1,8],"tags":[],"_links":{"self":[{"href":"https:\/\/www.vivesur.com\/wpblog\/wp-json\/wp\/v2\/posts\/3661"}],"collection":[{"href":"https:\/\/www.vivesur.com\/wpblog\/wp-json\/wp\/v2\/posts"}],"about":[{"href":"https:\/\/www.vivesur.com\/wpblog\/wp-json\/wp\/v2\/types\/post"}],"author":[{"embeddable":true,"href":"https:\/\/www.vivesur.com\/wpblog\/wp-json\/wp\/v2\/users\/1"}],"replies":[{"embeddable":true,"href":"https:\/\/www.vivesur.com\/wpblog\/wp-json\/wp\/v2\/comments?post=3661"}],"version-history":[{"count":0,"href":"https:\/\/www.vivesur.com\/wpblog\/wp-json\/wp\/v2\/posts\/3661\/revisions"}],"wp:attachment":[{"href":"https:\/\/www.vivesur.com\/wpblog\/wp-json\/wp\/v2\/media?parent=3661"}],"wp:term":[{"taxonomy":"category","embeddable":true,"href":"https:\/\/www.vivesur.com\/wpblog\/wp-json\/wp\/v2\/categories?post=3661"},{"taxonomy":"post_tag","embeddable":true,"href":"https:\/\/www.vivesur.com\/wpblog\/wp-json\/wp\/v2\/tags?post=3661"}],"curies":[{"name":"wp","href":"https:\/\/api.w.org\/{rel}","templated":true}]}}