{"id":3644,"date":"2011-12-07T10:12:47","date_gmt":"2011-12-07T09:12:47","guid":{"rendered":"http:\/\/vivesur.com\/wpblog\/?p=3644"},"modified":"2011-12-07T10:12:47","modified_gmt":"2011-12-07T09:12:47","slug":"miercoles-7-de-dicembre-de-2011","status":"publish","type":"post","link":"https:\/\/www.vivesur.com\/wpblog\/miercoles-7-de-dicembre-de-2011\/","title":{"rendered":"Mi\u00e9rcoles 7 de Dicembre de 2011"},"content":{"rendered":"<p>Mi\u00e9rcoles 7 de Dicembre de 2011<br \/>\n<span style=\"font-size: 12pt;\"><img loading=\"lazy\" src=\"http:\/\/vivesur.com\/wpblog\/wp-content\/uploads\/2011\/12\/wpid-71211-2011-12-7-10-12.jpg\" alt=\"wpid-71211-2011-12-7-10-12.jpg\" width=\"600\" height=\"600\" \/><\/span><br \/>\n<strong>Funciona<\/strong><\/p>\n<p>Adoptar una actitud positiva, \u00bfes realista? Despu\u00e9s de todo, ser positivo suena bien en teor\u00eda, pero en el mundo real son tantas las cosas que no funcionan y que no resultan como esperamos.<\/p>\n<p>S\u00ed, ser positivo es absolutamente realista. Porque adoptar una mirada positiva de verdad no se basa en lo que quiz\u00e1s pueda ocurrir, o no.<\/p>\n<p>Ser positivo depende absolutamente de lo que t\u00fa decidas crear. Ser positivo es una perspectiva desde la cual puedes decidir operar.<\/p>\n<p>Siendo as\u00ed, ser positivo no s\u00f3lo es realista, sino que adem\u00e1s es enormemente estimulante. No importa lo que pueda haber ocurrido o dejado de ocurrir, adoptar una actitud positiva es el camino m\u00e1s inteligente para poder progresar.<\/p>\n<p>Hay montones de excusas perfectamente razonables y v\u00e1lidas para ser negativo. Sin embargo, todas ellas quedan opacadas por tan s\u00f3lo una \u00fanica raz\u00f3n por la cual vale la pena ser positivo.<\/p>\n<p>Ser positivo siempre resulta realista porque sea cual fuere la situaci\u00f3n, adoptar una actitud positiva te ofrece las opciones m\u00e1s valiosas y poderosas. Mira a tu alrededor, y ver\u00e1s que la mejor raz\u00f3n para ser positivo es que realmente funciona.<\/p>\n<p>*\u00b4\u00a8)<br \/>\n\u00b8.\u2022\u00b4\u00b8.\u2022*\u00b4\u00a8) \u00b8.\u2022*\u00a8)<br \/>\n(\u00b8.\u2022\u00b4 Paz y Amor (\u00b8.\u2022`<\/p>\n<p>UCDM &#8211; LECCI\u00d3N 341 \u2013 Tan s\u00f3lo puedo atacar mi propia impecabilidad, que es lo \u00fanico que me mantiene a salvo.<\/p>\n<p>Padre, Tu Hijo es santo. Yo soy aquel a quien sonr\u00edes con un amor y con una ternura tan entra\u00f1able, profunda y serena que el universo te devuelve la sonrisa y comparte Tu Santidad.<\/p>\n<p>Cu\u00e1n puros y santos somos y cu\u00e1n a salvo nos encontramos nosotros que moramos en Tu Sonrisa, y en quienes has volcado todo Tu Amor; nosotros que vivimos unidos a Ti, en completa hermandad y Paternidad, y en inocencia tan perfecta que el Se\u00f1or de la Inocencia nos concibe como Su Hijo: un universo de Pensamiento que le brinda Su plenitud.<\/p>\n<p>No ataquemos, pues, nuestra impecabilidad, ya que en ella se encuentra la Palabra que Dios nos ha dado. Y en su ben\u00e9volo reflejo nos salvamos.<\/p>\n<p>*\u00b4\u00a8)<br \/>\n\u00b8.\u2022\u00b4\u00b8.\u2022*\u00b4\u00a8) \u00b8.\u2022*\u00a8)<br \/>\n(\u00b8.\u2022\u00b4 Paz y Amor (\u00b8.\u2022`<\/p>\n<p>N S 1. 24. 5. 23. Seli. Obsidiana. Mantra: HRAM. Ra\u00edz (mi\u00e9rcoles 7-12-2011)<\/p>\n<p><strong>ESTRELLA PLANETARIA AMARILLA \u2013 Kin 88. Portal de Activaci\u00f3n Gal\u00e1ctica.<br \/>\n<\/strong><br \/>\nESTRELLA: Acci\u00f3n: EMBELLECER. Poder: ELEGANCIA. Esencia: ARTE.<\/p>\n<p>PLANETARIA: Acci\u00f3n: PRODUCIR. Poder: PERFECCIONAR. Esencia: MANIFESTACI\u00d3N.<\/p>\n<p>La C\u00e1mara Planetaria, manifiesta el desaf\u00edo. La acci\u00f3n y el desaf\u00edo se encuentran.<\/p>\n<p>Y aqu\u00ed comenzamos la transformaci\u00f3n planetaria de la acci\u00f3n. Con la Estrella embelleciendo y otorgando arte en todo el entorno de manifestaci\u00f3n. En las Manos tenemos el Clan del Fuego Amarillo en la derecha, y el de la Verdad  Blanco, en la izquierda. Con el Fuego y la Verdad, el Arte de la vida es manifestado y perfeccionado. Todo lo que no sea nuestra verdad, lo pasamos por el fuego abrasador que todo lo quema. Forma parte este proceso de la Autogeneraci\u00f3n de energ\u00eda que propon\u00edamos al inicio de la onda de la Tormenta. \u00bfHay algo m\u00e1s bello que hacer la Autogeneraci\u00f3n con Arte? Los Artistas son los visionarios del nuevo tiempo, los que conectan la visi\u00f3n c\u00f3smica y nos traen sus revolucionarias obras de arte. LO QUE HOY Y EN ESTE TIEMPO DEBEMOS HACER ES: \u00a1\u00a1\u00a1VISIONAR LA TIERRA COMO UNA OBRA DE ARTE!!!! ESTE PROCESO AYUDAR\u00c1 MUCHO A MANIFESTAR LA NOOSFERA COMO LA MENTE PLANETARIA. SEAMOS SERES ATREVIDOS Y ENTREMOS CON CONSCIENCIA EN  LA CONEXI\u00d3N ESTELAR DEL ARTE GAL\u00c1CTICO. \u00a1IMAGINAD TODO LO QUE PODEMOS CREAR! \u00a1EL NUEVO TIEMPO, LA NUEVA ENERG\u00cdA, LOS NUEVOS SERES C\u00d3SMICOS\u2026!  \u00a1YO SOY UN SER GAL\u00c1CTICO! \u00bfT\u00da TAMBIEN TE CONSIDRAS OTRO? \u00a1SOMOS ARTISTAS C\u00d3SMICOS!!!!!!!!!!!!!!<\/p>\n<p>*\u00b4\u00a8)<br \/>\n\u00b8.\u2022\u00b4\u00b8.\u2022*\u00b4\u00a8) \u00b8.\u2022*\u00a8)<br \/>\n(\u00b8.\u2022\u00b4 Paz y Amor (\u00b8.\u2022`<\/p>\n<p>Pensamiento del mi\u00e9rcoles 7 de diciembre de 2011.<\/p>\n<p>&#8220;Tener demasiadas cosas de diferente naturaleza en la cabeza,<br \/>\nquerer alcanzar varios objetivos a la vez, debatirse en todas las<br \/>\ndirecciones, \u00e9ste es el mejor medio de perder nuestras fuerzas.<br \/>\nReflexionad bien sobre ello y decid\u00edos a concentraros en una<br \/>\n\u00fanica idea, un solo deseo: todas vuestras energ\u00edas estar\u00e1n<br \/>\nas\u00ed orientadas hacia este objetivo y desarrollar\u00e9is una fuerza<br \/>\nfant\u00e1stica.<br \/>\nCuando un pa\u00eds est\u00e1 en guerra, si debe enviar su ej\u00e9rcito en<br \/>\ntodas las direcciones, en todos los frentes, dispersa sus fuerzas<br \/>\ny \u00e9stas ya no son tan eficaces como lo ser\u00edan si estuvieran<br \/>\nconcentradas en el mismo lugar. \u00a1Es tan evidente y f\u00e1cil de<br \/>\ncomprender! Tomad una lupa y concentrad los rayos de sol en un<br \/>\npunto: pod\u00e9is incendiarlo todo. Pero si los rayos se dispersan,<br \/>\naunque sosteng\u00e1is la lupa durante varios a\u00f1os, no se producir\u00e1<br \/>\nnada. S\u00f3lo la concentraci\u00f3n, ya sea la del fuego, la de la luz,<br \/>\nla del pensamiento, la del sentimiento o la de la acci\u00f3n,<br \/>\naportan la verdadera fuerza.&#8221;<\/p>\n<p>Omraam Mikha\u00ebl <strong>A\u00efvanhov<\/strong><\/p>\n<p>*\u00b4\u00a8)<br \/>\n\u00b8.\u2022\u00b4\u00b8.\u2022*\u00b4\u00a8) \u00b8.\u2022*\u00a8)<br \/>\n(\u00b8.\u2022\u00b4 Paz y Amor (\u00b8.\u2022`<\/p>\n","protected":false},"excerpt":{"rendered":"<p>Mi\u00e9rcoles 7 de Dicembre de 2011 Funciona Adoptar una actitud positiva, \u00bfes realista? Despu\u00e9s de todo, ser positivo suena bien en teor\u00eda, pero en el mundo real son tantas las&hellip; <a href=\"https:\/\/www.vivesur.com\/wpblog\/miercoles-7-de-dicembre-de-2011\/\" class=\"apace-readmore-link\">Read more<\/a><\/p>\n","protected":false},"author":1,"featured_media":0,"comment_status":"open","ping_status":"open","sticky":false,"template":"","format":"standard","meta":[],"categories":[1,8],"tags":[],"_links":{"self":[{"href":"https:\/\/www.vivesur.com\/wpblog\/wp-json\/wp\/v2\/posts\/3644"}],"collection":[{"href":"https:\/\/www.vivesur.com\/wpblog\/wp-json\/wp\/v2\/posts"}],"about":[{"href":"https:\/\/www.vivesur.com\/wpblog\/wp-json\/wp\/v2\/types\/post"}],"author":[{"embeddable":true,"href":"https:\/\/www.vivesur.com\/wpblog\/wp-json\/wp\/v2\/users\/1"}],"replies":[{"embeddable":true,"href":"https:\/\/www.vivesur.com\/wpblog\/wp-json\/wp\/v2\/comments?post=3644"}],"version-history":[{"count":0,"href":"https:\/\/www.vivesur.com\/wpblog\/wp-json\/wp\/v2\/posts\/3644\/revisions"}],"wp:attachment":[{"href":"https:\/\/www.vivesur.com\/wpblog\/wp-json\/wp\/v2\/media?parent=3644"}],"wp:term":[{"taxonomy":"category","embeddable":true,"href":"https:\/\/www.vivesur.com\/wpblog\/wp-json\/wp\/v2\/categories?post=3644"},{"taxonomy":"post_tag","embeddable":true,"href":"https:\/\/www.vivesur.com\/wpblog\/wp-json\/wp\/v2\/tags?post=3644"}],"curies":[{"name":"wp","href":"https:\/\/api.w.org\/{rel}","templated":true}]}}