{"id":3559,"date":"2011-11-17T11:12:10","date_gmt":"2011-11-17T10:12:10","guid":{"rendered":"http:\/\/vivesur.com\/wpblog\/?p=3559"},"modified":"2011-11-17T11:12:10","modified_gmt":"2011-11-17T10:12:10","slug":"jueves-17-de-noviembre-de-2011","status":"publish","type":"post","link":"https:\/\/www.vivesur.com\/wpblog\/jueves-17-de-noviembre-de-2011\/","title":{"rendered":"Jueves 17 de Noviembre de 2011"},"content":{"rendered":"<p>Jueves 17 de Noviembre de 2011<br \/>\n<span style=\"font-size: 12pt;\"><img loading=\"lazy\" src=\"http:\/\/vivesur.com\/wpblog\/wp-content\/uploads\/2011\/11\/wpid-Imagen3-2011-11-17-11-12.png\" alt=\"wpid-Imagen3-2011-11-17-11-12.png\" width=\"722\" height=\"539\" \/><\/span><br \/>\n<strong>La magia de vivir<br \/>\n<\/strong><br \/>\nEste instante es magia pura. A pesar de que pueda parecer absolutamente com\u00fan y corriente y sin nada que lo diferencie este instante constituye, con total certeza, un milagro.<\/p>\n<p>Porque en \u00e9l yacen todas las posibilidades que puedas llegar a imaginar. Ahora mismo, en este mism\u00edsimo momento, puedes hacer algo que marcar\u00eda una diferencia en tu vida y de verdad, tienes en tus manos la posibilidad de cambiar el mundo.<\/p>\n<p>Aunque no est\u00e9s viendo vapores m\u00edsticos a tu alrededor, ni escuchando misteriosas voces, este instante es tan intensamente m\u00e1gico como puedas llegar a percibir. Porque la verdadera magia de vivir no se encuentra en visiones extra\u00f1as e inexplicables, sino en la hermosa esencia de tu ser.<\/p>\n<p>Est\u00e1s aqu\u00ed y est\u00e1s ahora. Puedes pensar y puedes sentir, puedes amar y comprender y puedes experimentar y puedes hacer.<\/p>\n<p>\u00bfQu\u00e9 otra cosa podr\u00eda resultar m\u00e1s m\u00e1gica que esto? En este instante cotidiano, com\u00fan y corriente, la profunda y exquisita magia de la vida es totalmente tuya.<\/p>\n<p>Elige sabiamente de entre la enorme variedad de posibilidades que se han abierto ante ti en este instante. Y vive la magia que est\u00e1 aqu\u00ed ahora mismo.<\/p>\n<p>*\u00b4\u00a8)<br \/>\n\u00b8.\u2022\u00b4\u00b8.\u2022*\u00b4\u00a8) \u00b8.\u2022*\u00a8)<br \/>\n(\u00b8.\u2022\u00b4 <strong>Paz y Amor<\/strong> (\u00b8.\u2022`<\/p>\n<p><strong>UCDM &#8211; LECCI\u00d3N 321 \u2013 Padre, mi libertad reside \u00fanicamente en Ti.<br \/>\n<\/strong><br \/>\nNo entend\u00eda lo que me pod\u00eda hacer libre, ni lo que era mi libertad o ad\u00f3nde ir a buscarla. Y as\u00ed, Padre, busqu\u00e9 en vano hasta que o\u00ed Tu Voz dirigi\u00e9ndome. Ahora ya no deseo seguir siendo mi propio gu\u00eda. Pues la manera de encontrar mi libertad no es algo que yo haya ideado o que comprenda. Pero conf\u00edo en Ti. y me mantendr\u00e9 consciente de Ti que me dotaste con mi libertad por ser Tu santo Hijo. Tu Voz me dirige, y veo que el camino que conduce hasta Ti por fin est\u00e1 libre y despejado. Padre, mi libertad reside \u00fanicamente en Ti. Padre, mi voluntad es regresar.<\/p>\n<p>Hoy respondemos por el mundo, el cual ser\u00e1 liberado junto con nosotros. \u00a1Qu\u00e9 alegr\u00eda encontrar nuestra libertad por el inequ\u00edvoco camino que nuestro Padre ha se\u00f1alado! \u00a1y cu\u00e1n segura es la salvaci\u00f3n de todo el mundo cuando nos damos cuenta de que s\u00f3lo en Dios podemos encontrar nuestra libertad!<\/p>\n<p>N S 1. 24. 5. 3. Gama. Cristal. Mantra: HRAHA. Tercer Ojo (jueves 17-11-2011)<\/p>\n<p>ESTRELLA EL\u00c9CTRICA AMARILLA \u2013 Kin 68<\/p>\n<p>ESTRELLA: Acci\u00f3n: EMBELLECER. Poder: ELEGANCIA. Esencia: ARTE.<\/p>\n<p>EL\u00c9CTRICA: Acci\u00f3n: VINCULAR. Poder: ACTIVAR.  Esencia: SERVICIO.<\/p>\n<p>La C\u00e1mara El\u00e9ctrica, identifica el servicio. \u00bfC\u00f3mo alcanzar la meta?<\/p>\n<p>Activa en ti el arte y la belleza que te proporciona la Estrella en este d\u00eda. Cuando nos comportamos y servimos desde el amor, el ego no puede asomar la cabeza, y si aparece enseguida reconocemos que no somos nosotros sino una parte de nuestra personalidad que quiere imponerse. SI ESTAMOS ATENTOS, PROVOCAREMOS UNI\u00d3N CON EL OTRO, ACTIVANDO LA ARMON\u00cdA QUE NOS UNE. \u00a1LOS ACTOS DAN CUENTA DE QUI\u00c9NES SOMOS! \u00a1RECUERDA: \u201cPOR SUS ACTOS LES RECONOCER\u00c9IS\u201d DIJO JES\u00daS! \u00a1EL OBJETIVO ES VIVIR LA ARMON\u00cdA Y EL AMOR Y MANIFESTAR EL EQUILIBRIO!<\/p>\n<p>*\u00b4\u00a8)<br \/>\n\u00b8.\u2022\u00b4\u00b8.\u2022*\u00b4\u00a8) \u00b8.\u2022*\u00a8)<br \/>\n(\u00b8.\u2022\u00b4 <strong>Paz y Amor<\/strong> (\u00b8.\u2022`<\/p>\n<p>Pensamiento del jueves 17 de noviembre de 2011.<\/p>\n<p>&#8220;Si nos centramos en las apariencias, podemos decir que los humanos<br \/>\n son sabios, razonables &#8211; \u00a1o casi!: aplican ciertas reglas, se esfuerzan<br \/>\n en respetar las leyes que gobiernan la sociedad porque saben que<br \/>\n si las quebrantan, tendr\u00e1n que relacionarse con la justicia. Pero<br \/>\n interiormente, con sus pensamientos y sus sentimientos que escapan<br \/>\n a los ojos del mundo exterior, \u00bfqu\u00e9 hacen? Hurtan, destruyen, masacran<br \/>\n, y despu\u00e9s no comprenden porque son desgraciados, d\u00e9biles y enfermos<br \/>\n.<br \/>\nSi quisieran detenerse un instante para analizarse con buena fe<br \/>\n, se ver\u00edan obligados a reconocer que en tal o cual momento toleraron<br \/>\n en ellos pensamientos y sentimientos muy negativos; ignoraban que<br \/>\n los pensamientos y los sentimientos tambi\u00e9n tienen consecuencias<br \/>\n, y \u00e9ste es el motivo por el que ahora se hallan en un estado lamentable<br \/>\n. Saben que para castigar palabras y actos reprobables, existen unos<br \/>\n tribunales. Pero para los malos pensamientos y los malos sentimientos<br \/>\n, ignoran que tambi\u00e9n hay unos tribunales y que estos tribunales<br \/>\nest\u00e1n en ellos. Nada de lo que vive el hombre interiormente permanece<br \/>\n sin efecto. Que alimente pensamientos y sentimientos generosos y<br \/>\n desinteresados, y ver\u00e1 tambi\u00e9n los resultados.&#8221;<\/p>\n<p>Omraam Mikha\u00ebl A\u00efvanhov<\/p>\n<p>*\u00b4\u00a8)<br \/>\n\u00b8.\u2022\u00b4\u00b8.\u2022*\u00b4\u00a8) \u00b8.\u2022*\u00a8)<br \/>\n(\u00b8.\u2022\u00b4 <strong>Paz y Amor<\/strong> (\u00b8.\u2022`<\/p>\n","protected":false},"excerpt":{"rendered":"<p>Jueves 17 de Noviembre de 2011 La magia de vivir Este instante es magia pura. A pesar de que pueda parecer absolutamente com\u00fan y corriente y sin nada que lo&hellip; <a href=\"https:\/\/www.vivesur.com\/wpblog\/jueves-17-de-noviembre-de-2011\/\" class=\"apace-readmore-link\">Read more<\/a><\/p>\n","protected":false},"author":1,"featured_media":0,"comment_status":"open","ping_status":"open","sticky":false,"template":"","format":"standard","meta":[],"categories":[1,8],"tags":[],"_links":{"self":[{"href":"https:\/\/www.vivesur.com\/wpblog\/wp-json\/wp\/v2\/posts\/3559"}],"collection":[{"href":"https:\/\/www.vivesur.com\/wpblog\/wp-json\/wp\/v2\/posts"}],"about":[{"href":"https:\/\/www.vivesur.com\/wpblog\/wp-json\/wp\/v2\/types\/post"}],"author":[{"embeddable":true,"href":"https:\/\/www.vivesur.com\/wpblog\/wp-json\/wp\/v2\/users\/1"}],"replies":[{"embeddable":true,"href":"https:\/\/www.vivesur.com\/wpblog\/wp-json\/wp\/v2\/comments?post=3559"}],"version-history":[{"count":0,"href":"https:\/\/www.vivesur.com\/wpblog\/wp-json\/wp\/v2\/posts\/3559\/revisions"}],"wp:attachment":[{"href":"https:\/\/www.vivesur.com\/wpblog\/wp-json\/wp\/v2\/media?parent=3559"}],"wp:term":[{"taxonomy":"category","embeddable":true,"href":"https:\/\/www.vivesur.com\/wpblog\/wp-json\/wp\/v2\/categories?post=3559"},{"taxonomy":"post_tag","embeddable":true,"href":"https:\/\/www.vivesur.com\/wpblog\/wp-json\/wp\/v2\/tags?post=3559"}],"curies":[{"name":"wp","href":"https:\/\/api.w.org\/{rel}","templated":true}]}}