{"id":2495,"date":"2011-10-14T14:25:10","date_gmt":"2011-10-14T12:25:10","guid":{"rendered":"http:\/\/vivesur.com\/wpblog\/?p=2495"},"modified":"2011-10-14T14:25:10","modified_gmt":"2011-10-14T12:25:10","slug":"amarse-mas-el-perdon","status":"publish","type":"post","link":"https:\/\/www.vivesur.com\/wpblog\/amarse-mas-el-perdon\/","title":{"rendered":"Amarse M\u00e1s&#8230;.El perd\u00f3n"},"content":{"rendered":"<p><span style=\"font-size: 12pt;\"><img loading=\"lazy\" src=\"http:\/\/vivesur.com\/wpblog\/wp-content\/uploads\/2011\/10\/wpid-DSC01358-2011-10-14-14-25.jpg\" alt=\"wpid-DSC01358-2011-10-14-14-25.jpg\" width=\"734\" height=\"550\" \/><\/span><\/p>\n<p>El perd\u00f3n no es aquel acto misericordioso con el otro de liberarlo de la culpa, como nosotros creemos. La ilusi\u00f3n nos hace buscar un culpable all\u00e1 afuera El perd\u00f3n aunque parezca una acci\u00f3n dirigida hacia el exterior, es una liberaci\u00f3n de las ataduras con nuestros recuerdos. Perdonando nos liberamos de las memorias de dolor y rompemos los cordones invisibles que nos atan a las situaciones, personas y cosas del pasado.<\/p>\n<p>\u201cBienaventurados los que se centran en S\u00ed mismos, porque ellos conocer\u00e1n a Dios\u201d. Puede que no sea un mal objetivo en tu vida conocer la parte m\u00e1s elevada de Ti mismo, y permanecer centrado en ella.<br \/>\nTu primera relaci\u00f3n, pues, debe ser contigo mismo. Debes aprender primero a honrarte, cuidarte y amarte a Ti mismo.<br \/>\nDebes verte primero a Ti mismo como estimable para poder ver al otro como tal. Debes verte primero a Ti mismo como bienaventurado para poder ver al otro como tal. Debes verte primero a Ti mismo como santo para poder reconocer la santidad en el otro.<br \/>\nNAMASTE!!!<\/p>\n","protected":false},"excerpt":{"rendered":"<p>El perd\u00f3n no es aquel acto misericordioso con el otro de liberarlo de la culpa, como nosotros creemos. La ilusi\u00f3n nos hace buscar un culpable all\u00e1 afuera El perd\u00f3n aunque&hellip; <a href=\"https:\/\/www.vivesur.com\/wpblog\/amarse-mas-el-perdon\/\" class=\"apace-readmore-link\">Read more<\/a><\/p>\n","protected":false},"author":1,"featured_media":0,"comment_status":"open","ping_status":"open","sticky":false,"template":"","format":"standard","meta":[],"categories":[1,8],"tags":[],"_links":{"self":[{"href":"https:\/\/www.vivesur.com\/wpblog\/wp-json\/wp\/v2\/posts\/2495"}],"collection":[{"href":"https:\/\/www.vivesur.com\/wpblog\/wp-json\/wp\/v2\/posts"}],"about":[{"href":"https:\/\/www.vivesur.com\/wpblog\/wp-json\/wp\/v2\/types\/post"}],"author":[{"embeddable":true,"href":"https:\/\/www.vivesur.com\/wpblog\/wp-json\/wp\/v2\/users\/1"}],"replies":[{"embeddable":true,"href":"https:\/\/www.vivesur.com\/wpblog\/wp-json\/wp\/v2\/comments?post=2495"}],"version-history":[{"count":0,"href":"https:\/\/www.vivesur.com\/wpblog\/wp-json\/wp\/v2\/posts\/2495\/revisions"}],"wp:attachment":[{"href":"https:\/\/www.vivesur.com\/wpblog\/wp-json\/wp\/v2\/media?parent=2495"}],"wp:term":[{"taxonomy":"category","embeddable":true,"href":"https:\/\/www.vivesur.com\/wpblog\/wp-json\/wp\/v2\/categories?post=2495"},{"taxonomy":"post_tag","embeddable":true,"href":"https:\/\/www.vivesur.com\/wpblog\/wp-json\/wp\/v2\/tags?post=2495"}],"curies":[{"name":"wp","href":"https:\/\/api.w.org\/{rel}","templated":true}]}}