{"id":2486,"date":"2011-10-12T10:36:47","date_gmt":"2011-10-12T08:36:47","guid":{"rendered":"http:\/\/vivesur.com\/wpblog\/?p=2486"},"modified":"2011-10-12T10:36:47","modified_gmt":"2011-10-12T08:36:47","slug":"miercoles-12-de-octubre-de-2011","status":"publish","type":"post","link":"https:\/\/www.vivesur.com\/wpblog\/miercoles-12-de-octubre-de-2011\/","title":{"rendered":"Mi\u00e9rcoles 12 de Octubre de 2011"},"content":{"rendered":"<p>Mi\u00e9rcoles 12 de Octubre de 2011<br \/>\n<span style=\"font-size: 12pt;\"><img loading=\"lazy\" src=\"http:\/\/vivesur.com\/wpblog\/wp-content\/uploads\/2011\/10\/wpid-121011-2011-10-12-10-36.jpg\" alt=\"wpid-121011-2011-10-12-10-36.jpg\" width=\"600\" height=\"500\" \/><\/span><br \/>\n<strong>En lo m\u00e1s profundo  <\/strong><\/p>\n<p>Hay cosas que puedes ver, cosas que puedes escuchar, cosas que puedes tocar, degustar y oler. Y m\u00e1s all\u00e1 de todo eso, hay cosas que puedes saber.<\/p>\n<p>Hay dentro de ti una sabidur\u00eda que no necesita ser validada por nada ni nadie externo a ti. Hay cosas que tu coraz\u00f3n sabe, y que no pueden ser discutidas.<\/p>\n<p>No te enredes tanto en cosas materiales y mundanas como para terminar ignorando esa milagrosa llamita que est\u00e1 siempre resplandeciendo en tu interior. Presta atenci\u00f3n a la indescifrable esencia que constituye tu vida.<\/p>\n<p>Tienes en tus manos cosas que, tarde o temprano, se van a oxidar y romper. En tu coraz\u00f3n puedes llevar cosas que durar\u00e1n eternamente.<\/p>\n<p>Comida, ropa y techo dan sustento a tu cuerpo y lo protegen. Aseg\u00farate de dar sustento y nutrir tu esp\u00edritu con la misma dedicaci\u00f3n.<\/p>\n<p>Bien profundo, dentro de la persona que todo el mundo ve, est\u00e1 la persona \u00fanica, real e indivisible que t\u00fa eres. Permite que tu ser interior juegue un rol activo, concreto y positivo en todo lo que hagas.<\/p>\n<p><strong>*\u00b4\u00a8)<br \/>\n\u00b8.\u2022\u00b4\u00b8.\u2022*\u00b4\u00a8) \u00b8.\u2022*\u00a8)<br \/>\n(\u00b8.\u2022\u00b4 Paz y Amor (\u00b8.\u2022`<br \/>\n<\/strong><br \/>\n<strong>UCDM . LECCI\u00d3N 285 \u2013 Hoy mi santidad brilla clara y radiante.<br \/>\n<\/strong><br \/>\nHoy me despierto lleno de j\u00fabilo, sabiendo que s\u00f3lo han de acontecerme cosas buenas procedentes de Dios. Eso es todo lo que pido, y s\u00e9 que mi ruego recibir\u00e1 respuesta debido a los pensamientos a los que va dirigido. Y en el instante en que acepte mi santidad, lo \u00fanico que pedir\u00e9 ser\u00e1n cosas dichosas. Pues, \u00bfqu\u00e9 utilidad tendr\u00eda el dolor para mi, para qu\u00e9 iba a querer el sufrimiento, y de qu\u00e9 me servir\u00edan el pesar y la p\u00e9rdida si la demencia se alejara hoy de mi y en su lugar aceptara mi santidad?<\/p>\n<p>Padre, mi santidad es la Tuya. Perm\u00edtaseme regocijarme en ella y recobrar la cordura mediante el perd\u00f3n. Tu Hijo sigue siendo tal como T\u00fa lo creaste. Mi santidad es parte de mi y tambi\u00e9n de Ti. pues, \u00bfqu\u00e9 podr\u00eda alterar a la Santidad Misma?<\/p>\n<p><strong>*\u00b4\u00a8)<br \/>\n\u00b8.\u2022\u00b4\u00b8.\u2022*\u00b4\u00a8) \u00b8.\u2022*\u00a8)<br \/>\n(\u00b8.\u2022\u00b4 Paz y Amor (\u00b8.\u2022`<br \/>\n<\/strong><br \/>\n<strong>N S 1. 24. 3. 23. Seli. Obsidiana. Mantra: HRAM. Ra\u00edz (mi\u00e9rcoles 12-10-2011)<\/p>\n<p>HUMANO RITMICO AMARILLO \u2013 Kin 32<\/strong><\/p>\n<p>&#8220;RECEPTIVA, SIN ANSIEDAD RECIBO LOS DONES DEL EQUILIBRIO Y DEL LIBRE ALBEDRIO&#8221;<\/p>\n<p>HUMANO: Acci\u00f3n: INFLUENCIAR. Poder: LIBRE VOLUNAD. Esencia: SABIDUR\u00cdA.<\/p>\n<p>R\u00cdTMICO: Acci\u00f3n: EQUILIBRAR. Poder: ORGANIZAR. Esencia: IGUALDAD.<\/p>\n<p>La C\u00e1mara R\u00edtmica, manda la igualdad. Administrar el desaf\u00edo.<\/p>\n<p>S\u00f3lo el Humano tiene la capacidad de vivir con la libre voluntad para alcanzar el conocimiento de los mundos superiores. Todos somos una unidad en conciencia, pero una diversidad de actos. Cuando el conocimiento es obtenido con la sabidur\u00eda, la combinaci\u00f3n es tan sumamente potente, que nada se puede escapar al entendimiento llev\u00e1ndonos al equilibrio. EL HUMANO CON SU SABIDUR\u00cdA INTERIOR CONECTA CON EL CONOCIMIENTO QUE SU SER EST\u00c1 DESEANDO ADQUIRIR, Y JUNTOS, DAN UN IMPLUSO A LA VIDA ESPIRITUAL. \u00a1TODO EST\u00c1 EN TI! \u00a1SI SABES ORGANIZARTE TODO SE DAR\u00c1 A LA PERFECCI\u00d3N!<\/p>\n<p>UN DIA HUMANO (EB):<\/p>\n<p>BUEN DIA PARA TOMAR UNA DECISI\u00d3N INDIVIDUAL. MAL DIA PARA HACER UNA JUNTA DE TRABAJO O PARA BUSCAR UN ACUERDO ENTRE MUCHAS PERSONAS.<\/p>\n<p>SI SUPIERA QUE EL MUNDO SE FUERA A ACABAR MA\u00d1ANA, AUN HOY PLANTAR\u00cdA UN \u00c1RBOL.<\/p>\n<p>Hay personas, maestros, que nos han ense\u00f1ado esa fe inquebrantable en la vida, ese amor a la vida misma. Son personas de una gran fortaleza interior. Nos dicen que no importa lo que sucede ma\u00f1ana, hoy, ahora, entr\u00e9gate cien por ciento a la vida, s\u00edguela amando, s\u00edguela expandiendo y honrando. No importa lo que suceda ma\u00f1ana, \u00e1brele los brazos a la vida, di tu verdad y haz lo que tengas que hacer hoy.<\/p>\n<p>\u00a1Habla! Este peque\u00f1o suficiente,<\/p>\n<p>Antes de que muera tu cuerpo y tu lengua.<\/p>\n<p>\u00a1Habla! Porque la verdad todav\u00eda esta viva<\/p>\n<p>\u00a1Habla! \u00a1Di lo que tenga que ser dicho!<\/p>\n<p><strong>*\u00b4\u00a8)<br \/>\n\u00b8.\u2022\u00b4\u00b8.\u2022*\u00b4\u00a8) \u00b8.\u2022*\u00a8)<br \/>\n(\u00b8.\u2022\u00b4 Paz y Amor (\u00b8.\u2022`<br \/>\n<\/strong><br \/>\nPensamiento del mi\u00e9rcoles 12 de Octubre de 2011.<\/p>\n<p>&#8220;Desde el punto de vista de la Ciencia inici\u00e1tica, el n\u00famero 2<br \/>\nrepresenta el 1 polarizado en positivo y negativo, masculino y<br \/>\nfemenino, activo y pasivo. En el momento que hay manifestaci\u00f3n,<br \/>\nhay una partici\u00f3n, una divisi\u00f3n. En el 1 no puede existir<br \/>\ncreaci\u00f3n porque no puede haber intercambios. Para manifestarse y<br \/>\ndarse a conocer, el 1 debe dividirse. La unidad es el privilegio<br \/>\nde Dios mismo, su dominio exclusivo. Para crear, Dios, el 1, tuvo<br \/>\nque convertirse en 2.<br \/>\nPara crear, Dios se proyect\u00f3 pues fuera de s\u00ed mismo<br \/>\npolariz\u00e1ndose, y el universo naci\u00f3 de la existencia de estos dos<br \/>\npolos. El polo positivo ejerce una atracci\u00f3n sobre el polo<br \/>\nnegativo y a la inversa. Es este mecanismo de acci\u00f3n y de<br \/>\nreacci\u00f3n el que pone en marcha y mantiene el movimiento de la<br \/>\nvida. El cese de este movimiento acarrear\u00eda el estancamiento y la<br \/>\nmuerte, el regreso al estado de indiferenciaci\u00f3n original. Las<br \/>\nprimeras l\u00edneas del libro del G\u00e9nesis revelan que la creaci\u00f3n se<br \/>\nrealiz\u00f3 mediante separaciones sucesivas. El primer d\u00eda de la<br \/>\ncreaci\u00f3n, Dios separ\u00f3 la luz de las tinieblas. El segundo d\u00eda,<br \/>\nsepar\u00f3 las aguas de arriba de las aguas de abajo. El tercer d\u00eda,<br \/>\nsepar\u00f3 las aguas de la tierra firme. El 1 es una entidad<br \/>\nencerrada en s\u00ed misma. Para salir, esta entidad debe convertirse<br \/>\nen 2.&#8221;<\/p>\n<p>Omraam Mikha\u00ebl <strong>A\u00efvanhov<\/strong><\/p>\n<p><strong>*\u00b4\u00a8)<br \/>\n\u00b8.\u2022\u00b4\u00b8.\u2022*\u00b4\u00a8) \u00b8.\u2022*\u00a8)<br \/>\n(\u00b8.\u2022\u00b4 Paz y Amor (\u00b8.\u2022`<br \/>\n<\/strong><\/p>\n","protected":false},"excerpt":{"rendered":"<p>Mi\u00e9rcoles 12 de Octubre de 2011 En lo m\u00e1s profundo Hay cosas que puedes ver, cosas que puedes escuchar, cosas que puedes tocar, degustar y oler. Y m\u00e1s all\u00e1 de&hellip; <a href=\"https:\/\/www.vivesur.com\/wpblog\/miercoles-12-de-octubre-de-2011\/\" class=\"apace-readmore-link\">Read more<\/a><\/p>\n","protected":false},"author":1,"featured_media":0,"comment_status":"open","ping_status":"open","sticky":false,"template":"","format":"standard","meta":[],"categories":[1,8],"tags":[],"_links":{"self":[{"href":"https:\/\/www.vivesur.com\/wpblog\/wp-json\/wp\/v2\/posts\/2486"}],"collection":[{"href":"https:\/\/www.vivesur.com\/wpblog\/wp-json\/wp\/v2\/posts"}],"about":[{"href":"https:\/\/www.vivesur.com\/wpblog\/wp-json\/wp\/v2\/types\/post"}],"author":[{"embeddable":true,"href":"https:\/\/www.vivesur.com\/wpblog\/wp-json\/wp\/v2\/users\/1"}],"replies":[{"embeddable":true,"href":"https:\/\/www.vivesur.com\/wpblog\/wp-json\/wp\/v2\/comments?post=2486"}],"version-history":[{"count":0,"href":"https:\/\/www.vivesur.com\/wpblog\/wp-json\/wp\/v2\/posts\/2486\/revisions"}],"wp:attachment":[{"href":"https:\/\/www.vivesur.com\/wpblog\/wp-json\/wp\/v2\/media?parent=2486"}],"wp:term":[{"taxonomy":"category","embeddable":true,"href":"https:\/\/www.vivesur.com\/wpblog\/wp-json\/wp\/v2\/categories?post=2486"},{"taxonomy":"post_tag","embeddable":true,"href":"https:\/\/www.vivesur.com\/wpblog\/wp-json\/wp\/v2\/tags?post=2486"}],"curies":[{"name":"wp","href":"https:\/\/api.w.org\/{rel}","templated":true}]}}