{"id":2428,"date":"2011-09-26T10:26:39","date_gmt":"2011-09-26T08:26:39","guid":{"rendered":"http:\/\/vivesur.com\/wpblog\/?p=2428"},"modified":"2011-09-26T10:26:39","modified_gmt":"2011-09-26T08:26:39","slug":"lunes-26-de-septiembre-de-2011","status":"publish","type":"post","link":"https:\/\/www.vivesur.com\/wpblog\/lunes-26-de-septiembre-de-2011\/","title":{"rendered":"Lunes 26 de Septiembre de 2011"},"content":{"rendered":"<p>Lunes 26 de Septiembre de 2011<br \/>\n<span style=\"font-size: 12pt;\"><img loading=\"lazy\" src=\"http:\/\/vivesur.com\/wpblog\/wp-content\/uploads\/2011\/09\/wpid-26911-2011-09-26-10-26.jpg\" alt=\"wpid-26911-2011-09-26-10-26.jpg\" width=\"610\" height=\"500\" \/><\/span><br \/>\nDestinado a lograrlo<\/p>\n<p>Decide triunfar. Y luego mu\u00e9vete como si no tuvieses alternativa.<\/p>\n<p>Desaf\u00edate con una meta ambiciosa. Y luego descubre c\u00f3mo hacer para ponerte a la altura de ese desaf\u00edo.<\/p>\n<p>Tu vida progresar\u00e1 cuando t\u00fa decidas que as\u00ed sea. Para alcanzar la realizaci\u00f3n hace falta por convertirse en participante activo y perseverante.<\/p>\n<p>El \u00e9xito y la concreci\u00f3n no son para quienes se sientan a esperar alguna certeza. El \u00e9xito y la concreci\u00f3n se alcanzan tomando un sue\u00f1o y convirti\u00e9ndolo en una certeza.<\/p>\n<p>Cuando est\u00e1s lanzado en una direcci\u00f3n, y todo se va sumando, mont\u00e1ndose en la misma l\u00ednea, no te queda otra alternativa que actuar. Descubre maneras creativas, plenas de sentido, para ponerte t\u00fa mismo en esa l\u00ednea.<\/p>\n<p>Est\u00e1s destinado a conseguir grandes cosas. Decide vivir ese destino a pleno.<\/p>\n<p>*\u00b4\u00a8)<br \/>\n\u00b8.\u2022\u00b4\u00b8.\u2022*\u00b4\u00a8) \u00b8.\u2022*\u00a8)<br \/>\n(\u00b8.\u2022\u00b4 Paz y Amor (\u00b8.\u2022`<\/p>\n<p><strong>LECCI\u00d3N 269 \u2013 Mi vista va en busca de la faz de Cristo.<br \/>\n<\/strong><br \/>\nTe pido que hoy bendigas mi vista. Mi vista es el medio que T\u00fa has elegido para mostrarme mis errores y para poder ver m\u00e1s all\u00e1 de ellos. Se me ha concedido poder tener una nueva percepci\u00f3n a trav\u00e9s del Gu\u00eda que T\u00fa me diste, y, mediante Sus lecciones, superar la percepci\u00f3n y regresar a la verdad. Pido la ilusi\u00f3n que transciende todas las que yo invent\u00e9. Hoy elijo ver un mundo perdonado en el que todo lo que veo me muestra la faz de Cristo y me ense\u00f1a que lo que contemplo es m\u00edo, y que nada existe, excepto Tu santo Hijo.<\/p>\n<p>Hoy nuestra vista es bendecida. Compartimos una sola visi\u00f3n cuando contemplamos la faz de Aquel Cuyo Ser es el nuestro. somos Uno por raz\u00f3n de Aquel que es el Hijo de Dios, Aquel que es nuestra Identidad.<\/p>\n<p>*\u00b4\u00a8)<br \/>\n\u00b8.\u2022\u00b4\u00b8.\u2022*\u00b4\u00a8) \u00b8.\u2022*\u00a8)<br \/>\n(\u00b8.\u2022\u00b4 Paz y Amor (\u00b8.\u2022`<\/p>\n<p>Pensamiento del lunes 26 de septiembre de 2011.<\/p>\n<p>&#8220;Busc\u00e1is a Dios? Pero Dios es infinitamente grande, y s\u00f3lo<br \/>\nlograr\u00e9is alcanzarle si empez\u00e1is ocup\u00e1ndoos de lo infinitamente<br \/>\npeque\u00f1o. \u00bfY qu\u00e9 es lo infinitamente peque\u00f1o? La c\u00e9lula. Vuestro<br \/>\ncuerpo est\u00e1 constituido de una multitud de c\u00e9lulas, y cada una de<br \/>\nellas es una entidad viva, una peque\u00f1a alma con su propia<br \/>\nindividualidad. Por esto, en vez de ir en busca de la inmensidad<br \/>\ndonde os extraviar\u00e9is, concentraos en este pueblo que os habita.<br \/>\nEntre todos los ejercicios que pod\u00e9is hacer, uno de los m\u00e1s<br \/>\nbeneficiosos consiste en concentraros cada d\u00eda en vuestras<br \/>\nc\u00e9lulas. Pensad c\u00f3mo purificarlas, fortalecerlas, iluminarlas, y<br \/>\nsentir\u00e9is que comenz\u00e1is a alcanzar la Divinidad que es ella misma<br \/>\npureza, fuerza y luz.&#8221;<\/p>\n<p>Omraam Mikha\u00ebl <strong>A\u00efvanhov<\/strong><\/p>\n<p>*\u00b4\u00a8)<br \/>\n\u00b8.\u2022\u00b4\u00b8.\u2022*\u00b4\u00a8) \u00b8.\u2022*\u00a8)<br \/>\n(\u00b8.\u2022\u00b4 Paz y Amor (\u00b8.\u2022`<\/p>\n<p>ORACULO MAYA DEL DIA<\/p>\n<p>Lunes 26-9-2011<\/p>\n<p>GUERRERO EL\u00c9CTRICO AMARILLO \u2013 Kin 16<\/p>\n<p>&#8220;LA ABUNDANCIA DE LA INTELIGENCIA DIRIGE NUESTRA VERDAD CON FE, ESPERANZA Y CLARIDAD&#8221;<\/p>\n<p>En este proceso de 13 d\u00edas, el Guerrero recuerda que tenemos que activar en nosotros esa cualidad inteligente de reflexionar y cuestionar aquello que no resuena. El servicio del Guerrero va encaminado a atreverse a mover todo lo necesario para unir a la humanidad bajo un mismo estandarte, el AMOR. CUANDO QUIERES ALGO TIENES QUE ATREVERTE A PEDIRLO, EL NO YA EXISTE ANTES DE ESE MOVIMIENTO, PERO ES MUY POSIBLE QUE LLEGUE EL S\u00cd Y NOS HAGA FELICES. \u00a1PERO PARA CONSEGUIRLO TIENES QUE ARIESGARTE! \u00a1LUCHA POR TUS ILUSIONES Y LOGRAR\u00c1S SATISFACCIONES DEL ESP\u00cdRITU! Ox Ix<\/p>\n<p>UN DIA GUERRERO (CIB):<\/p>\n<p>HACER CASO A NUESTRA INTELIGENCIA, ESTAR SEGUROS DE NOSOTROS MISMOS. ACTUAR COHERENTEMENTE Y COMO TODO UN CABALLERO O DAMA.<\/p>\n<p>EL VERDADERO DESCUBRIMIENTO NO CONSISTE EN BUSCAR NUEVOS PAISAJES, SINO EN TENER NUEVOS OJOS.<\/p>\n<p>Puedes ver una cosa una y mil veces y sin embargo, no la logras conocer, puedes relacionarte con una persona durante a\u00f1os y nunca llegar a saber quien es realmente, puedes viajar por el mundo entero y nunca lo conocer\u00e1s si tus ojos son viejos, si miran desde el pasado, si miran sin asombro, como si ya lo supiera todo. Los ni\u00f1os tienen ojos brillantes, una mirada muy bella porque miran todo como so lo vieran por primera vez, con esa expresi\u00f3n de asombro y perplejidad que solo se da cuando miramos desde el coraz\u00f3n, no desde la mente anal\u00edtica.<\/p>\n<p>Aprender a tener ojos nuevos es aprender a abrir tu coraz\u00f3n. Mira hoy a tu mundo con ojos inocentes, con ojos de ni\u00f1o.<\/p>\n<p>N S 1. 24. 3. 7. Silio. Oro  Mantra: HRAIM. Coraz\u00f3n (lunes 26-9-2011)<\/p>\n<p>GUERRERO EL\u00c9CTRICO AMARILLO \u2013 Kin 16<\/p>\n<p>GUERRERO: Acci\u00f3n: CUESTIONAR. Poder: INTELIGENCIA. Esencia: INTREPIDEZ.<\/p>\n<p>EL\u00c9CTRICO: Acci\u00f3n: VINCULAR. Poder: ACTIVAR. Esencia: SERVICIO.<\/p>\n<p>C\u00e1mara El\u00e9ctrica, identifica el Servicio. \u00bfC\u00f3mo alcanzo la meta?<\/p>\n<p>En este proceso de 13 d\u00edas, el Guerrero recuerda que tenemos que activar en nosotros esa cualidad inteligente de reflexionar y cuestionar aquello que no resuena. El servicio del Guerrero va encaminado a atreverse a mover todo lo necesario para unir a la humanidad bajo un mismo estandarte, el AMOR. CUANDO QUIERES ALGO TIENES QUE ATREVERTE A PEDIRLO, EL NO YA EXISTE ANTES DE ESE MOVIMIENTO, PERO ES MUY POSIBLE QUE LLEGUE EL S\u00cd Y NOS HAGA FELICES. \u00a1PERO PARA CONSEGUIRLO TIENES QUE ARIESGARTE! \u00a1LUCHA POR TUS ILUSIONES Y LOGRAR\u00c1S SATISFACCIONES DEL ESP\u00cdRITU!<\/p>\n","protected":false},"excerpt":{"rendered":"<p>Lunes 26 de Septiembre de 2011 Destinado a lograrlo Decide triunfar. Y luego mu\u00e9vete como si no tuvieses alternativa. Desaf\u00edate con una meta ambiciosa. Y luego descubre c\u00f3mo hacer para&hellip; <a href=\"https:\/\/www.vivesur.com\/wpblog\/lunes-26-de-septiembre-de-2011\/\" class=\"apace-readmore-link\">Read more<\/a><\/p>\n","protected":false},"author":1,"featured_media":0,"comment_status":"open","ping_status":"open","sticky":false,"template":"","format":"standard","meta":[],"categories":[1,8],"tags":[],"_links":{"self":[{"href":"https:\/\/www.vivesur.com\/wpblog\/wp-json\/wp\/v2\/posts\/2428"}],"collection":[{"href":"https:\/\/www.vivesur.com\/wpblog\/wp-json\/wp\/v2\/posts"}],"about":[{"href":"https:\/\/www.vivesur.com\/wpblog\/wp-json\/wp\/v2\/types\/post"}],"author":[{"embeddable":true,"href":"https:\/\/www.vivesur.com\/wpblog\/wp-json\/wp\/v2\/users\/1"}],"replies":[{"embeddable":true,"href":"https:\/\/www.vivesur.com\/wpblog\/wp-json\/wp\/v2\/comments?post=2428"}],"version-history":[{"count":0,"href":"https:\/\/www.vivesur.com\/wpblog\/wp-json\/wp\/v2\/posts\/2428\/revisions"}],"wp:attachment":[{"href":"https:\/\/www.vivesur.com\/wpblog\/wp-json\/wp\/v2\/media?parent=2428"}],"wp:term":[{"taxonomy":"category","embeddable":true,"href":"https:\/\/www.vivesur.com\/wpblog\/wp-json\/wp\/v2\/categories?post=2428"},{"taxonomy":"post_tag","embeddable":true,"href":"https:\/\/www.vivesur.com\/wpblog\/wp-json\/wp\/v2\/tags?post=2428"}],"curies":[{"name":"wp","href":"https:\/\/api.w.org\/{rel}","templated":true}]}}