{"id":2410,"date":"2011-09-24T08:58:12","date_gmt":"2011-09-24T06:58:12","guid":{"rendered":"http:\/\/vivesur.com\/wpblog\/?p=2410"},"modified":"2011-09-24T08:58:12","modified_gmt":"2011-09-24T06:58:12","slug":"sabado-24-de-septiembre-de-2011","status":"publish","type":"post","link":"https:\/\/www.vivesur.com\/wpblog\/sabado-24-de-septiembre-de-2011\/","title":{"rendered":"S\u00e1bado 24 de Septiembre de 2011"},"content":{"rendered":"<p>S\u00e1bado 24 de Septiembre de 2011<\/p>\n<p>Di que si<br \/>\n<span style=\"font-size: 12pt;\"><img loading=\"lazy\" src=\"http:\/\/vivesur.com\/wpblog\/wp-content\/uploads\/2011\/09\/wpid-24911-2011-09-24-08-58.jpg\" alt=\"wpid-24911-2011-09-24-08-58.jpg\" width=\"610\" height=\"500\" \/><\/span><br \/>\nDi que si a las cosas como son. Di que si y permite que tu energ\u00eda fluya en una direcci\u00f3n \u00fatil y positiva.<\/p>\n<p>Luchar contra lo que ya ha sucedido no tiene sentido. Acepta que las cosas son como son y tendr\u00e1s en tus manos la fuerza necesaria para decidir en qu\u00e9 se convertir\u00e1n.<\/p>\n<p>Di que si a este momento que est\u00e1 aqu\u00ed, ahora. Estate plenamente presente, y ser\u00e1s plenamente efectivo.<\/p>\n<p>\u00bfQuerr\u00edas ser m\u00e1s y mejor aceptado por quienes te rodean y estar m\u00e1s en contacto con las oportunidades que est\u00e1n all\u00ed, a tu alcance? Di que si, y as\u00ed ser\u00e1.<\/p>\n<p>Las desilusiones, las excusas y las limitaciones que te has auto impuesto no tienen por qu\u00e9 seguir paraliz\u00e1ndote. Di que si a tu m\u00e1s elevada visi\u00f3n, a esa visi\u00f3n plena de sentido respecto de lo que vida podr\u00eda llegar a ser.<\/p>\n<p>Di que si a todo lo que la vida pone en tu camino. Y en cada instante descubrir\u00e1s un valor enorme.<\/p>\n<p>*\u00b4\u00a8)<br \/>\n\u00b8.\u2022\u00b4\u00b8.\u2022*\u00b4\u00a8) \u00b8.\u2022*\u00a8)<br \/>\n(\u00b8.\u2022\u00b4 Paz y Amor (\u00b8.\u2022`<\/p>\n<p>LECCI\u00d3N 267 \u2013 Mi coraz\u00f3n late en la paz de Dios.<\/p>\n<p>Lo que me rodea es la vida que Dios cre\u00f3 en Su Amor. Me llama con cada latido y con cada aliento; con cada acci\u00f3n y con cada pensamiento. La paz llena mi coraz\u00f3n e inunda mi cuerpo con el prop\u00f3sito del perd\u00f3n. Ahora mi mente ha sanado, y se me concede todo lo que necesito para salvar al mundo. Cada latido de mi coraz\u00f3n me inunda de paz; cada aliento me infunde fuerza. Soy un mensajero de Dios, guiado por Su Voz, apoyado por Su amor y amparado eternamente en la quietud y en la paz de Sus Cada latido de mi coraz\u00f3n invoca Su Nombre, amorosos Brazos. y cada uno es contestado por Su Voz, que me asegura que en \u00c9l estoy en mi hogar.<\/p>\n<p>Que preste atenci\u00f3n s\u00f3lo a Tu Respuesta, no a la m\u00eda. Padre, mi coraz\u00f3n late en la paz que el Coraz\u00f3n del Amor cre\u00f3. Y es ah\u00ed y s\u00f3lo ah\u00ed donde estoy en mi hogar.<\/p>\n<p>*\u00b4\u00a8)<br \/>\n\u00b8.\u2022\u00b4\u00b8.\u2022*\u00b4\u00a8) \u00b8.\u2022*\u00a8)<br \/>\n(\u00b8.\u2022\u00b4 Paz y Amor (\u00b8.\u2022`<\/p>\n<p>Pensamiento del s\u00e1bado 24 de septiembre de 2011.<\/p>\n<p>&#8220;Cuando est\u00e1is seguros de trabajar por una causa justa y noble,<br \/>\nnada debe desviaros. Y sobre todo, no esper\u00e9is la aprobaci\u00f3n de<br \/>\nlos dem\u00e1s, porque no har\u00e9is gran cosa: un d\u00eda os aprueban, y<br \/>\nalg\u00fan tiempo despu\u00e9s, sin saber por qu\u00e9, os critican.<br \/>\nHay en la existencia unos per\u00edodos de \u00e9xitos en los que somos<br \/>\nreconocidos y apreciados, y luego llegan otros per\u00edodos donde<br \/>\nsomos ignorados. Aqu\u00e9l que no est\u00e1 habitado por la idea del amor,<br \/>\ndel trabajo desinteresado, corre el riesgo de caer en el des\u00e1nimo<br \/>\ny la amargura. Pero si conoce la ley, se dice: \u00abHice un trabajo<br \/>\nen el pasado y, al hacerlo, gan\u00e9 ciertas cualidades. Ahora que<br \/>\nlas condiciones son nuevas, debo ciertamente hacer otro trabajo<br \/>\npara desarrollar otras cualidades.\u00bb Es as\u00ed como sigue siendo<br \/>\ndue\u00f1o de la situaci\u00f3n.&#8221;<\/p>\n<p>Omraam Mikha\u00ebl A\u00efvanhov<\/p>\n<p>*\u00b4\u00a8)<br \/>\n\u00b8.\u2022\u00b4\u00b8.\u2022*\u00b4\u00a8) \u00b8.\u2022*\u00a8)<br \/>\n(\u00b8.\u2022\u00b4 Paz y Amor (\u00b8.\u2022`<\/p>\n<p>ONDA ENCANTADA DEL MAGO BLANCO-04<\/p>\n<p>PODER DE LA ATEMPORALIDAD<\/p>\n<p>(Desde el d\u00eda 24 de septiembre al 6 de octubre de 2011)<\/p>\n<p>N S 1. 24. 3. 5. Alfa. Turquesa. Mantra: HRAUM. Garganta (s\u00e1bado 24-9-2011)<\/p>\n<p>MAGO MAGN\u00c9TICO BLANCO \u2013 Kin 14<\/p>\n<p>MAGO: Acci\u00f3n: ENCANTAR. Poder: ATEMPORALIDAD. Esencia: RECEPTIVIDAD.<\/p>\n<p>MAGN\u00c9TICO: Acci\u00f3n: ATRAER. Poder: UNIFICAR. Esencia: PROP\u00d3SITO.<\/p>\n<p>P\u00f3rtico  Magn\u00e9tico, identifica el Prop\u00f3sito. \u00bfCu\u00e1l es mi meta?<\/p>\n<p>S\u00e1bado 24-9-2011<\/p>\n<p>MAGO MAGN\u00c9TICO BLANCO \u2013 Kin 14<\/p>\n<p>&#8220;COMIENZO EN EL AQUI Y EL AHORA LA MAGIA DEL CONOCIMIENTO Y DE LA CURACION&#8221;<\/p>\n<p>Faltan 454 d\u00edas para el cierre del ciclo 21-12-2012. Comienza el Vinal 4 ZOTZ \u201cBasado en el Conocimiento\u201d. Kin 14, Sello 14, tono 1, comienza otra Onda Encantada esta vez la del Mago Blanco y tenemos 13 d\u00edas de \u201cLa Humildad Refina la Meditaci\u00f3n\u201d.  Recordamos al principio el trabajo que propuse hacer en este Tzolkin, tan s\u00f3lo para los que decidieron seguirlo, aqu\u00ed nada es obligatorio, toda la onda encantada est\u00e1 llena de sugerencias referentes al a\u00f1o y d\u00eda de la luna, y al kin del d\u00eda. Se trata de  proponer reflexiones, preguntas  y sugerencias para que cada uno tire del hilo por donde le resuene, siempre encaminados a incrementar nuestra consciencia del aqu\u00ed y ahora. Bueno, sigamos, cada d\u00eda de este Tzolkin, es un recuerdo de todos los d\u00edas que anteriormente hemos vivido con la misma firma gal\u00e1ctica. Hacemos la petici\u00f3n por la noche de que al d\u00eda siguiente la vida nos proporcione a todos y al planeta esas situaciones para equilibrar la energ\u00eda con las vivencias del d\u00eda. Podemos vivirlo con m\u00e1s o menos consciencia, pues no se trata de \u201crebuscar en el pasado\u201d sino de \u201cvivir el presente continuo\u201d. Aprovechamos para tener varias visualizaciones diarias del \u201cPuente Arco Iris Circumpolar\u201d, y de c\u00f3mo esperamos que est\u00e9 la Tierra y sus habitantes  el nuevo \u201cS\u00faper Humano\u201d en el Nuevo Tiempo, la Noosfera.<\/p>\n<p>Y ya pasamos a ocuparnos del Mago, de los Magos de la Tierra quitando el encantamiento 12:60 (a\u00f1o de 12 meses y hora de 60 minutos) y poniendo el 13:20 (13 articulaciones mayores, donde est\u00e1n los tonos y 20 dedos de manos y pies, donde est\u00e1n los sellos). El Mago Blanco es el nuestro, el que s\u00f3lo utiliza sus poderes para el bien, para crear energ\u00eda positiva, para elevar la vibraci\u00f3n personal y la de su entorno, quien siempre es receptivo, con las antenas desplegadas, alerta para realizar su tarea de \u201cSer el Portador de la Sabidur\u00eda y el Conocedor de los Misterios\u201d, estas son las cualidades del Arquetipo del Mago de Tollan. A veces se nos olvida el gran poder que todos tenemos con  el pensamiento, la palabra y los actos. Si vamos camino de ser humanos \u201cTEL\u00c9PATAS\u201d nuestro prop\u00f3sito debe estar ba\u00f1ado por la pureza de estos pensamientos, palabras y actos, para que la comunicaci\u00f3n entre nosotros y con la naturaleza sea perfectamente planetaria, de igual a igual, ya que compartimos la misma Tierra y por lo tanto el mismo espacio. Y como todos somos Magos de la Tierra, en todos est\u00e1 la sabidur\u00eda de decidir qu\u00e9 hacer, qu\u00e9 sentir y como actuar para mantenernos siempre en la pureza del amor divino y en situaci\u00f3n de mente pura. El prop\u00f3sito de estos 13 d\u00edas nos va a recordar que un Mago es portador de la magia de hacer encantamientos, de cambiar una situaci\u00f3n por otra, de ser diferente cuando se lo propone, todo con la finalidad de llegar a ser uno con la divinidad. La conexi\u00f3n con los Seres de las Estrellas, los Maestros Ascendidos, las Jerarqu\u00edas de Sirio, la Madre Divina, etc., se alcanza cuando en estado de vibraci\u00f3n y recogimiento adecuado  conectamos con el NO TIEMPO y la receptividad se abre y recibimos los comunicados que desde esferas superiores de luz nos son enviadas por nuestros m\u00e9ritos personales.<\/p>\n<p>Ha llegado el momento de saber c\u00f3mo movemos las energ\u00edas. \u00bfSoy paciente o la impaciencia hace que no viva el aqu\u00ed y ahora con armon\u00eda? \u00bfCreo realmente que soy un Mago de la Tierra con todas sus cualidades? \u00bfReconozco cuando la magia que empleo no es del todo blanca pues meto la intencionalidad de que otros hagan por encima de todo mi \u00fanica voluntad? \u00bfReconozco que la palabra y el pensamiento crean? \u00bfQu\u00e9 ocurre cuando tengo un juicio sobre otra persona a la que le tengo man\u00eda o envidia? \u00bfReconozco las artima\u00f1as que uso para cambiar una situaci\u00f3n y ganar (\u00bfmanipulaci\u00f3n?)? \u00a1Es tan importante en estos momentos de la Historia de la Tierra vivir en la consciencia del \u201caqu\u00ed y ahora\u201d! La vida tiene mucho m\u00e1s sentido cuando todo lo que experimentamos nos damos cuenta de que est\u00e1 en un  \u00a1ETERNO PRESENTE! Para llegar a ser un \u201cEntero Planetario\u201d el Humano necesita saber que todos somos Uno y que en la unidad est\u00e1 la totalidad. Mientras todos no alcancemos la Iluminaci\u00f3n, tendremos que estar unificando las consciencias para que esto ocurra. ES EL MOMENTO DE VIVIR EL MAGO COMO EL ARQUETIPO GAL\u00c1CTICO DE CUARTA DIMENSI\u00d3N. VIVIMOS EN EL ETERNO PRESENTE, EL AYER ES HOY Y A LA VEZ ES MA\u00d1ANA.  HAGAMOS EN CADA CIRCUNSTANCIA LO CORRECTO, SIN DEJAR PARA OTRO MOMENTO LO IMPORTANTE, YA QUE ACABA DILUY\u00c9NDOSE Y EN EL OLVIDO. MIRA A TU ALREDEDOR Y OBSERVA LA PERFECCI\u00d3N DE TODO, Y RECUERDA QUE A\u00daN SIENDO PERFECTO, TODO ES MEJORABLE, Y SE PUEDE CAMBIAR SU ENCANTAMIENTO POR OTRO DE M\u00c1S ALTA VIBRACI\u00d3N. ENAMORATE DEL MAGO QUE HAY ENT\u00cd Y QUE CON SU VARITA M\u00c1GICA Y SU ESFUERZO PERSONAL PUEDE ALCANZAR METAS INSOSPECHADAS. \u00a1ERES UN MAGO BLANCO EN LA TIERRA! \u00a1RECONOCE TUS CUALIDADES Y SE ATEMPORAL! \u00a1PUEDES UTILIZAR LA BOLA DE CRISTAL PARA QUE TE HABLE DESDE SU INTERIOR, CADA MAGO TIENE UNA! \u00bfVES LA LUZ EN SU INTERIOR? \u00a1SIGUELA, ELLA TE GU\u00cdA!<br \/>\nUN DIA MAGO (IX):<\/p>\n<p>BUEN DIA PARA ESTAR EN EL AQU\u00cd Y EN EL AHORA, PARA TRABAJAR CON NUESTRO LADO ESPIRITUAL. APROVECHA PARA ACEPTAR EL DESORDEN Y ENCONTRAR EL ORDEN EN EL.<\/p>\n<p>LA REALIDAD DE LA OTRA PERSONA NO ESTA EN LO QUE TE REVELA SINO EN LO QUE NO TE PUEDE REVELAR, POR LO TANTO SI LA QUIERES ENTENDER, ESCUCHA NO A LO QUE TE DICE SINO A AQUELLO QUE NO TE DICE.<\/p>\n<p>Lo que decidimos es a veces mas fuerte de lo que no decimos, porque lo que no decimos muchas veces tiene que ver con nuestros miedos a decir abiertamente lo que pensamos, a mostrarnos tal cual somos, a arriesgarnos a que la otra persona se moleste, nos rechace y nos enjuicie.<\/p>\n<p>Pero tambi\u00e9n lo que no decimos puede representar un acto de amor si en los momentos de ira, cuando alguien nos hiere o nos insulta, logramos detener esos juicios, esas palabras de enojo o venganza, antes de que salgan de nuestra boca. Esas palabras no dichas pueden hacer la diferencia entre fomentar el odio o expandir el amor. Nuestro silencio por lo tanto dice mucho, nuestro silencio habla de nuestros miedos o de nuestro amor y compasi\u00f3n.<\/p>\n<p>*\u00b4\u00a8)<br \/>\n\u00b8.\u2022\u00b4\u00b8.\u2022*\u00b4\u00a8) \u00b8.\u2022*\u00a8)<br \/>\n(\u00b8.\u2022\u00b4 Paz y Amor (\u00b8.\u2022`<\/p>\n","protected":false},"excerpt":{"rendered":"<p>S\u00e1bado 24 de Septiembre de 2011 Di que si Di que si a las cosas como son. Di que si y permite que tu energ\u00eda fluya en una direcci\u00f3n \u00fatil&hellip; <a href=\"https:\/\/www.vivesur.com\/wpblog\/sabado-24-de-septiembre-de-2011\/\" class=\"apace-readmore-link\">Read more<\/a><\/p>\n","protected":false},"author":1,"featured_media":0,"comment_status":"open","ping_status":"open","sticky":false,"template":"","format":"standard","meta":[],"categories":[1,8],"tags":[],"_links":{"self":[{"href":"https:\/\/www.vivesur.com\/wpblog\/wp-json\/wp\/v2\/posts\/2410"}],"collection":[{"href":"https:\/\/www.vivesur.com\/wpblog\/wp-json\/wp\/v2\/posts"}],"about":[{"href":"https:\/\/www.vivesur.com\/wpblog\/wp-json\/wp\/v2\/types\/post"}],"author":[{"embeddable":true,"href":"https:\/\/www.vivesur.com\/wpblog\/wp-json\/wp\/v2\/users\/1"}],"replies":[{"embeddable":true,"href":"https:\/\/www.vivesur.com\/wpblog\/wp-json\/wp\/v2\/comments?post=2410"}],"version-history":[{"count":0,"href":"https:\/\/www.vivesur.com\/wpblog\/wp-json\/wp\/v2\/posts\/2410\/revisions"}],"wp:attachment":[{"href":"https:\/\/www.vivesur.com\/wpblog\/wp-json\/wp\/v2\/media?parent=2410"}],"wp:term":[{"taxonomy":"category","embeddable":true,"href":"https:\/\/www.vivesur.com\/wpblog\/wp-json\/wp\/v2\/categories?post=2410"},{"taxonomy":"post_tag","embeddable":true,"href":"https:\/\/www.vivesur.com\/wpblog\/wp-json\/wp\/v2\/tags?post=2410"}],"curies":[{"name":"wp","href":"https:\/\/api.w.org\/{rel}","templated":true}]}}